{"id":55734,"date":"2024-12-14T08:30:55","date_gmt":"2024-12-14T13:30:55","guid":{"rendered":"https:\/\/revistazetta.com\/?p=55734"},"modified":"2024-12-14T08:31:17","modified_gmt":"2024-12-14T13:31:17","slug":"uninunez-presento-su-informe-de-gestion-2023-avances-retos-y-proyecciones","status":"publish","type":"post","link":"https:\/\/revistazetta.com\/?p=55734","title":{"rendered":"Unin\u00fa\u00f1ez present\u00f3 su informe de gesti\u00f3n 2023: Avances, retos y proyecciones"},"content":{"rendered":"<p><strong>Cartagena de Indias D.T.C, 13 de diciembre de 2024.-<\/strong> La Corporaci\u00f3n Universitaria Rafael N\u00fa\u00f1ez present\u00f3 su informe de gesti\u00f3n correspondiente a la vigencia 2023, destacando un avance general del 85.6% en la ejecuci\u00f3n de su Plan de Desarrollo. Este logro refleja el compromiso y esfuerzo colectivo de toda la comunidad Nu\u00f1ista, consolidando a la instituci\u00f3n como un referente en calidad educativa y transformaci\u00f3n social.<\/p>\n<p><img loading=\"lazy\" decoding=\"async\" class=\"alignnone size-medium wp-image-55740\" src=\"https:\/\/revistazetta.com\/wp-content\/uploads\/2024\/12\/WhatsApp-Image-2024-12-13-at-18.40.49-500x333.jpeg\" alt=\"\" width=\"500\" height=\"333\" srcset=\"https:\/\/revistazetta.com\/wp-content\/uploads\/2024\/12\/WhatsApp-Image-2024-12-13-at-18.40.49-500x333.jpeg 500w, https:\/\/revistazetta.com\/wp-content\/uploads\/2024\/12\/WhatsApp-Image-2024-12-13-at-18.40.49-1024x682.jpeg 1024w, https:\/\/revistazetta.com\/wp-content\/uploads\/2024\/12\/WhatsApp-Image-2024-12-13-at-18.40.49-243x162.jpeg 243w, https:\/\/revistazetta.com\/wp-content\/uploads\/2024\/12\/WhatsApp-Image-2024-12-13-at-18.40.49-1536x1023.jpeg 1536w, https:\/\/revistazetta.com\/wp-content\/uploads\/2024\/12\/WhatsApp-Image-2024-12-13-at-18.40.49.jpeg 1600w\" sizes=\"auto, (max-width: 500px) 100vw, 500px\" \/><\/p>\n<p>Durante el evento, que cont\u00f3 con la presencia de directivos y fue transmitido en l\u00ednea para toda la comunidad, se reconocieron los sobresalientes resultados de \u00e1reas clave como la Biblioteca, Planeaci\u00f3n Educativa, Relaciones Nacionales e Internacionales y la Vicerrector\u00eda Acad\u00e9mica, todas con una ejecuci\u00f3n plena del 100%. Adem\u00e1s, programas acad\u00e9micos como Enfermer\u00eda Barranquilla, Est\u00e9tica y Cosmetolog\u00eda, Instrumentaci\u00f3n Quir\u00fargica y Licenciatura en Educaci\u00f3n Infantil superaron el 93% de cumplimiento, reafirmando el compromiso institucional con la excelencia acad\u00e9mica.<\/p>\n<p><img loading=\"lazy\" decoding=\"async\" class=\"alignnone size-medium wp-image-55742\" src=\"https:\/\/revistazetta.com\/wp-content\/uploads\/2024\/12\/WhatsApp-Image-2024-12-13-at-18.40.50-2-500x333.jpeg\" alt=\"\" width=\"500\" height=\"333\" srcset=\"https:\/\/revistazetta.com\/wp-content\/uploads\/2024\/12\/WhatsApp-Image-2024-12-13-at-18.40.50-2-500x333.jpeg 500w, https:\/\/revistazetta.com\/wp-content\/uploads\/2024\/12\/WhatsApp-Image-2024-12-13-at-18.40.50-2-1024x682.jpeg 1024w, https:\/\/revistazetta.com\/wp-content\/uploads\/2024\/12\/WhatsApp-Image-2024-12-13-at-18.40.50-2-243x162.jpeg 243w, https:\/\/revistazetta.com\/wp-content\/uploads\/2024\/12\/WhatsApp-Image-2024-12-13-at-18.40.50-2-1536x1023.jpeg 1536w, https:\/\/revistazetta.com\/wp-content\/uploads\/2024\/12\/WhatsApp-Image-2024-12-13-at-18.40.50-2.jpeg 1600w\" sizes=\"auto, (max-width: 500px) 100vw, 500px\" \/><\/p>\n<p>\u00abEl 2023 fue un a\u00f1o de grandes aprendizajes y avances significativos, pero tambi\u00e9n de retos que nos impulsan a ser mejores cada d\u00eda\u00bb, expres\u00f3 Miguel \u00c1ngel Henr\u00edquez L\u00f3pez, rector general de la instituci\u00f3n. Durante el evento, se reflexion\u00f3 sobre la importancia de alinear los esfuerzos con las reformas del Ministerio de Educaci\u00f3n Nacional, priorizando competencias digitales, pensamiento cr\u00edtico y educaci\u00f3n inclusiva, elementos esenciales para una educaci\u00f3n pertinente en el contexto actual.<\/p>\n<p><img loading=\"lazy\" decoding=\"async\" class=\"alignnone size-medium wp-image-55735\" src=\"https:\/\/revistazetta.com\/wp-content\/uploads\/2024\/12\/WhatsApp-Image-2024-12-13-at-18.40.48-500x333.jpeg\" alt=\"\" width=\"500\" height=\"333\" srcset=\"https:\/\/revistazetta.com\/wp-content\/uploads\/2024\/12\/WhatsApp-Image-2024-12-13-at-18.40.48-500x333.jpeg 500w, https:\/\/revistazetta.com\/wp-content\/uploads\/2024\/12\/WhatsApp-Image-2024-12-13-at-18.40.48-1024x682.jpeg 1024w, https:\/\/revistazetta.com\/wp-content\/uploads\/2024\/12\/WhatsApp-Image-2024-12-13-at-18.40.48-243x162.jpeg 243w, https:\/\/revistazetta.com\/wp-content\/uploads\/2024\/12\/WhatsApp-Image-2024-12-13-at-18.40.48-1536x1023.jpeg 1536w, https:\/\/revistazetta.com\/wp-content\/uploads\/2024\/12\/WhatsApp-Image-2024-12-13-at-18.40.48.jpeg 1600w\" sizes=\"auto, (max-width: 500px) 100vw, 500px\" \/><\/p>\n<p>El cierre de la jornada estuvo marcado por un mensaje de gratitud y optimismo hacia el futuro: \u201cNuestro compromiso es seguir trabajando con pasi\u00f3n y renovando nuestra misi\u00f3n, para que nuestra instituci\u00f3n contin\u00fae siendo un agente de cambio en la regi\u00f3n y en el pa\u00eds. Este es solo el comienzo de nuevos sue\u00f1os y metas compartidas\u201d, expres\u00f3 Bibiana Henr\u00edquez, secretaria general de esta prestigiosa instituci\u00f3n.<\/p>\n<p><img loading=\"lazy\" decoding=\"async\" class=\"alignnone size-medium wp-image-55736\" src=\"https:\/\/revistazetta.com\/wp-content\/uploads\/2024\/12\/WhatsApp-Image-2024-12-13-at-18.40.49-1-500x333.jpeg\" alt=\"\" width=\"500\" height=\"333\" srcset=\"https:\/\/revistazetta.com\/wp-content\/uploads\/2024\/12\/WhatsApp-Image-2024-12-13-at-18.40.49-1-500x333.jpeg 500w, https:\/\/revistazetta.com\/wp-content\/uploads\/2024\/12\/WhatsApp-Image-2024-12-13-at-18.40.49-1-1024x682.jpeg 1024w, https:\/\/revistazetta.com\/wp-content\/uploads\/2024\/12\/WhatsApp-Image-2024-12-13-at-18.40.49-1-243x162.jpeg 243w, https:\/\/revistazetta.com\/wp-content\/uploads\/2024\/12\/WhatsApp-Image-2024-12-13-at-18.40.49-1-1536x1023.jpeg 1536w, https:\/\/revistazetta.com\/wp-content\/uploads\/2024\/12\/WhatsApp-Image-2024-12-13-at-18.40.49-1.jpeg 1600w\" sizes=\"auto, (max-width: 500px) 100vw, 500px\" \/><\/p>\n<p>Unin\u00fa\u00f1ez reafirma su prop\u00f3sito de seguir fortaleciendo alianzas, promoviendo el desarrollo humano sostenible y liderando procesos educativos transformadores que impacten positivamente a la sociedad.<br \/>\nPara conocer m\u00e1s detalles del Informe de Gesti\u00f3n 2023, la comunidad est\u00e1 invitada a ingresar a la p\u00e1gina institucional <a href=\"http:\/\/www.uninunez.edu.co\" target=\"_blank\" rel=\"noopener\">http:\/\/www.uninunez.edu.co<\/a>\u00a0en la secci\u00f3n de Buen Gobierno y a compartir sus comentarios.<\/p>\n<p><img loading=\"lazy\" decoding=\"async\" class=\"alignnone size-medium wp-image-55739\" src=\"https:\/\/revistazetta.com\/wp-content\/uploads\/2024\/12\/WhatsApp-Image-2024-12-13-at-18.40.49-4-500x333.jpeg\" alt=\"\" width=\"500\" height=\"333\" srcset=\"https:\/\/revistazetta.com\/wp-content\/uploads\/2024\/12\/WhatsApp-Image-2024-12-13-at-18.40.49-4-500x333.jpeg 500w, https:\/\/revistazetta.com\/wp-content\/uploads\/2024\/12\/WhatsApp-Image-2024-12-13-at-18.40.49-4-1024x682.jpeg 1024w, https:\/\/revistazetta.com\/wp-content\/uploads\/2024\/12\/WhatsApp-Image-2024-12-13-at-18.40.49-4-243x162.jpeg 243w, https:\/\/revistazetta.com\/wp-content\/uploads\/2024\/12\/WhatsApp-Image-2024-12-13-at-18.40.49-4-1536x1023.jpeg 1536w, https:\/\/revistazetta.com\/wp-content\/uploads\/2024\/12\/WhatsApp-Image-2024-12-13-at-18.40.49-4.jpeg 1600w\" sizes=\"auto, (max-width: 500px) 100vw, 500px\" \/> \u00a0<img loading=\"lazy\" decoding=\"async\" class=\"alignnone size-medium wp-image-55741\" src=\"https:\/\/revistazetta.com\/wp-content\/uploads\/2024\/12\/WhatsApp-Image-2024-12-13-at-18.40.50-1-500x333.jpeg\" alt=\"\" width=\"500\" height=\"333\" srcset=\"https:\/\/revistazetta.com\/wp-content\/uploads\/2024\/12\/WhatsApp-Image-2024-12-13-at-18.40.50-1-500x333.jpeg 500w, https:\/\/revistazetta.com\/wp-content\/uploads\/2024\/12\/WhatsApp-Image-2024-12-13-at-18.40.50-1-1024x682.jpeg 1024w, https:\/\/revistazetta.com\/wp-content\/uploads\/2024\/12\/WhatsApp-Image-2024-12-13-at-18.40.50-1-243x162.jpeg 243w, https:\/\/revistazetta.com\/wp-content\/uploads\/2024\/12\/WhatsApp-Image-2024-12-13-at-18.40.50-1-1536x1023.jpeg 1536w, https:\/\/revistazetta.com\/wp-content\/uploads\/2024\/12\/WhatsApp-Image-2024-12-13-at-18.40.50-1.jpeg 1600w\" sizes=\"auto, (max-width: 500px) 100vw, 500px\" \/> \u00a0<img loading=\"lazy\" decoding=\"async\" class=\"alignnone size-medium wp-image-55743\" src=\"https:\/\/revistazetta.com\/wp-content\/uploads\/2024\/12\/WhatsApp-Image-2024-12-13-at-18.40.50-3-500x333.jpeg\" alt=\"\" width=\"500\" height=\"333\" srcset=\"https:\/\/revistazetta.com\/wp-content\/uploads\/2024\/12\/WhatsApp-Image-2024-12-13-at-18.40.50-3-500x333.jpeg 500w, https:\/\/revistazetta.com\/wp-content\/uploads\/2024\/12\/WhatsApp-Image-2024-12-13-at-18.40.50-3-1024x682.jpeg 1024w, https:\/\/revistazetta.com\/wp-content\/uploads\/2024\/12\/WhatsApp-Image-2024-12-13-at-18.40.50-3-243x162.jpeg 243w, https:\/\/revistazetta.com\/wp-content\/uploads\/2024\/12\/WhatsApp-Image-2024-12-13-at-18.40.50-3.jpeg 1280w\" sizes=\"auto, (max-width: 500px) 100vw, 500px\" \/> <img loading=\"lazy\" decoding=\"async\" class=\"alignnone size-medium wp-image-55744\" src=\"https:\/\/revistazetta.com\/wp-content\/uploads\/2024\/12\/WhatsApp-Image-2024-12-13-at-18.40.50-500x333.jpeg\" alt=\"\" width=\"500\" height=\"333\" srcset=\"https:\/\/revistazetta.com\/wp-content\/uploads\/2024\/12\/WhatsApp-Image-2024-12-13-at-18.40.50-500x333.jpeg 500w, https:\/\/revistazetta.com\/wp-content\/uploads\/2024\/12\/WhatsApp-Image-2024-12-13-at-18.40.50-1024x682.jpeg 1024w, https:\/\/revistazetta.com\/wp-content\/uploads\/2024\/12\/WhatsApp-Image-2024-12-13-at-18.40.50-243x162.jpeg 243w, https:\/\/revistazetta.com\/wp-content\/uploads\/2024\/12\/WhatsApp-Image-2024-12-13-at-18.40.50-1536x1023.jpeg 1536w, https:\/\/revistazetta.com\/wp-content\/uploads\/2024\/12\/WhatsApp-Image-2024-12-13-at-18.40.50.jpeg 1600w\" sizes=\"auto, (max-width: 500px) 100vw, 500px\" \/><\/p>\n<p>&nbsp;<\/p>\n","protected":false},"excerpt":{"rendered":"<p>Cartagena de Indias D.T.C, 13 de diciembre de 2024.- La Corporaci\u00f3n Universitaria Rafael N\u00fa\u00f1ez present\u00f3 su informe de gesti\u00f3n correspondiente a la vigencia 2023, destacando un avance general del 85.6% en la ejecuci\u00f3n de su Plan de Desarrollo. Este logro refleja el compromiso y esfuerzo colectivo de toda la comunidad Nu\u00f1ista, consolidando a la instituci\u00f3n como un referente en calidad educativa y transformaci\u00f3n social. Durante el evento, que cont\u00f3 con la presencia de directivos y fue transmitido en l\u00ednea para toda la comunidad, se reconocieron los sobresalientes resultados de \u00e1reas&#8230; <\/p>\n","protected":false},"author":3,"featured_media":0,"comment_status":"closed","ping_status":"closed","sticky":false,"template":"","format":"standard","meta":{"footnotes":"","_links_to":"","_links_to_target":""},"categories":[3,1450,51],"tags":[292,285,1907,293],"class_list":["post-55734","post","type-post","status-publish","format-standard","hentry","category-ciudad","category-parasladers","category-universidad","tag-ciudad","tag-destacada","tag-uninunez","tag-universidad"],"_links":{"self":[{"href":"https:\/\/revistazetta.com\/index.php?rest_route=\/wp\/v2\/posts\/55734","targetHints":{"allow":["GET"]}}],"collection":[{"href":"https:\/\/revistazetta.com\/index.php?rest_route=\/wp\/v2\/posts"}],"about":[{"href":"https:\/\/revistazetta.com\/index.php?rest_route=\/wp\/v2\/types\/post"}],"author":[{"embeddable":true,"href":"https:\/\/revistazetta.com\/index.php?rest_route=\/wp\/v2\/users\/3"}],"replies":[{"embeddable":true,"href":"https:\/\/revistazetta.com\/index.php?rest_route=%2Fwp%2Fv2%2Fcomments&post=55734"}],"version-history":[{"count":0,"href":"https:\/\/revistazetta.com\/index.php?rest_route=\/wp\/v2\/posts\/55734\/revisions"}],"wp:attachment":[{"href":"https:\/\/revistazetta.com\/index.php?rest_route=%2Fwp%2Fv2%2Fmedia&parent=55734"}],"wp:term":[{"taxonomy":"category","embeddable":true,"href":"https:\/\/revistazetta.com\/index.php?rest_route=%2Fwp%2Fv2%2Fcategories&post=55734"},{"taxonomy":"post_tag","embeddable":true,"href":"https:\/\/revistazetta.com\/index.php?rest_route=%2Fwp%2Fv2%2Ftags&post=55734"}],"curies":[{"name":"wp","href":"https:\/\/api.w.org\/{rel}","templated":true}]}}