{"id":55754,"date":"2024-12-16T08:17:27","date_gmt":"2024-12-16T13:17:27","guid":{"rendered":"https:\/\/revistazetta.com\/?p=55754"},"modified":"2024-12-16T08:17:27","modified_gmt":"2024-12-16T13:17:27","slug":"impulso-al-turismo-mompox-estrena-segunda-parte-de-su-malecon","status":"publish","type":"post","link":"https:\/\/revistazetta.com\/?p=55754","title":{"rendered":"Impulso al turismo: Mompox estrena segunda parte de su malec\u00f3n"},"content":{"rendered":"<p style=\"padding-left: 40px;\"><em><span style=\"color: #0000ff;\">El gobernador Yamil Arana hab\u00eda pedido agilizar la entrega de la extensi\u00f3n de La Albarrada, a cargo de Fontur, para que turistas y locales pudieran disfrutarla en temporada de fin de a\u00f1o.<\/span><\/em><\/p>\n<p><strong>Mompox, 16 de diciembre de 2024.-<\/strong> Mompox sigue consolid\u00e1ndose como destino de inversiones y eje tur\u00edstico de Colombja. La \u2018Tierra de Dios\u2019 cuenta ahora con una nueva obra de infraestructura que se convierte en un impulso a la actividad tur\u00edstica: la extensi\u00f3n de La Albarrada.<\/p>\n<p>La obra contempla un jarill\u00f3n de 560 metros lineales para evitar inundaciones y gener\u00f3 alrededor de 720 empleos directos y 920 indirectos durante su construcci\u00f3n.<\/p>\n<p>\u201cLe agradecemos a Fontur por haber entregado este a\u00f1o una obra que se esper\u00f3 por tanto tiempo, y que ya est\u00e1 beneficiando a los habitantes de Mompox y a los turistas que vienen a conocer y a enamorarse de este pueblo patrimonio\u201d, expres\u00f3 el gobernador de Bol\u00edvar, Yamil Arana.<\/p>\n<p>Este nuevo espacio p\u00fablico est\u00e1 pensado para la recreaci\u00f3n, el deporte, el arte y la cultura, y ya puede ser disfrutado por los 48.000 habitantes de esta zona del coraz\u00f3n de Bol\u00edvar.<\/p>\n<p>Mompox realiz\u00f3 el pasado mes de septiembre el Festival de Jazz m\u00e1s concurrido y exitoso de su historia, con m\u00e1s de 40.000 asistentes durante los tres d\u00edas, ratific\u00e1ndose como uno de los eventos culturales m\u00e1s importantes de Colombia.<\/p>\n<p>Adem\u00e1s; dentro del apoyo y promoci\u00f3n tur\u00edstica que impulsa el gobernador Yamil Arana, Satena abri\u00f3 dos rutas a\u00e9reas hacia Mompox desde Cartagena y Medell\u00edn.<\/p>\n","protected":false},"excerpt":{"rendered":"<p>El gobernador Yamil Arana hab\u00eda pedido agilizar la entrega de la extensi\u00f3n de La Albarrada, a cargo de Fontur, para que turistas y locales pudieran disfrutarla en temporada de fin de a\u00f1o. Mompox, 16 de diciembre de 2024.- Mompox sigue consolid\u00e1ndose como destino de inversiones y eje tur\u00edstico de Colombja. La \u2018Tierra de Dios\u2019 cuenta ahora con una nueva obra de infraestructura que se convierte en un impulso a la actividad tur\u00edstica: la extensi\u00f3n de La Albarrada. La obra contempla un jarill\u00f3n de 560 metros lineales para evitar inundaciones y&#8230; <\/p>\n","protected":false},"author":3,"featured_media":55755,"comment_status":"closed","ping_status":"closed","sticky":false,"template":"","format":"standard","meta":{"footnotes":"","_links_to":"","_links_to_target":""},"categories":[1450,6],"tags":[285,218,302],"class_list":["post-55754","post","type-post","status-publish","format-standard","has-post-thumbnail","hentry","category-parasladers","category-turismo","tag-destacada","tag-mompox","tag-turismo"],"_links":{"self":[{"href":"https:\/\/revistazetta.com\/index.php?rest_route=\/wp\/v2\/posts\/55754","targetHints":{"allow":["GET"]}}],"collection":[{"href":"https:\/\/revistazetta.com\/index.php?rest_route=\/wp\/v2\/posts"}],"about":[{"href":"https:\/\/revistazetta.com\/index.php?rest_route=\/wp\/v2\/types\/post"}],"author":[{"embeddable":true,"href":"https:\/\/revistazetta.com\/index.php?rest_route=\/wp\/v2\/users\/3"}],"replies":[{"embeddable":true,"href":"https:\/\/revistazetta.com\/index.php?rest_route=%2Fwp%2Fv2%2Fcomments&post=55754"}],"version-history":[{"count":0,"href":"https:\/\/revistazetta.com\/index.php?rest_route=\/wp\/v2\/posts\/55754\/revisions"}],"wp:featuredmedia":[{"embeddable":true,"href":"https:\/\/revistazetta.com\/index.php?rest_route=\/wp\/v2\/media\/55755"}],"wp:attachment":[{"href":"https:\/\/revistazetta.com\/index.php?rest_route=%2Fwp%2Fv2%2Fmedia&parent=55754"}],"wp:term":[{"taxonomy":"category","embeddable":true,"href":"https:\/\/revistazetta.com\/index.php?rest_route=%2Fwp%2Fv2%2Fcategories&post=55754"},{"taxonomy":"post_tag","embeddable":true,"href":"https:\/\/revistazetta.com\/index.php?rest_route=%2Fwp%2Fv2%2Ftags&post=55754"}],"curies":[{"name":"wp","href":"https:\/\/api.w.org\/{rel}","templated":true}]}}