{"id":55760,"date":"2024-12-16T08:46:28","date_gmt":"2024-12-16T13:46:28","guid":{"rendered":"https:\/\/revistazetta.com\/?p=55760"},"modified":"2024-12-16T08:46:28","modified_gmt":"2024-12-16T13:46:28","slug":"recuerda-transcaribe-operara-hasta-medianoche-por-cartagena-despierta","status":"publish","type":"post","link":"https:\/\/revistazetta.com\/?p=55760","title":{"rendered":"Recuerda: Transcaribe operar\u00e1 hasta medianoche por \u00abCartagena Despierta\u00bb"},"content":{"rendered":"<p>Este lunes 16 y martes 17 de diciembre se extiende el horario de la mayor\u00eda de las rutas del sistema.<\/p>\n<p><strong>Cartagena de Indias, 16 de diciembre de 2024.-<\/strong> Para que los cartageneros y visitantes puedan disfrutar de la jornada de Cartagena Despierta, Transcaribe extiende su horario de operaci\u00f3n este lunes 16 y martes 17 de diciembre de 2024.<\/p>\n<p>La mayor\u00eda de las rutas operar\u00e1n hasta cerca de la medianoche. Estos ser\u00e1n los horarios del sistema lunes y martes:<\/p>\n<p>Los \u00faltimos servicios de las rutas troncales y pretroncales saldr\u00e1n desde los puntos de inicio de sus recorridos a las 11:00 p.m. De esta forma, estas rutas emprender\u00e1n su recorrido de retorno desde Bocagrande, Crespo y\/o estaci\u00f3n Bodeguita hacia los puntos de inicio entre las 11:45 p.m. y las 12:00 a.m.<\/p>\n<p>Entretanto, los \u00faltimos servicios de las rutas alimentadoras saldr\u00e1n de la estaci\u00f3n Santa Luc\u00eda y\/o el Patio Portal a las 12:30 a.m.<\/p>\n<p>Durante la extensi\u00f3n de horarios del lunes 16 y martes 17 de diciembre de 2024, estas rutas operar\u00e1n con un intervalo aproximado de 20 minutos. La extensi\u00f3n de horario NO APLICAR\u00c1 para las rutas alimentadoras A102 y A111, ni para las complementarias C001, C016, C017 ni C018.<\/p>\n<p>&nbsp;<\/p>\n","protected":false},"excerpt":{"rendered":"<p>Este lunes 16 y martes 17 de diciembre se extiende el horario de la mayor\u00eda de las rutas del sistema. Cartagena de Indias, 16 de diciembre de 2024.- Para que los cartageneros y visitantes puedan disfrutar de la jornada de Cartagena Despierta, Transcaribe extiende su horario de operaci\u00f3n este lunes 16 y martes 17 de diciembre de 2024. La mayor\u00eda de las rutas operar\u00e1n hasta cerca de la medianoche. Estos ser\u00e1n los horarios del sistema lunes y martes: Los \u00faltimos servicios de las rutas troncales y pretroncales saldr\u00e1n desde los&#8230; <\/p>\n","protected":false},"author":3,"featured_media":55761,"comment_status":"closed","ping_status":"closed","sticky":false,"template":"","format":"standard","meta":{"footnotes":"","_links_to":"","_links_to_target":""},"categories":[1450,32,87],"tags":[285,296,194,149],"class_list":["post-55760","post","type-post","status-publish","format-standard","has-post-thumbnail","hentry","category-parasladers","category-actualidad-distrito","category-movilidad","tag-destacada","tag-distrito","tag-movilidad","tag-transcaribe"],"_links":{"self":[{"href":"https:\/\/revistazetta.com\/index.php?rest_route=\/wp\/v2\/posts\/55760","targetHints":{"allow":["GET"]}}],"collection":[{"href":"https:\/\/revistazetta.com\/index.php?rest_route=\/wp\/v2\/posts"}],"about":[{"href":"https:\/\/revistazetta.com\/index.php?rest_route=\/wp\/v2\/types\/post"}],"author":[{"embeddable":true,"href":"https:\/\/revistazetta.com\/index.php?rest_route=\/wp\/v2\/users\/3"}],"replies":[{"embeddable":true,"href":"https:\/\/revistazetta.com\/index.php?rest_route=%2Fwp%2Fv2%2Fcomments&post=55760"}],"version-history":[{"count":0,"href":"https:\/\/revistazetta.com\/index.php?rest_route=\/wp\/v2\/posts\/55760\/revisions"}],"wp:featuredmedia":[{"embeddable":true,"href":"https:\/\/revistazetta.com\/index.php?rest_route=\/wp\/v2\/media\/55761"}],"wp:attachment":[{"href":"https:\/\/revistazetta.com\/index.php?rest_route=%2Fwp%2Fv2%2Fmedia&parent=55760"}],"wp:term":[{"taxonomy":"category","embeddable":true,"href":"https:\/\/revistazetta.com\/index.php?rest_route=%2Fwp%2Fv2%2Fcategories&post=55760"},{"taxonomy":"post_tag","embeddable":true,"href":"https:\/\/revistazetta.com\/index.php?rest_route=%2Fwp%2Fv2%2Ftags&post=55760"}],"curies":[{"name":"wp","href":"https:\/\/api.w.org\/{rel}","templated":true}]}}