{"id":55762,"date":"2024-12-16T13:44:06","date_gmt":"2024-12-16T18:44:06","guid":{"rendered":"https:\/\/revistazetta.com\/?p=55762"},"modified":"2024-12-16T13:45:42","modified_gmt":"2024-12-16T18:45:42","slug":"imponente-y-exquisito-hotel-ermita-cumplio-5-anos-galeria","status":"publish","type":"post","link":"https:\/\/revistazetta.com\/?p=55762","title":{"rendered":"Imponente y exquisito, Hotel Ermita cumpli\u00f3 5 a\u00f1os &#8211; Galer\u00eda"},"content":{"rendered":"<p><strong>Cartagena de Indias, 16 de diciembre de 2024.-<\/strong> Catalogado como uno de los m\u00e1s imponentes y exquisitos de Cartagena de Indias, el Hotel Ermita celebr\u00f3 cinco a\u00f1os de la apertura de sus puertas al servicio del turismo nacional.<\/p>\n<p>Para celebrar, se ofreci\u00f3 una elegante recepci\u00f3n la noche del jueves 12 de diciembre, donde los invitados comprobaron la distinci\u00f3n y clase de sus instalaciones y el ejemplar servicio que se ofrece.<\/p>\n<p style=\"padding-left: 40px;\"><span style=\"color: #0000ff;\"><em>El nombre \u201cErmita\u201d proviene de un matrimonio entre dos mundos. Por un lado, el nombre rinde homenaje al barrio de El Cabrero, donde la ermita construida en 1900 por Rafael N\u00fa\u00f1ez es el edificio m\u00e1s emblem\u00e1tico; por otro lado, hace alusi\u00f3n a la misma esencia de la palabra: un lugar de culto y retiro, uno que acoge a los n\u00f3madas y los pastorea a lo largo de su camino. Tomando como base una imponente casa de conservaci\u00f3n de casi 100 a\u00f1os de antig\u00fcedad totalmente restaurada y en la que confluyen las historias del pasado y las que est\u00e1n por venir. Ermita, a Tribute Portfolio Hotel, recibe a sus visitantes en un ambiente que hace homenaje a su herencia cultural; el restaurante, caf\u00e9 bar, jardines y salones, todo reunido en la gran casa, reafirman la magia del lugar.<\/em><\/span><\/p>\n<p>(Fotos cortes\u00eda Hotel Ermita)<\/p>\n<div id=\"attachment_55763\" style=\"width: 417px\" class=\"wp-caption alignnone\"><img loading=\"lazy\" decoding=\"async\" aria-describedby=\"caption-attachment-55763\" class=\"wp-image-55763 size-medium\" src=\"https:\/\/revistazetta.com\/wp-content\/uploads\/2024\/12\/Ermita-1-407x333.jpg\" alt=\"\" width=\"407\" height=\"333\" srcset=\"https:\/\/revistazetta.com\/wp-content\/uploads\/2024\/12\/Ermita-1-407x333.jpg 407w, https:\/\/revistazetta.com\/wp-content\/uploads\/2024\/12\/Ermita-1-1024x837.jpg 1024w, https:\/\/revistazetta.com\/wp-content\/uploads\/2024\/12\/Ermita-1-198x162.jpg 198w, https:\/\/revistazetta.com\/wp-content\/uploads\/2024\/12\/Ermita-1-1536x1256.jpg 1536w, https:\/\/revistazetta.com\/wp-content\/uploads\/2024\/12\/Ermita-1-2048x1674.jpg 2048w\" sizes=\"auto, (max-width: 407px) 100vw, 407px\" \/><p id=\"caption-attachment-55763\" class=\"wp-caption-text\">Jennifer Conrado, gerente Ermita Hotel; Gabriela de Londo\u00f1o y Diana Gede\u00f3n.<\/p><\/div>\n<div id=\"attachment_55764\" style=\"width: 510px\" class=\"wp-caption alignnone\"><img loading=\"lazy\" decoding=\"async\" aria-describedby=\"caption-attachment-55764\" class=\"wp-image-55764 size-medium\" src=\"https:\/\/revistazetta.com\/wp-content\/uploads\/2024\/12\/Ermita-2-500x333.jpg\" alt=\"\" width=\"500\" height=\"333\" srcset=\"https:\/\/revistazetta.com\/wp-content\/uploads\/2024\/12\/Ermita-2-500x333.jpg 500w, https:\/\/revistazetta.com\/wp-content\/uploads\/2024\/12\/Ermita-2-1024x683.jpg 1024w, https:\/\/revistazetta.com\/wp-content\/uploads\/2024\/12\/Ermita-2-243x162.jpg 243w, https:\/\/revistazetta.com\/wp-content\/uploads\/2024\/12\/Ermita-2-1536x1024.jpg 1536w, https:\/\/revistazetta.com\/wp-content\/uploads\/2024\/12\/Ermita-2-2048x1365.jpg 2048w\" sizes=\"auto, (max-width: 500px) 100vw, 500px\" \/><p id=\"caption-attachment-55764\" class=\"wp-caption-text\">Willy Mart\u00ednez, Silvana Giaimo, Cecilia de Bustamante, Rossina Restrepo, Sonia Gede\u00f3n y Bernard Gilchrist.<\/p><\/div>\n<div id=\"attachment_55765\" style=\"width: 510px\" class=\"wp-caption alignnone\"><img loading=\"lazy\" decoding=\"async\" aria-describedby=\"caption-attachment-55765\" class=\"wp-image-55765 size-medium\" src=\"https:\/\/revistazetta.com\/wp-content\/uploads\/2024\/12\/Ermita-3-500x333.jpg\" alt=\"\" width=\"500\" height=\"333\" srcset=\"https:\/\/revistazetta.com\/wp-content\/uploads\/2024\/12\/Ermita-3-500x333.jpg 500w, https:\/\/revistazetta.com\/wp-content\/uploads\/2024\/12\/Ermita-3-1024x683.jpg 1024w, https:\/\/revistazetta.com\/wp-content\/uploads\/2024\/12\/Ermita-3-243x162.jpg 243w, https:\/\/revistazetta.com\/wp-content\/uploads\/2024\/12\/Ermita-3-1536x1024.jpg 1536w, https:\/\/revistazetta.com\/wp-content\/uploads\/2024\/12\/Ermita-3-2048x1365.jpg 2048w\" sizes=\"auto, (max-width: 500px) 100vw, 500px\" \/><p id=\"caption-attachment-55765\" class=\"wp-caption-text\">Leopoldo Ibelings, Roberto Gede\u00f3n, Humberto Benedetti y Juan Bernardo G\u00e1lvez.<\/p><\/div>\n<div id=\"attachment_55766\" style=\"width: 510px\" class=\"wp-caption alignnone\"><img loading=\"lazy\" decoding=\"async\" aria-describedby=\"caption-attachment-55766\" class=\"wp-image-55766 size-medium\" src=\"https:\/\/revistazetta.com\/wp-content\/uploads\/2024\/12\/Ermita-4-500x333.jpg\" alt=\"\" width=\"500\" height=\"333\" srcset=\"https:\/\/revistazetta.com\/wp-content\/uploads\/2024\/12\/Ermita-4-500x333.jpg 500w, https:\/\/revistazetta.com\/wp-content\/uploads\/2024\/12\/Ermita-4-1024x683.jpg 1024w, https:\/\/revistazetta.com\/wp-content\/uploads\/2024\/12\/Ermita-4-243x162.jpg 243w, https:\/\/revistazetta.com\/wp-content\/uploads\/2024\/12\/Ermita-4-1536x1024.jpg 1536w, https:\/\/revistazetta.com\/wp-content\/uploads\/2024\/12\/Ermita-4-2048x1365.jpg 2048w\" sizes=\"auto, (max-width: 500px) 100vw, 500px\" \/><p id=\"caption-attachment-55766\" class=\"wp-caption-text\">Jorge Dur\u00e1n, Chica Morales, Alicita de Cepeda, Arturo Cepeda y Martha Londo\u00f1o.<\/p><\/div>\n<div id=\"attachment_55767\" style=\"width: 510px\" class=\"wp-caption alignnone\"><img loading=\"lazy\" decoding=\"async\" aria-describedby=\"caption-attachment-55767\" class=\"wp-image-55767 size-medium\" src=\"https:\/\/revistazetta.com\/wp-content\/uploads\/2024\/12\/Ermita-5-500x333.jpg\" alt=\"\" width=\"500\" height=\"333\" srcset=\"https:\/\/revistazetta.com\/wp-content\/uploads\/2024\/12\/Ermita-5-500x333.jpg 500w, https:\/\/revistazetta.com\/wp-content\/uploads\/2024\/12\/Ermita-5-1024x683.jpg 1024w, https:\/\/revistazetta.com\/wp-content\/uploads\/2024\/12\/Ermita-5-243x162.jpg 243w, https:\/\/revistazetta.com\/wp-content\/uploads\/2024\/12\/Ermita-5-1536x1024.jpg 1536w, https:\/\/revistazetta.com\/wp-content\/uploads\/2024\/12\/Ermita-5-2048x1365.jpg 2048w\" sizes=\"auto, (max-width: 500px) 100vw, 500px\" \/><p id=\"caption-attachment-55767\" class=\"wp-caption-text\">Roberto As\u00eds, Teremar Londo\u00f1o, Carolina Ordo\u00f1ez, Jahir Rueda y DJ Pope.<\/p><\/div>\n<div id=\"attachment_55768\" style=\"width: 510px\" class=\"wp-caption alignnone\"><img loading=\"lazy\" decoding=\"async\" aria-describedby=\"caption-attachment-55768\" class=\"wp-image-55768 size-medium\" src=\"https:\/\/revistazetta.com\/wp-content\/uploads\/2024\/12\/Ermita-6-500x333.jpg\" alt=\"\" width=\"500\" height=\"333\" srcset=\"https:\/\/revistazetta.com\/wp-content\/uploads\/2024\/12\/Ermita-6-500x333.jpg 500w, https:\/\/revistazetta.com\/wp-content\/uploads\/2024\/12\/Ermita-6-1024x683.jpg 1024w, https:\/\/revistazetta.com\/wp-content\/uploads\/2024\/12\/Ermita-6-243x162.jpg 243w, https:\/\/revistazetta.com\/wp-content\/uploads\/2024\/12\/Ermita-6-1536x1024.jpg 1536w, https:\/\/revistazetta.com\/wp-content\/uploads\/2024\/12\/Ermita-6-2048x1365.jpg 2048w\" sizes=\"auto, (max-width: 500px) 100vw, 500px\" \/><p id=\"caption-attachment-55768\" class=\"wp-caption-text\">Nabil Baladi, Pablo Siegert, Gerardo Nieto y \u00c1lvaro Gonz\u00e1lez.<\/p><\/div>\n<p>&nbsp;<\/p>\n<div id=\"attachment_55769\" style=\"width: 510px\" class=\"wp-caption alignnone\"><img loading=\"lazy\" decoding=\"async\" aria-describedby=\"caption-attachment-55769\" class=\"wp-image-55769 size-medium\" src=\"https:\/\/revistazetta.com\/wp-content\/uploads\/2024\/12\/Ermita-7-500x333.jpg\" alt=\"\" width=\"500\" height=\"333\" srcset=\"https:\/\/revistazetta.com\/wp-content\/uploads\/2024\/12\/Ermita-7-500x333.jpg 500w, https:\/\/revistazetta.com\/wp-content\/uploads\/2024\/12\/Ermita-7-1024x683.jpg 1024w, https:\/\/revistazetta.com\/wp-content\/uploads\/2024\/12\/Ermita-7-243x162.jpg 243w, https:\/\/revistazetta.com\/wp-content\/uploads\/2024\/12\/Ermita-7-1536x1024.jpg 1536w, https:\/\/revistazetta.com\/wp-content\/uploads\/2024\/12\/Ermita-7-2048x1365.jpg 2048w\" sizes=\"auto, (max-width: 500px) 100vw, 500px\" \/><p id=\"caption-attachment-55769\" class=\"wp-caption-text\">Claudia Fadul, Fernando Tinoco, Sandra Guzm\u00e1n y \u00c1ngela Tatis.<\/p><\/div>\n<div id=\"attachment_55770\" style=\"width: 449px\" class=\"wp-caption alignnone\"><img loading=\"lazy\" decoding=\"async\" aria-describedby=\"caption-attachment-55770\" class=\"wp-image-55770 size-medium\" src=\"https:\/\/revistazetta.com\/wp-content\/uploads\/2024\/12\/Ermita-8-439x333.jpg\" alt=\"\" width=\"439\" height=\"333\" srcset=\"https:\/\/revistazetta.com\/wp-content\/uploads\/2024\/12\/Ermita-8-439x333.jpg 439w, https:\/\/revistazetta.com\/wp-content\/uploads\/2024\/12\/Ermita-8-1024x777.jpg 1024w, https:\/\/revistazetta.com\/wp-content\/uploads\/2024\/12\/Ermita-8-213x162.jpg 213w, https:\/\/revistazetta.com\/wp-content\/uploads\/2024\/12\/Ermita-8-1536x1166.jpg 1536w, https:\/\/revistazetta.com\/wp-content\/uploads\/2024\/12\/Ermita-8-2048x1554.jpg 2048w\" sizes=\"auto, (max-width: 439px) 100vw, 439px\" \/><p id=\"caption-attachment-55770\" class=\"wp-caption-text\">Gina Morales y Miguel Navas.<\/p><\/div>\n<div id=\"attachment_55771\" style=\"width: 481px\" class=\"wp-caption alignnone\"><img loading=\"lazy\" decoding=\"async\" aria-describedby=\"caption-attachment-55771\" class=\"wp-image-55771 size-medium\" src=\"https:\/\/revistazetta.com\/wp-content\/uploads\/2024\/12\/Ermita-9-471x333.jpg\" alt=\"\" width=\"471\" height=\"333\" srcset=\"https:\/\/revistazetta.com\/wp-content\/uploads\/2024\/12\/Ermita-9-471x333.jpg 471w, https:\/\/revistazetta.com\/wp-content\/uploads\/2024\/12\/Ermita-9-1024x724.jpg 1024w, https:\/\/revistazetta.com\/wp-content\/uploads\/2024\/12\/Ermita-9-229x162.jpg 229w, https:\/\/revistazetta.com\/wp-content\/uploads\/2024\/12\/Ermita-9.jpg 1526w\" sizes=\"auto, (max-width: 471px) 100vw, 471px\" \/><p id=\"caption-attachment-55771\" class=\"wp-caption-text\">Ivonne Carleo y Alba D\u00e1ger.<\/p><\/div>\n<div id=\"attachment_55772\" style=\"width: 470px\" class=\"wp-caption alignnone\"><img loading=\"lazy\" decoding=\"async\" aria-describedby=\"caption-attachment-55772\" class=\"wp-image-55772 size-medium\" src=\"https:\/\/revistazetta.com\/wp-content\/uploads\/2024\/12\/Ermita-10-460x333.jpg\" alt=\"\" width=\"460\" height=\"333\" srcset=\"https:\/\/revistazetta.com\/wp-content\/uploads\/2024\/12\/Ermita-10-460x333.jpg 460w, https:\/\/revistazetta.com\/wp-content\/uploads\/2024\/12\/Ermita-10-1024x741.jpg 1024w, https:\/\/revistazetta.com\/wp-content\/uploads\/2024\/12\/Ermita-10-224x162.jpg 224w, https:\/\/revistazetta.com\/wp-content\/uploads\/2024\/12\/Ermita-10-1536x1111.jpg 1536w, https:\/\/revistazetta.com\/wp-content\/uploads\/2024\/12\/Ermita-10-2048x1482.jpg 2048w\" sizes=\"auto, (max-width: 460px) 100vw, 460px\" \/><p id=\"caption-attachment-55772\" class=\"wp-caption-text\">Javier Bajaire e Isabel de Bajaire.<\/p><\/div>\n<div id=\"attachment_55773\" style=\"width: 510px\" class=\"wp-caption alignnone\"><img loading=\"lazy\" decoding=\"async\" aria-describedby=\"caption-attachment-55773\" class=\"wp-image-55773 size-medium\" src=\"https:\/\/revistazetta.com\/wp-content\/uploads\/2024\/12\/Ermita-11-500x333.jpg\" alt=\"\" width=\"500\" height=\"333\" srcset=\"https:\/\/revistazetta.com\/wp-content\/uploads\/2024\/12\/Ermita-11-500x333.jpg 500w, https:\/\/revistazetta.com\/wp-content\/uploads\/2024\/12\/Ermita-11-1024x683.jpg 1024w, https:\/\/revistazetta.com\/wp-content\/uploads\/2024\/12\/Ermita-11-243x162.jpg 243w, https:\/\/revistazetta.com\/wp-content\/uploads\/2024\/12\/Ermita-11-1536x1024.jpg 1536w, https:\/\/revistazetta.com\/wp-content\/uploads\/2024\/12\/Ermita-11-2048x1365.jpg 2048w\" sizes=\"auto, (max-width: 500px) 100vw, 500px\" \/><p id=\"caption-attachment-55773\" class=\"wp-caption-text\">Cecilia Berm\u00fadez y Jaime Restrepo.<\/p><\/div>\n<div id=\"attachment_55774\" style=\"width: 510px\" class=\"wp-caption alignnone\"><img loading=\"lazy\" decoding=\"async\" aria-describedby=\"caption-attachment-55774\" class=\"wp-image-55774 size-medium\" src=\"https:\/\/revistazetta.com\/wp-content\/uploads\/2024\/12\/Ermita-12-500x333.jpg\" alt=\"\" width=\"500\" height=\"333\" srcset=\"https:\/\/revistazetta.com\/wp-content\/uploads\/2024\/12\/Ermita-12-500x333.jpg 500w, https:\/\/revistazetta.com\/wp-content\/uploads\/2024\/12\/Ermita-12-1024x683.jpg 1024w, https:\/\/revistazetta.com\/wp-content\/uploads\/2024\/12\/Ermita-12-243x162.jpg 243w, https:\/\/revistazetta.com\/wp-content\/uploads\/2024\/12\/Ermita-12-1536x1024.jpg 1536w, https:\/\/revistazetta.com\/wp-content\/uploads\/2024\/12\/Ermita-12-2048x1365.jpg 2048w\" sizes=\"auto, (max-width: 500px) 100vw, 500px\" \/><p id=\"caption-attachment-55774\" class=\"wp-caption-text\">Raimundo \u00e1ngulo, Ruby Rumi\u00e9 y Roberto Benavente.<\/p><\/div>\n","protected":false},"excerpt":{"rendered":"<p>Cartagena de Indias, 16 de diciembre de 2024.- Catalogado como uno de los m\u00e1s imponentes y exquisitos de Cartagena de Indias, el Hotel Ermita celebr\u00f3 cinco a\u00f1os de la apertura de sus puertas al servicio del turismo nacional. Para celebrar, se ofreci\u00f3 una elegante recepci\u00f3n la noche del jueves 12 de diciembre, donde los invitados comprobaron la distinci\u00f3n y clase de sus instalaciones y el ejemplar servicio que se ofrece. El nombre \u201cErmita\u201d proviene de un matrimonio entre dos mundos. Por un lado, el nombre rinde homenaje al barrio de&#8230; <\/p>\n","protected":false},"author":3,"featured_media":55775,"comment_status":"closed","ping_status":"closed","sticky":false,"template":"","format":"standard","meta":{"footnotes":"","_links_to":"","_links_to_target":""},"categories":[1450,38,6],"tags":[191,285,2310,316,302],"class_list":["post-55762","post","type-post","status-publish","format-standard","has-post-thumbnail","hentry","category-parasladers","category-turismo-hoteles","category-turismo","tag-cartagena-de-indias","tag-destacada","tag-hotel-ermita","tag-hoteles","tag-turismo"],"_links":{"self":[{"href":"https:\/\/revistazetta.com\/index.php?rest_route=\/wp\/v2\/posts\/55762","targetHints":{"allow":["GET"]}}],"collection":[{"href":"https:\/\/revistazetta.com\/index.php?rest_route=\/wp\/v2\/posts"}],"about":[{"href":"https:\/\/revistazetta.com\/index.php?rest_route=\/wp\/v2\/types\/post"}],"author":[{"embeddable":true,"href":"https:\/\/revistazetta.com\/index.php?rest_route=\/wp\/v2\/users\/3"}],"replies":[{"embeddable":true,"href":"https:\/\/revistazetta.com\/index.php?rest_route=%2Fwp%2Fv2%2Fcomments&post=55762"}],"version-history":[{"count":0,"href":"https:\/\/revistazetta.com\/index.php?rest_route=\/wp\/v2\/posts\/55762\/revisions"}],"wp:featuredmedia":[{"embeddable":true,"href":"https:\/\/revistazetta.com\/index.php?rest_route=\/wp\/v2\/media\/55775"}],"wp:attachment":[{"href":"https:\/\/revistazetta.com\/index.php?rest_route=%2Fwp%2Fv2%2Fmedia&parent=55762"}],"wp:term":[{"taxonomy":"category","embeddable":true,"href":"https:\/\/revistazetta.com\/index.php?rest_route=%2Fwp%2Fv2%2Fcategories&post=55762"},{"taxonomy":"post_tag","embeddable":true,"href":"https:\/\/revistazetta.com\/index.php?rest_route=%2Fwp%2Fv2%2Ftags&post=55762"}],"curies":[{"name":"wp","href":"https:\/\/api.w.org\/{rel}","templated":true}]}}