{"id":55781,"date":"2024-12-18T09:43:50","date_gmt":"2024-12-18T14:43:50","guid":{"rendered":"https:\/\/revistazetta.com\/?p=55781"},"modified":"2024-12-18T09:43:50","modified_gmt":"2024-12-18T14:43:50","slug":"ficci-64-una-nueva-imagen-para-celebrar-la-diversidad-la-cultura-y-el-cine","status":"publish","type":"post","link":"https:\/\/revistazetta.com\/?p=55781","title":{"rendered":"FICCI 64: una nueva imagen para celebrar la diversidad, la cultura y el cine"},"content":{"rendered":"<p>El Festival Internacional de Cine de Cartagena de Indias revela su nueva imagen oficial para la edici\u00f3n 64, dise\u00f1ada por el artista e ilustrador colombiano Santiago Guevara, donde\u00a0resalta la esencia cultural e hist\u00f3rica de Cartagena, fusionando elementos ic\u00f3nicos locales con una est\u00e9tica contempor\u00e1nea.<\/p>\n<p><strong>Cartagena de Indias, 18 de diciembre de 2024.-<\/strong> A pocos meses de la esperada edici\u00f3n 64 del Festival Internacional de Cine de Cartagena de Indias (FICCI), el evento cinematogr\u00e1fico m\u00e1s antiguo y uno de los m\u00e1s emblem\u00e1ticos de Am\u00e9rica Latina, la organizaci\u00f3n ha presentado la nueva imagen oficial. La obra, realizada por el artista e ilustrador colombiano Santiago Guevara, encapsula la riqueza cultural y el esp\u00edritu de Cartagena, ofreciendo un homenaje visual a la ciudad que ha sido el coraz\u00f3n del Festival durante m\u00e1s de seis d\u00e9cadas.<\/p>\n<p><img loading=\"lazy\" decoding=\"async\" class=\"alignnone wp-image-55783 size-large\" src=\"https:\/\/revistazetta.com\/wp-content\/uploads\/2024\/12\/WhatsApp-Image-2024-12-17-at-11.01.43-671x1024.jpeg\" alt=\"\" width=\"671\" height=\"1024\" srcset=\"https:\/\/revistazetta.com\/wp-content\/uploads\/2024\/12\/WhatsApp-Image-2024-12-17-at-11.01.43-671x1024.jpeg 671w, https:\/\/revistazetta.com\/wp-content\/uploads\/2024\/12\/WhatsApp-Image-2024-12-17-at-11.01.43-218x333.jpeg 218w, https:\/\/revistazetta.com\/wp-content\/uploads\/2024\/12\/WhatsApp-Image-2024-12-17-at-11.01.43-106x162.jpeg 106w, https:\/\/revistazetta.com\/wp-content\/uploads\/2024\/12\/WhatsApp-Image-2024-12-17-at-11.01.43.jpeg 860w\" sizes=\"auto, (max-width: 671px) 100vw, 671px\" \/><\/p>\n<p><i>\u201cEl afiche, dise\u00f1ado por el artista Santiago Guevara, combina elementos ic\u00f3nicos y gr\u00e1ficos que representan la esencia de Cartagena, utilizando colores y formas que evocan su identidad cultural y conectan visualmente con el festival de cine m\u00e1s antiguo de Latinoam\u00e9rica. Su dise\u00f1o integra referencias y s\u00edmbolos locales junto con una est\u00e9tica contempor\u00e1nea que resalta la riqueza hist\u00f3rica y la vitalidad de la ciudad\u201d,<\/i> expres\u00f3 Margarita D\u00edaz, directora general del FICCI.<\/p>\n<p>En la nueva imagen se encuentran numerosos elementos gr\u00e1ficos que representan s\u00edmbolos locales que, junto con una paleta de colores c\u00e1lidos, en\u00e9rgicos y una est\u00e9tica org\u00e1nica y alegre, cuentan a Cartagena como escenario de creaci\u00f3n, arte y vida.<span class=\"Apple-converted-space\">\u00a0<\/span><\/p>\n<p><i>\u201cEsta imagen nos inspira porque transmite todo lo que buscamos proyectar con el Festival\u201d,<\/i> ampl\u00eda D\u00edaz Casas. <i>\u201cUn espacio inclusivo que exalta nuestra cultura, destaca la mirada de las nuevas generaciones y conecta a Cartagena con el cine internacional. La edici\u00f3n 64 no solo ser\u00e1 un encuentro de cineastas y amantes del cine, sino una verdadera celebraci\u00f3n de nuestra identidad y de c\u00f3mo a partir de esta construimos futuros mejores\u201d.<\/i><\/p>\n<p><b>Sobre el artista<\/b><\/p>\n<p>Santiago Guevara es un artista e ilustrador colombiano nacido en Sogamoso en 1990, cuya obra ha trascendido fronteras gracias a su estilo y sensibilidad. Guevara ha sido incluido en m\u00faltiples ocasiones en la lista de White Ravens de la Biblioteca Juvenil de M\u00fanich, adem\u00e1s de destacar en eventos de gran prestigio como la Bienal de Ilustraci\u00f3n de Bratislava y la Feria del Libro Infantil de Bolonia.<span class=\"Apple-converted-space\">\u00a0<\/span><\/p>\n<p><i>\u201cEste proceso de creaci\u00f3n de im\u00e1genes ten\u00eda como objetivo recopilar una serie de objetos que pudieran definir no s\u00f3lo el aspecto de la ciudad de Cartagena, sino tambi\u00e9n su energ\u00eda. Para ello, me centr\u00e9 en una t\u00e9cnica que desarroll\u00e9 hace unos a\u00f1os que bautic\u00e9 con el nombre de \u00abmontoncitos\u00bb, que se traduce gr\u00e1ficamente en una acumulaci\u00f3n de elementos cuya relaci\u00f3n mantiene una narrativa no convencional\u201d, <\/i>expresa Guevara frente a la propuesta<i>.<\/i><\/p>\n<p>Con m\u00e1s de 20 t\u00edtulos publicados, el \u00faltimo \u201cEl libro que imaginas\u201d (2024) realizado junto a Carolina San\u00edn, sus ilustraciones han sido aclamadas por su capacidad de fusionar elementos tradicionales con una est\u00e9tica contempor\u00e1nea. Santiago aporta a cada proyecto una visi\u00f3n fresca e innovadora, conectando las ra\u00edces culturales de Colombia con una narrativa visual que trasciende g\u00e9neros y fronteras.<\/p>\n<p><i>\u201cLa imagen oficial surgi\u00f3 como resultado de un proceso de inmersi\u00f3n y de estudio de las im\u00e1genes, sonidos, historia y an\u00e9cdotas en torno a la ciudad de Cartagena y su relaci\u00f3n con el cine, traducido en una especie de laberinto gr\u00e1fico en el cual la vista puede alojarse varias veces y perderse en un sinf\u00edn de posibilidades de significados\u201d<\/i>, profundiza Guevara.<\/p>\n<p><img loading=\"lazy\" decoding=\"async\" class=\"alignnone size-medium wp-image-55782\" src=\"https:\/\/revistazetta.com\/wp-content\/uploads\/2024\/12\/Captura-de-pantalla-2024-12-18-a-las-9.41.55\u202fa.-m-500x294.png\" alt=\"\" width=\"500\" height=\"294\" srcset=\"https:\/\/revistazetta.com\/wp-content\/uploads\/2024\/12\/Captura-de-pantalla-2024-12-18-a-las-9.41.55\u202fa.-m-500x294.png 500w, https:\/\/revistazetta.com\/wp-content\/uploads\/2024\/12\/Captura-de-pantalla-2024-12-18-a-las-9.41.55\u202fa.-m-1024x602.png 1024w, https:\/\/revistazetta.com\/wp-content\/uploads\/2024\/12\/Captura-de-pantalla-2024-12-18-a-las-9.41.55\u202fa.-m-250x147.png 250w, https:\/\/revistazetta.com\/wp-content\/uploads\/2024\/12\/Captura-de-pantalla-2024-12-18-a-las-9.41.55\u202fa.-m-1536x903.png 1536w, https:\/\/revistazetta.com\/wp-content\/uploads\/2024\/12\/Captura-de-pantalla-2024-12-18-a-las-9.41.55\u202fa.-m-2048x1203.png 2048w\" sizes=\"auto, (max-width: 500px) 100vw, 500px\" \/><\/p>\n<p><b>Nuestra visi\u00f3n art\u00edstica plasmada en una imagen<\/b><\/p>\n<p>Por su parte, Ansgar Vogt, director art\u00edstico del Festival, destac\u00f3 c\u00f3mo esta nueva imagen se alinea con la visi\u00f3n del FICCI: <i>\u201cEl FICCI 64 es una plataforma para amplificar las miradas aut\u00e9nticas del cine iberoamericano, y esta imagen representa ese compromiso. Desde el enfoque en la diversidad de perspectivas hasta la exploraci\u00f3n de formas narrativas innovadoras, queremos que cada elemento, incluida su identidad visual, sea una invitaci\u00f3n a explorar nuevas realidades y maneras de comprender el mundo. Adem\u00e1s, este afiche captura nuestra esencia: un sism\u00f3grafo de historias, culturas y experiencias\u201d.<\/i><\/p>\n<p><b>R\u00e9cords al cierre de la convocatoria<\/b><\/p>\n<p>El Festival Internacional de Cine de Cartagena de Indias (FICCI) ha experimentado un crecimiento significativo en el n\u00famero de inscripciones para la selecci\u00f3n oficial de 2025, alcanzando el r\u00e9cord de 1,591 pel\u00edculas. Este logro refleja un aumento notable en el inter\u00e9s de cineastas del mundo, consolidando al FICCI como una plataforma clave en el panorama cinematogr\u00e1fico internacional. Este crecimiento demuestra la capacidad del Festival para adaptarse y mantenerse relevante.<\/p>\n<p>El incremento en las inscripciones es especialmente destacable si se compara con a\u00f1os anteriores. En 2023 se recibieron 1,005 pel\u00edculas, lo que significa un crecimiento aproximado del 58%. Esta tendencia tambi\u00e9n muestra una recuperaci\u00f3n contundente desde los periodos de menor participaci\u00f3n, como en 2021 y 2022, cuando el contexto de la pandemia afect\u00f3 la log\u00edstica y la din\u00e1mica de participaci\u00f3n. El crecimiento sostenido subraya el prestigio del FICCI como un espacio confiable para la exhibici\u00f3n y difusi\u00f3n del cine.<\/p>\n<p>Con la nueva imagen y los datos al cierre de la convocatoria, el FICCI se encuentra listo para su edici\u00f3n 64.<\/p>\n<p><b>Sobre el FICCI 64<\/b><\/p>\n<p>El FICCI 64, que se llevar\u00e1 a cabo del 1 al 6 de abril de 2025, promete una edici\u00f3n inolvidable con proyecciones, laboratorios creativos, retrospectivas y un enfoque especial en las voces emergentes del cine colombiano e iberoamericano. Con esta nueva imagen, el Festival reafirma su compromiso de conectar el cine, la cultura y la ciudad, y de seguir siendo un referente para la industria cinematogr\u00e1fica.<\/p>\n<p><b>Para m\u00e1s informaci\u00f3n sobre el FICCI 64, visite: <\/b><a href=\"http:\/\/www.ficcifestival.com\" target=\"_blank\" rel=\"noopener\">www.ficcifestival.com<\/a><\/p>\n","protected":false},"excerpt":{"rendered":"<p>El Festival Internacional de Cine de Cartagena de Indias revela su nueva imagen oficial para la edici\u00f3n 64, dise\u00f1ada por el artista e ilustrador colombiano Santiago Guevara, donde\u00a0resalta la esencia cultural e hist\u00f3rica de Cartagena, fusionando elementos ic\u00f3nicos locales con una est\u00e9tica contempor\u00e1nea. Cartagena de Indias, 18 de diciembre de 2024.- A pocos meses de la esperada edici\u00f3n 64 del Festival Internacional de Cine de Cartagena de Indias (FICCI), el evento cinematogr\u00e1fico m\u00e1s antiguo y uno de los m\u00e1s emblem\u00e1ticos de Am\u00e9rica Latina, la organizaci\u00f3n ha presentado la nueva imagen&#8230; <\/p>\n","protected":false},"author":3,"featured_media":55784,"comment_status":"closed","ping_status":"closed","sticky":false,"template":"","format":"standard","meta":{"footnotes":"","_links_to":"","_links_to_target":""},"categories":[60,41,1450],"tags":[291,290,285,1625],"class_list":["post-55781","post","type-post","status-publish","format-standard","has-post-thumbnail","hentry","category-cine","category-cultura","category-parasladers","tag-cine","tag-cultura","tag-destacada","tag-ficci"],"_links":{"self":[{"href":"https:\/\/revistazetta.com\/index.php?rest_route=\/wp\/v2\/posts\/55781","targetHints":{"allow":["GET"]}}],"collection":[{"href":"https:\/\/revistazetta.com\/index.php?rest_route=\/wp\/v2\/posts"}],"about":[{"href":"https:\/\/revistazetta.com\/index.php?rest_route=\/wp\/v2\/types\/post"}],"author":[{"embeddable":true,"href":"https:\/\/revistazetta.com\/index.php?rest_route=\/wp\/v2\/users\/3"}],"replies":[{"embeddable":true,"href":"https:\/\/revistazetta.com\/index.php?rest_route=%2Fwp%2Fv2%2Fcomments&post=55781"}],"version-history":[{"count":0,"href":"https:\/\/revistazetta.com\/index.php?rest_route=\/wp\/v2\/posts\/55781\/revisions"}],"wp:featuredmedia":[{"embeddable":true,"href":"https:\/\/revistazetta.com\/index.php?rest_route=\/wp\/v2\/media\/55784"}],"wp:attachment":[{"href":"https:\/\/revistazetta.com\/index.php?rest_route=%2Fwp%2Fv2%2Fmedia&parent=55781"}],"wp:term":[{"taxonomy":"category","embeddable":true,"href":"https:\/\/revistazetta.com\/index.php?rest_route=%2Fwp%2Fv2%2Fcategories&post=55781"},{"taxonomy":"post_tag","embeddable":true,"href":"https:\/\/revistazetta.com\/index.php?rest_route=%2Fwp%2Fv2%2Ftags&post=55781"}],"curies":[{"name":"wp","href":"https:\/\/api.w.org\/{rel}","templated":true}]}}