{"id":55785,"date":"2024-12-18T09:55:21","date_gmt":"2024-12-18T14:55:21","guid":{"rendered":"https:\/\/revistazetta.com\/?p=55785"},"modified":"2024-12-18T09:55:21","modified_gmt":"2024-12-18T14:55:21","slug":"vive-tu-plaza-es-el-plan-para-las-familias-durante-la-navidad-en-cartagena-de-indias","status":"publish","type":"post","link":"https:\/\/revistazetta.com\/?p=55785","title":{"rendered":"\u00abVive tu plaza\u00bb es el plan para las familias durante la Navidad en Cartagena de Indias"},"content":{"rendered":"<p><strong>Cartagena de Indias, 18 de diciembre de 2024.-<\/strong> En la Plaza de los Coches de Cartagena se inici\u00f3 Vive tu plaza, el programa de turismo responsable, para la celebraci\u00f3n de Navidad en La Heroica, que convierte en un gran espacio para las familias la entrada principal a la ciudad amurallada.<\/p>\n<p>La apertura cont\u00f3 con la presencia del alcalde Dumek Turbay; la gestora social, Liliana Majana; la presidente de Corpoturismo, Liliana Rodr\u00edguez; la secretaria de Hacienda, Mar\u00eda Camila Salas; la directora del Instituto de Patrimonio y Cultura de Cartagena de Indias (IPCC), Lucy Espinosa; y representantes de distintos gremios y sectores.<\/p>\n<p><img loading=\"lazy\" decoding=\"async\" class=\"alignnone size-medium wp-image-55787\" src=\"https:\/\/revistazetta.com\/wp-content\/uploads\/2024\/12\/WhatsApp-Image-2024-12-16-at-20.31.04-1-500x333.jpeg\" alt=\"\" width=\"500\" height=\"333\" srcset=\"https:\/\/revistazetta.com\/wp-content\/uploads\/2024\/12\/WhatsApp-Image-2024-12-16-at-20.31.04-1-500x333.jpeg 500w, https:\/\/revistazetta.com\/wp-content\/uploads\/2024\/12\/WhatsApp-Image-2024-12-16-at-20.31.04-1-1024x683.jpeg 1024w, https:\/\/revistazetta.com\/wp-content\/uploads\/2024\/12\/WhatsApp-Image-2024-12-16-at-20.31.04-1-243x162.jpeg 243w, https:\/\/revistazetta.com\/wp-content\/uploads\/2024\/12\/WhatsApp-Image-2024-12-16-at-20.31.04-1-1536x1024.jpeg 1536w, https:\/\/revistazetta.com\/wp-content\/uploads\/2024\/12\/WhatsApp-Image-2024-12-16-at-20.31.04-1-2048x1366.jpeg 2048w\" sizes=\"auto, (max-width: 500px) 100vw, 500px\" \/><\/p>\n<p>\u201cLa ciudad clamaba por recuperar esta tradici\u00f3n, un lugar para las familias, la integraci\u00f3n y la felicidad. Hoy, gracias a Dios, estamos aqu\u00ed disfrutando de este maravilloso mercado navide\u00f1o. Queremos decirles a todos los visitantes y cartageneros que trabajamos con dedicaci\u00f3n para ustedes, para que esta Navidad de 2024 sea inolvidable\u201d, dijo el alcalde Dumek Turbay Paz.<\/p>\n<p>Vive tu plaza incluye tres elementos fundamentales que, por primera vez, ofrecen un plan alternativo en el Centro Hist\u00f3rico de Cartagena:<\/p>\n<p><img loading=\"lazy\" decoding=\"async\" class=\"alignnone size-medium wp-image-55798\" src=\"https:\/\/revistazetta.com\/wp-content\/uploads\/2024\/12\/WhatsApp-Image-2024-12-16-at-20.31.49-1-500x333.jpeg\" alt=\"\" width=\"500\" height=\"333\" srcset=\"https:\/\/revistazetta.com\/wp-content\/uploads\/2024\/12\/WhatsApp-Image-2024-12-16-at-20.31.49-1-500x333.jpeg 500w, https:\/\/revistazetta.com\/wp-content\/uploads\/2024\/12\/WhatsApp-Image-2024-12-16-at-20.31.49-1-1024x683.jpeg 1024w, https:\/\/revistazetta.com\/wp-content\/uploads\/2024\/12\/WhatsApp-Image-2024-12-16-at-20.31.49-1-243x162.jpeg 243w, https:\/\/revistazetta.com\/wp-content\/uploads\/2024\/12\/WhatsApp-Image-2024-12-16-at-20.31.49-1-1536x1024.jpeg 1536w, https:\/\/revistazetta.com\/wp-content\/uploads\/2024\/12\/WhatsApp-Image-2024-12-16-at-20.31.49-1-2048x1365.jpeg 2048w\" sizes=\"auto, (max-width: 500px) 100vw, 500px\" \/><\/p>\n<p>1- La Novena de Navidad: desde hoy hasta el 24 de diciembre se realizar\u00e1 el rezo de la novena de Navidad, con lo cual se fortalece el segmento de turismo religioso.<\/p>\n<p>2- Agenda cultural: con el respaldo del IPCC, todas las noches se ofrecer\u00e1 una presentaci\u00f3n musical navide\u00f1a y variedad en oferta cultural.<\/p>\n<p>3 &#8211; Mercadito Navide\u00f1o: 16 comercios y emprendimientos de la ciudad ofrecer\u00e1n sus productos a quienes visiten la Plaza, entre 4 de la tarde y 10 de la noche:<\/p>\n<p>1- Tropisoda<br \/>\n2- Casa de la Mujer<br \/>\n3- Coqueta\u2019s<br \/>\n4- Angiemariecolors<br \/>\n5- Monika Puentes<br \/>\n6- Melt<br \/>\n7- Pasteler\u00eda Sharon<br \/>\n8- Crema Cake Cartagena<br \/>\n9- Fantastic Cake<br \/>\n10- Kaffy<br \/>\n11- D y P Fresas<br \/>\n12- IPCC Artesan\u00edas<br \/>\n13- IPCC Artesan\u00edas<br \/>\n14- Favaber<br \/>\n15- Mar Iraca<br \/>\n16- La Casita de Papel<\/p>\n<p><img loading=\"lazy\" decoding=\"async\" class=\"alignnone size-medium wp-image-55789\" src=\"https:\/\/revistazetta.com\/wp-content\/uploads\/2024\/12\/WhatsApp-Image-2024-12-16-at-20.31.05-1-500x333.jpeg\" alt=\"\" width=\"500\" height=\"333\" srcset=\"https:\/\/revistazetta.com\/wp-content\/uploads\/2024\/12\/WhatsApp-Image-2024-12-16-at-20.31.05-1-500x333.jpeg 500w, https:\/\/revistazetta.com\/wp-content\/uploads\/2024\/12\/WhatsApp-Image-2024-12-16-at-20.31.05-1-1024x683.jpeg 1024w, https:\/\/revistazetta.com\/wp-content\/uploads\/2024\/12\/WhatsApp-Image-2024-12-16-at-20.31.05-1-243x162.jpeg 243w, https:\/\/revistazetta.com\/wp-content\/uploads\/2024\/12\/WhatsApp-Image-2024-12-16-at-20.31.05-1-1536x1024.jpeg 1536w, https:\/\/revistazetta.com\/wp-content\/uploads\/2024\/12\/WhatsApp-Image-2024-12-16-at-20.31.05-1-2048x1366.jpeg 2048w\" sizes=\"auto, (max-width: 500px) 100vw, 500px\" \/><\/p>\n<p><strong>Vive tu plaza fortalece la temporada tur\u00edstica<\/strong><br \/>\n\u201cEn esta bella tarde del 16 de diciembre nos recibe la Plaza de los Coches, una vez m\u00e1s, para un nuevo Vive tu plaza, esta vez, con el apellido: edici\u00f3n Navidad. Hemos tenido 5 experiencias de Vive tu Plaza: enero 2024, Semana Santa, cumplea\u00f1os 491 de Cartagena y semana de receso de octubre\u201d, record\u00f3 Liliana Rodr\u00edguez Hurtado, presidente ejecutiva de Corpoturismo.<\/p>\n<p>Destac\u00f3: \u201cEsta es una apuesta de turismo responsable que hemos venido trabajando, exitosamente con Fontur, para la promoci\u00f3n de espacios p\u00fablicos para los turistas y residentes, donde el arte, la m\u00fasica y distintas expresiones culturales sean las protagonistas, desplazando pr\u00e1cticas de riesgo en el contexto de turismo\u201d.<\/p>\n<p><img loading=\"lazy\" decoding=\"async\" class=\"alignnone size-medium wp-image-55792\" src=\"https:\/\/revistazetta.com\/wp-content\/uploads\/2024\/12\/WhatsApp-Image-2024-12-16-at-20.31.06-500x333.jpeg\" alt=\"\" width=\"500\" height=\"333\" srcset=\"https:\/\/revistazetta.com\/wp-content\/uploads\/2024\/12\/WhatsApp-Image-2024-12-16-at-20.31.06-500x333.jpeg 500w, https:\/\/revistazetta.com\/wp-content\/uploads\/2024\/12\/WhatsApp-Image-2024-12-16-at-20.31.06-1024x683.jpeg 1024w, https:\/\/revistazetta.com\/wp-content\/uploads\/2024\/12\/WhatsApp-Image-2024-12-16-at-20.31.06-243x162.jpeg 243w, https:\/\/revistazetta.com\/wp-content\/uploads\/2024\/12\/WhatsApp-Image-2024-12-16-at-20.31.06-1536x1024.jpeg 1536w, https:\/\/revistazetta.com\/wp-content\/uploads\/2024\/12\/WhatsApp-Image-2024-12-16-at-20.31.06-2048x1366.jpeg 2048w\" sizes=\"auto, (max-width: 500px) 100vw, 500px\" \/><\/p>\n<p><strong>Horario y programaci\u00f3n<\/strong><br \/>\nEl programa va desde el 16 hasta el 25 de diciembre y tendr\u00e1 lugar en la Plaza de los Coches.<\/p>\n<p>Vive tu plaza iniciar\u00e1 todos los d\u00edas a las 4:00 p. m. con la apertura de los emprendimientos que conformar\u00e1n el Mercado Navide\u00f1o. A las 6:00 p. m. se rezar\u00e1 la Novena de Navidad, y desde las 7 de la noche habr\u00e1 presentaci\u00f3n de coros, ensambles, m\u00fasica de c\u00e1mara y distintas presentaciones de m\u00fasica en vivo. La entrada es libre y la programaci\u00f3n concluir\u00e1 a las 10 de la noche.<\/p>\n<p><img loading=\"lazy\" decoding=\"async\" class=\"alignnone size-medium wp-image-55796\" src=\"https:\/\/revistazetta.com\/wp-content\/uploads\/2024\/12\/WhatsApp-Image-2024-12-16-at-20.31.48-1-500x333.jpeg\" alt=\"\" width=\"500\" height=\"333\" srcset=\"https:\/\/revistazetta.com\/wp-content\/uploads\/2024\/12\/WhatsApp-Image-2024-12-16-at-20.31.48-1-500x333.jpeg 500w, https:\/\/revistazetta.com\/wp-content\/uploads\/2024\/12\/WhatsApp-Image-2024-12-16-at-20.31.48-1-1024x683.jpeg 1024w, https:\/\/revistazetta.com\/wp-content\/uploads\/2024\/12\/WhatsApp-Image-2024-12-16-at-20.31.48-1-243x162.jpeg 243w, https:\/\/revistazetta.com\/wp-content\/uploads\/2024\/12\/WhatsApp-Image-2024-12-16-at-20.31.48-1-1536x1024.jpeg 1536w, https:\/\/revistazetta.com\/wp-content\/uploads\/2024\/12\/WhatsApp-Image-2024-12-16-at-20.31.48-1-2048x1365.jpeg 2048w\" sizes=\"auto, (max-width: 500px) 100vw, 500px\" \/><\/p>\n<p><strong>La cultura, protagonista en Navidad<\/strong><br \/>\n\u201cDesde el Instituto de Patrimonio y Cultura de Cartagena de Indias estamos aportando a que cartageneros y visitantes vivan la Plaza de los Coches en esta temporada de Navidad. Este lunes 16 de diciembre nos unimos al inicio de las novenas con la presentaci\u00f3n del ensamble art\u00edstico \u201cUn sue\u00f1o de Navidad\u201d, bajo la direcci\u00f3n del maestro \u00c9dgar Avil\u00e1n, Dix\u00f3n P\u00e9rez Gonz\u00e1lez y Fernando Carrillo. Y cada noche acompa\u00f1aremos Vive tu plaza, edici\u00f3n Navidad, con m\u00e1gicas presentaciones musicales y de narraci\u00f3n oral esc\u00e9nica, as\u00ed como con emprendimientos de artesanos locales, para que ni\u00f1os, ni\u00f1as, adolescentes, adultos, cartageneros y visitantes le digan s\u00ed a Vive tu plaza\u201d, destac\u00f3 la directora del IPCC, Lucy Espinosa.<\/p>\n<p><img loading=\"lazy\" decoding=\"async\" class=\"alignnone size-medium wp-image-55791\" src=\"https:\/\/revistazetta.com\/wp-content\/uploads\/2024\/12\/WhatsApp-Image-2024-12-16-at-20.31.05-500x333.jpeg\" alt=\"\" width=\"500\" height=\"333\" srcset=\"https:\/\/revistazetta.com\/wp-content\/uploads\/2024\/12\/WhatsApp-Image-2024-12-16-at-20.31.05-500x333.jpeg 500w, https:\/\/revistazetta.com\/wp-content\/uploads\/2024\/12\/WhatsApp-Image-2024-12-16-at-20.31.05-1024x683.jpeg 1024w, https:\/\/revistazetta.com\/wp-content\/uploads\/2024\/12\/WhatsApp-Image-2024-12-16-at-20.31.05-243x162.jpeg 243w, https:\/\/revistazetta.com\/wp-content\/uploads\/2024\/12\/WhatsApp-Image-2024-12-16-at-20.31.05-1536x1024.jpeg 1536w, https:\/\/revistazetta.com\/wp-content\/uploads\/2024\/12\/WhatsApp-Image-2024-12-16-at-20.31.05-2048x1366.jpeg 2048w\" sizes=\"auto, (max-width: 500px) 100vw, 500px\" \/><\/p>\n<p>La agenda de Vive tu plaza es posible gracias a un trabajo articulado desde la Alcald\u00eda Mayor de Cartagena con el Viceministerio de Turismo, el Fondo Nacional de Turismo (Fontur), la Corporaci\u00f3n Turismo Cartagena de Indias (Corpoturismo) y el Instituto de Patrimonio y Cultura de Cartagena de Indias (IPCC).<\/p>\n<p><img loading=\"lazy\" decoding=\"async\" class=\"alignnone size-medium wp-image-55797\" src=\"https:\/\/revistazetta.com\/wp-content\/uploads\/2024\/12\/WhatsApp-Image-2024-12-16-at-20.31.48-500x333.jpeg\" alt=\"\" width=\"500\" height=\"333\" srcset=\"https:\/\/revistazetta.com\/wp-content\/uploads\/2024\/12\/WhatsApp-Image-2024-12-16-at-20.31.48-500x333.jpeg 500w, https:\/\/revistazetta.com\/wp-content\/uploads\/2024\/12\/WhatsApp-Image-2024-12-16-at-20.31.48-1024x683.jpeg 1024w, https:\/\/revistazetta.com\/wp-content\/uploads\/2024\/12\/WhatsApp-Image-2024-12-16-at-20.31.48-243x162.jpeg 243w, https:\/\/revistazetta.com\/wp-content\/uploads\/2024\/12\/WhatsApp-Image-2024-12-16-at-20.31.48-1536x1024.jpeg 1536w, https:\/\/revistazetta.com\/wp-content\/uploads\/2024\/12\/WhatsApp-Image-2024-12-16-at-20.31.48-2048x1365.jpeg 2048w\" sizes=\"auto, (max-width: 500px) 100vw, 500px\" \/><\/p>\n<p>&nbsp;<\/p>\n","protected":false},"excerpt":{"rendered":"<p>Cartagena de Indias, 18 de diciembre de 2024.- En la Plaza de los Coches de Cartagena se inici\u00f3 Vive tu plaza, el programa de turismo responsable, para la celebraci\u00f3n de Navidad en La Heroica, que convierte en un gran espacio para las familias la entrada principal a la ciudad amurallada. La apertura cont\u00f3 con la presencia del alcalde Dumek Turbay; la gestora social, Liliana Majana; la presidente de Corpoturismo, Liliana Rodr\u00edguez; la secretaria de Hacienda, Mar\u00eda Camila Salas; la directora del Instituto de Patrimonio y Cultura de Cartagena de Indias&#8230; <\/p>\n","protected":false},"author":3,"featured_media":55786,"comment_status":"closed","ping_status":"closed","sticky":false,"template":"","format":"standard","meta":{"footnotes":"","_links_to":"","_links_to_target":""},"categories":[86,1450,32],"tags":[274,297,285,296,74],"class_list":["post-55785","post","type-post","status-publish","format-standard","has-post-thumbnail","hentry","category-comunidad","category-parasladers","category-actualidad-distrito","tag-alcaldia-de-cartagena","tag-comunidad","tag-destacada","tag-distrito","tag-dumek-turbay"],"_links":{"self":[{"href":"https:\/\/revistazetta.com\/index.php?rest_route=\/wp\/v2\/posts\/55785","targetHints":{"allow":["GET"]}}],"collection":[{"href":"https:\/\/revistazetta.com\/index.php?rest_route=\/wp\/v2\/posts"}],"about":[{"href":"https:\/\/revistazetta.com\/index.php?rest_route=\/wp\/v2\/types\/post"}],"author":[{"embeddable":true,"href":"https:\/\/revistazetta.com\/index.php?rest_route=\/wp\/v2\/users\/3"}],"replies":[{"embeddable":true,"href":"https:\/\/revistazetta.com\/index.php?rest_route=%2Fwp%2Fv2%2Fcomments&post=55785"}],"version-history":[{"count":0,"href":"https:\/\/revistazetta.com\/index.php?rest_route=\/wp\/v2\/posts\/55785\/revisions"}],"wp:featuredmedia":[{"embeddable":true,"href":"https:\/\/revistazetta.com\/index.php?rest_route=\/wp\/v2\/media\/55786"}],"wp:attachment":[{"href":"https:\/\/revistazetta.com\/index.php?rest_route=%2Fwp%2Fv2%2Fmedia&parent=55785"}],"wp:term":[{"taxonomy":"category","embeddable":true,"href":"https:\/\/revistazetta.com\/index.php?rest_route=%2Fwp%2Fv2%2Fcategories&post=55785"},{"taxonomy":"post_tag","embeddable":true,"href":"https:\/\/revistazetta.com\/index.php?rest_route=%2Fwp%2Fv2%2Ftags&post=55785"}],"curies":[{"name":"wp","href":"https:\/\/api.w.org\/{rel}","templated":true}]}}