{"id":5581,"date":"2015-04-13T07:58:00","date_gmt":"2015-04-13T12:58:00","guid":{"rendered":"http:\/\/www.revistazetta.com\/?p=5581"},"modified":"2015-04-13T07:58:00","modified_gmt":"2015-04-13T12:58:00","slug":"la-boquilla-le-apunta-a-avanzar-con-dumek-turbay","status":"publish","type":"post","link":"https:\/\/revistazetta.com\/?p=5581","title":{"rendered":"La Boquilla le apunta a avanzar con Dumek Turbay"},"content":{"rendered":"<p><a href=\"https:\/\/www.revistazetta.com\/wp-content\/uploads\/2015\/04\/Boquilla-1.jpg\"><img loading=\"lazy\" decoding=\"async\" class=\" size-medium wp-image-5584 alignright\" src=\"https:\/\/www.revistazetta.com\/wp-content\/uploads\/2015\/04\/Boquilla-1-300x188.jpg\" alt=\"Boquilla 1\" width=\"300\" height=\"188\" srcset=\"https:\/\/revistazetta.com\/wp-content\/uploads\/2015\/04\/Boquilla-1-300x188.jpg 300w, https:\/\/revistazetta.com\/wp-content\/uploads\/2015\/04\/Boquilla-1.jpg 576w\" sizes=\"auto, (max-width: 300px) 100vw, 300px\" \/><\/a> \u00a0El candidato a la Gobernaci\u00f3n Dumek Turbay Paz mantuvo el acelerador a fondo en sus visitas del fin de semana a distintos lugares del Departamento.<\/p>\n<p>Este domingo el corregimiento de La Boquilla para dialogar con la comunidad, conocer sus necesidades y proyectos.<\/p>\n<p>Este recorrido por uno de las poblaciones ancestrales de Cartagena fue una invitaci\u00f3n de varios l\u00edderes comunales quienes quisieron ratificar su apoyo a quien proclamaron como el pr\u00f3ximo gobernador de los bolivarenses. Durante las reuniones y visitas, Turbay Paz recibi\u00f3 el apoyo del Concejo Comunitario, los salvavidas de las playas de La Boquilla y la cooperativa ecotur\u00edstica, entre otros.<\/p>\n<p><img loading=\"lazy\" decoding=\"async\" class=\" size-medium wp-image-5586 alignleft\" src=\"https:\/\/www.revistazetta.com\/wp-content\/uploads\/2015\/04\/Boquilla-5-300x188.jpg\" alt=\"Boquilla 5\" width=\"300\" height=\"188\" srcset=\"https:\/\/revistazetta.com\/wp-content\/uploads\/2015\/04\/Boquilla-5-300x188.jpg 300w, https:\/\/revistazetta.com\/wp-content\/uploads\/2015\/04\/Boquilla-5.jpg 576w\" sizes=\"auto, (max-width: 300px) 100vw, 300px\" \/>\u201cEstuvimos saludando a algunos amigos, viendo la preocupaci\u00f3n que hay por el estado de algunas obras de desarrollo que afectan la historia, la cultura, el desarrollo de las v\u00edas de los habitantes de La Boquilla y hay que buscar el equilibrio perfecto entre el desarrollo de la regi\u00f3n, pero tambi\u00e9n cuidando a esta hermosa comunidad\u201d, manifest\u00f3 Dumek Turbay refiri\u00e9ndose a la realizaci\u00f3n de la doble calzada para el Anillo Vial.<\/p>\n<p>Emiro Pinto, Eduardo Ugarriza, Fidel Carmona y Bonifacio De \u00c1vila \u201cEl Bony\u201d, entre otros, fueron los l\u00edderes que adem\u00e1s de entregarle toda la confianza a Dumek Turbay, lo pusieron al tanto de sus penurias para unir esfuerzos y trabajar por el desarrollo de La Boquilla.<\/p>\n<p>De otra parte, la tarde en La Boquilla tambi\u00e9n fue escenario para el disfrute del paisaje natural de esta poblaci\u00f3n. Dumek Turbay visit\u00f3 a la Escuela de Kitesurf de La Boquilla a la cual apoyar\u00e1 para que siga realizando su labor; pero adem\u00e1s acept\u00f3 la invitaci\u00f3n de la cooperativa ecotur\u00edstica que trabaja por la conservaci\u00f3n de los manglares del corregimiento.<\/p>\n<p><img loading=\"lazy\" decoding=\"async\" class=\" size-medium wp-image-5585 alignright\" src=\"https:\/\/www.revistazetta.com\/wp-content\/uploads\/2015\/04\/Boquilla-3-300x188.jpg\" alt=\"Boquilla 3\" width=\"300\" height=\"188\" srcset=\"https:\/\/revistazetta.com\/wp-content\/uploads\/2015\/04\/Boquilla-3-300x188.jpg 300w, https:\/\/revistazetta.com\/wp-content\/uploads\/2015\/04\/Boquilla-3.jpg 576w\" sizes=\"auto, (max-width: 300px) 100vw, 300px\" \/>\u201cLo m\u00e1s agradable de todo fue ese contacto con la naturaleza, con los manglares, con la Ci\u00e9naga de Juancho Polo, con la Ci\u00e9naga de la Virgen, con la faena de pesca de aquellos pescadores que encontramos en nuestro recorrido y el avistamiento de aves. Es un escenario natural hermoso, un para\u00edso que tenemos que proteger, que tenemos que visitar. Estando tan cerca de\u00a0 nuestra casa y muchos no lo conoc\u00edamos\u201d, expres\u00f3 Turbay Paz.<\/p>\n<p>Esta es otra muestra de que Bol\u00edvar Avanza se fundamenta en el trabajo en equipo entre el aspirante y las comunidades que permitir\u00e1 grandes niveles de desarrollo y de bienestar para que Cartagena y el departamento de Bol\u00edvar sigan avanzando.<\/p>\n<p>\u201cNos vamos muy contentos por la manera como se concibe el desarrollo aqu\u00ed en La Boquilla y como se requiere una mano amiga, un gobierno amigo que tambi\u00e9n los pueda proteger y les pueda hacer su vida m\u00e1s agradable y m\u00e1s satisfactoria\u201d, agreg\u00f3 el aspirante a la Gobernaci\u00f3n.<\/p>\n","protected":false},"excerpt":{"rendered":"<p>\u00a0El candidato a la Gobernaci\u00f3n Dumek Turbay Paz mantuvo el acelerador a fondo en sus visitas del fin de semana a distintos lugares del Departamento. Este domingo el corregimiento de La Boquilla para dialogar con la comunidad, conocer sus necesidades y proyectos. Este recorrido por uno de las poblaciones ancestrales de Cartagena fue una invitaci\u00f3n de varios l\u00edderes comunales quienes quisieron ratificar su apoyo a quien proclamaron como el pr\u00f3ximo gobernador de los bolivarenses. Durante las reuniones y visitas, Turbay Paz recibi\u00f3 el apoyo del Concejo Comunitario, los salvavidas de&#8230; <\/p>\n","protected":false},"author":3,"featured_media":5583,"comment_status":"open","ping_status":"closed","sticky":false,"template":"","format":"standard","meta":{"footnotes":"","_links_to":"","_links_to_target":""},"categories":[4],"tags":[],"class_list":["post-5581","post","type-post","status-publish","format-standard","has-post-thumbnail","hentry","category-politica"],"_links":{"self":[{"href":"https:\/\/revistazetta.com\/index.php?rest_route=\/wp\/v2\/posts\/5581","targetHints":{"allow":["GET"]}}],"collection":[{"href":"https:\/\/revistazetta.com\/index.php?rest_route=\/wp\/v2\/posts"}],"about":[{"href":"https:\/\/revistazetta.com\/index.php?rest_route=\/wp\/v2\/types\/post"}],"author":[{"embeddable":true,"href":"https:\/\/revistazetta.com\/index.php?rest_route=\/wp\/v2\/users\/3"}],"replies":[{"embeddable":true,"href":"https:\/\/revistazetta.com\/index.php?rest_route=%2Fwp%2Fv2%2Fcomments&post=5581"}],"version-history":[{"count":0,"href":"https:\/\/revistazetta.com\/index.php?rest_route=\/wp\/v2\/posts\/5581\/revisions"}],"wp:featuredmedia":[{"embeddable":true,"href":"https:\/\/revistazetta.com\/index.php?rest_route=\/wp\/v2\/media\/5583"}],"wp:attachment":[{"href":"https:\/\/revistazetta.com\/index.php?rest_route=%2Fwp%2Fv2%2Fmedia&parent=5581"}],"wp:term":[{"taxonomy":"category","embeddable":true,"href":"https:\/\/revistazetta.com\/index.php?rest_route=%2Fwp%2Fv2%2Fcategories&post=5581"},{"taxonomy":"post_tag","embeddable":true,"href":"https:\/\/revistazetta.com\/index.php?rest_route=%2Fwp%2Fv2%2Ftags&post=5581"}],"curies":[{"name":"wp","href":"https:\/\/api.w.org\/{rel}","templated":true}]}}