{"id":55858,"date":"2024-12-23T06:03:54","date_gmt":"2024-12-23T11:03:54","guid":{"rendered":"https:\/\/revistazetta.com\/?p=55858"},"modified":"2024-12-23T06:03:54","modified_gmt":"2024-12-23T11:03:54","slug":"aterrizo-en-cartagena-el-primer-vuelo-a-colombia-de-la-aerolinea-italiana-neos","status":"publish","type":"post","link":"https:\/\/revistazetta.com\/?p=55858","title":{"rendered":"Aterriz\u00f3 en Cartagena el primer vuelo a Colombia de la aerol\u00ednea italiana Neos"},"content":{"rendered":"<p style=\"padding-left: 40px;\"><span style=\"color: #0000ff;\"><em>El avi\u00f3n parti\u00f3 desde el aeropuerto de Malpensa de Mil\u00e1n, en el norte de Italia. \/ Mil\u00e1n \u2013 Cartagena ser\u00e1 la primera ruta de esta aerol\u00ednea europea en el pa\u00eds. \/ Se trata de una ruta que tendr\u00e1 un vuelo semanal todos los domingos y una parada t\u00e9cnica en Punta Cana, inform\u00f3 OINAC.<\/em><\/span><\/p>\n<p><strong>Cartagena de Indias, 23 de diciembre de 2024.-<\/strong> Gestionado por la Operadora Internacional Aeropuerto de Cartagena (OINAC), Procolombia, la Alcald\u00eda de Cartagena, Corpoturismo y otras entidades en favor de la conectividad de Cartagena con el mundo, aterriz\u00f3 en el Aeropuerto Internacional Rafael N\u00fa\u00f1ez el primer vuelo de la aerol\u00ednea italiana Neos a Colombia, proveniente de Mil\u00e1n.<\/p>\n<p>Tras 9 horas y 40 minutos de vuelo, el avi\u00f3n Boeing 787-9, con un total de 150 pasajeros a bordo, entre los cuales se encontraban Ligia Margarita Quessep Bitar, embajadora de Colombia en Italia, lleg\u00f3 a La Heroica. A su llegada, en horas de la tarde, fue recibido por autoridades locales y miembros de la terminal a\u00e9rea, quienes brindaron una c\u00e1lida bienvenida.<\/p>\n<p>\u201cVamos cerrando el 2024 con m\u00e1s noticias positivas en materia de conectividad a\u00e9rea internacional de Cartagena de Indias, en esta ocasi\u00f3n con esta ruta que hoy inauguramos con Mil\u00e1n. Celebramos esta puerta directa que se abre con Italia, convirti\u00e9ndose en una oportunidad para que siga aumentando la llegada de turistas europeos y sus consecuentes impactos econ\u00f3micos. Este logro es posible luego de importantes gestiones realizadas desde el Comit\u00e9 de Conectividad de la ciudad. La promoci\u00f3n tur\u00edstica de Cartagena sigue dando resultados y la ciudad aspira a posicionarse en Italia como uno de los destinos m\u00e1s apetecidos de Latinoam\u00e9rica\u201d, expres\u00f3 Liliana Rodr\u00edguez Hurtado, presidente ejecutiva destinos Corpoturismo.<\/p>\n<p>Este evento marc\u00f3 el inicio de una nueva conexi\u00f3n a\u00e9rea entre ambos pa\u00edses, reforzando as\u00ed sus lazos tur\u00edsticos y comerciales.<\/p>\n<p>\u201cDesde OINAC, estamos orgullosos de ver c\u00f3mo Cartagena se ha convertido en la puerta de entrada del turismo internacional a Colombia. Para nosotros, este es un gran aliciente, ya que nos motiva a seguir liderando iniciativas que impulsen la conectividad de La Heroica con otras culturas y de esta forma, aportar a su desarrollo econ\u00f3mico y social\u201d, expres\u00f3 Carlos Cuartas, gerente de Concesi\u00f3n OINAC.<\/p>\n<p>Inicialmente, la ruta Mil\u00e1n \u2013 Cartagena operar\u00e1 con una \u00fanica frecuencia semanal, saliendo el domingo y regresando el mismo d\u00eda. Adem\u00e1s, tendr\u00e1 una parada t\u00e9cnica en Punta Cana (Rep\u00fablica Dominicana).<\/p>\n<p>Carmen Caballero, presidenta de ProColombia manifest\u00f3: \u201cEstamos muy felices de que Neos llegue a Colombia. Esta primera ruta entre Italia y El Pa\u00eds de la Belleza es un hito que sin duda contribuir\u00e1 al fortalecimiento de las relaciones comerciales y tur\u00edsticas en ambas orillas. Cuenten con el apoyo de ProColombia para seguir impulsando la conectividad con Italia, que sin duda seguir\u00e1 en aumento\u201d.<\/p>\n<p>La llegada de Neos a Cartagena demuestra una vez m\u00e1s el gran reconocimiento que est\u00e1 teniendo Colombia como destino tur\u00edstico y el auge de conexiones internacionales que viven el pa\u00eds y Latinoam\u00e9rica, de cara a las crecientes solicitudes por parte de aerol\u00edneas de otros continentes.<\/p>\n<p>Con este hito, Cartagena abre, una vez m\u00e1s, un nuevo cap\u00edtulo de su hist\u00f3rico legado, donde se ha destacado y reconocido como uno de los destinos favoritos de viajeros nacionales y extranjeros, debido a su belleza patrimonial, sus playas paradis\u00edacas y su vibrante vida cultural.<\/p>\n<p>&nbsp;<\/p>\n","protected":false},"excerpt":{"rendered":"<p>El avi\u00f3n parti\u00f3 desde el aeropuerto de Malpensa de Mil\u00e1n, en el norte de Italia. \/ Mil\u00e1n \u2013 Cartagena ser\u00e1 la primera ruta de esta aerol\u00ednea europea en el pa\u00eds. \/ Se trata de una ruta que tendr\u00e1 un vuelo semanal todos los domingos y una parada t\u00e9cnica en Punta Cana, inform\u00f3 OINAC. Cartagena de Indias, 23 de diciembre de 2024.- Gestionado por la Operadora Internacional Aeropuerto de Cartagena (OINAC), Procolombia, la Alcald\u00eda de Cartagena, Corpoturismo y otras entidades en favor de la conectividad de Cartagena con el mundo, aterriz\u00f3&#8230; <\/p>\n","protected":false},"author":3,"featured_media":55859,"comment_status":"closed","ping_status":"closed","sticky":false,"template":"","format":"standard","meta":{"footnotes":"","_links_to":"","_links_to_target":""},"categories":[1450,6,39],"tags":[1229,285,2318,302,325],"class_list":["post-55858","post","type-post","status-publish","format-standard","has-post-thumbnail","hentry","category-parasladers","category-turismo","category-turismo-viajes","tag-aeropuerto-rafael-nunez","tag-destacada","tag-neos","tag-turismo","tag-viajes"],"_links":{"self":[{"href":"https:\/\/revistazetta.com\/index.php?rest_route=\/wp\/v2\/posts\/55858","targetHints":{"allow":["GET"]}}],"collection":[{"href":"https:\/\/revistazetta.com\/index.php?rest_route=\/wp\/v2\/posts"}],"about":[{"href":"https:\/\/revistazetta.com\/index.php?rest_route=\/wp\/v2\/types\/post"}],"author":[{"embeddable":true,"href":"https:\/\/revistazetta.com\/index.php?rest_route=\/wp\/v2\/users\/3"}],"replies":[{"embeddable":true,"href":"https:\/\/revistazetta.com\/index.php?rest_route=%2Fwp%2Fv2%2Fcomments&post=55858"}],"version-history":[{"count":0,"href":"https:\/\/revistazetta.com\/index.php?rest_route=\/wp\/v2\/posts\/55858\/revisions"}],"wp:featuredmedia":[{"embeddable":true,"href":"https:\/\/revistazetta.com\/index.php?rest_route=\/wp\/v2\/media\/55859"}],"wp:attachment":[{"href":"https:\/\/revistazetta.com\/index.php?rest_route=%2Fwp%2Fv2%2Fmedia&parent=55858"}],"wp:term":[{"taxonomy":"category","embeddable":true,"href":"https:\/\/revistazetta.com\/index.php?rest_route=%2Fwp%2Fv2%2Fcategories&post=55858"},{"taxonomy":"post_tag","embeddable":true,"href":"https:\/\/revistazetta.com\/index.php?rest_route=%2Fwp%2Fv2%2Ftags&post=55858"}],"curies":[{"name":"wp","href":"https:\/\/api.w.org\/{rel}","templated":true}]}}