{"id":55871,"date":"2024-12-23T06:43:24","date_gmt":"2024-12-23T11:43:24","guid":{"rendered":"https:\/\/revistazetta.com\/?p=55871"},"modified":"2024-12-23T06:43:24","modified_gmt":"2024-12-23T11:43:24","slug":"el-programa-justo-bolivar-recibe-el-premio-colombia-participa-del-ministerio-del-interior","status":"publish","type":"post","link":"https:\/\/revistazetta.com\/?p=55871","title":{"rendered":"El programa Justo Bol\u00edvar recibe el premio Colombia Participa del Ministerio del Interior"},"content":{"rendered":"<div>Bogot\u00e1, Cundinamarca, 22 de diciembre de 2024.<\/div>\n<div>El programa Justo Bol\u00edvar, liderado por la Gobernaci\u00f3n de Bol\u00edvar, que recibi\u00f3 el premio \u00abPrograma del A\u00f1o\u00bb de Revista Zetta, tambi\u00e9n logr\u00f3 otro importante reconocimiento, el\u00a0prestigioso premio Colombia Participa, otorgado por el Ministerio del Interior para reconocer las mejores iniciativas que promueven la participaci\u00f3n ciudadana en el pa\u00eds.<\/div>\n<div><\/div>\n<div>Este reconocimiento exalta el impacto y la innovaci\u00f3n de Justo Bol\u00edvar en acercar la justicia a las comunidades del departamento, fortaleciendo su participaci\u00f3n activa y promoviendo soluciones efectivas a trav\u00e9s de jornadas de acceso a la justicia.<\/div>\n<div><\/div>\n<div><strong>Una premiaci\u00f3n que destaca el compromiso del liderazgo bolivarense<\/strong><\/div>\n<div><\/div>\n<div>La ceremonia de premiaci\u00f3n se realiz\u00f3 en Bogot\u00e1, donde Yamil Arana, gobernador de Bol\u00edvar, y el equipo del programa Justo Bol\u00edvar fueron destacados entre m\u00e1s de 160 iniciativas postuladas a nivel nacional.<\/div>\n<div><\/div>\n<div>Javier Doria, secretario del Interior y Asuntos Gubernamentales de la Gobernaci\u00f3n de Bol\u00edvar, manifest\u00f3 su orgullo por este logro: \u201cEste es el resultado de cumplir la directriz del gobernador Yamil Arana: estar m\u00e1s cerca del territorio, trabajando de la mano con los bol\u00edvarenses, en equipo y con aliados estrat\u00e9gicos. Este reconocimiento tambi\u00e9n es gracias al compromiso de voluntarios y entidades que hacen posible estas jornadas\u201d.<\/div>\n<div><\/div>\n<div><strong>Justo Bol\u00edvar: un impacto tangible en 2024<\/strong><\/div>\n<div><\/div>\n<div>Durante el a\u00f1o 2024, el programa Justo Bol\u00edvar benefici\u00f3 a m\u00e1s de 29.000 ciudadanos en 27 jornadas de acceso a la justicia realizadas en municipios desde el norte hasta el sur del departamento.<\/div>\n<div><\/div>\n<div>Estas jornadas fueron posibles gracias al trabajo conjunto con m\u00e1s de 40 entidades aliadas y el esfuerzo de 200 voluntarios, quienes llevaron la justicia al alcance de las comunidades m\u00e1s vulnerables. Entre los servicios ofrecidos estuvieron:<\/div>\n<div>\u2022Asesor\u00edas legales para tr\u00e1mites.<\/div>\n<div>\u2022Servicios de conciliaci\u00f3n a trav\u00e9s de centros especializados.<\/div>\n<div>\u2022Socializaci\u00f3n de rutas de acceso a la justicia para garantizar derechos.<\/div>\n<div><\/div>\n<div>Adem\u00e1s, se ofrecieron tr\u00e1mites esenciales en colaboraci\u00f3n con entidades como la Registradur\u00eda Nacional y Migraci\u00f3n Colombia, incluyendo la expedici\u00f3n de c\u00e9dulas, tarjetas de identidad y Permisos de Protecci\u00f3n Temporal para migrantes.<\/div>\n<div><\/div>\n<div><strong>Un modelo de participaci\u00f3n ciudadana y justicia social<\/strong><\/div>\n<div><\/div>\n<div>Con este premio, el Ministerio del Interior reconoce no solo la efectividad del programa Justo Bol\u00edvar, sino tambi\u00e9n su capacidad de articular esfuerzos con aliados estrat\u00e9gicos y voluntarios, convirti\u00e9ndose en un modelo a seguir en Colombia.<\/div>\n<div><\/div>\n<div>El galard\u00f3n reafirma el compromiso del gobernador Yamil Arana y su equipo de seguir transformando vidas a trav\u00e9s de un enfoque participativo y humano, acercando los derechos fundamentales a las comunidades m\u00e1s necesitadas.<\/div>\n<div><\/div>\n<div>Justo Bol\u00edvar no solo acerca la justicia, sino que construye un Bol\u00edvar m\u00e1s justo, equitativo y participativo.<\/div>\n","protected":false},"excerpt":{"rendered":"<p>Bogot\u00e1, Cundinamarca, 22 de diciembre de 2024. El programa Justo Bol\u00edvar, liderado por la Gobernaci\u00f3n de Bol\u00edvar, que recibi\u00f3 el premio \u00abPrograma del A\u00f1o\u00bb de Revista Zetta, tambi\u00e9n logr\u00f3 otro importante reconocimiento, el\u00a0prestigioso premio Colombia Participa, otorgado por el Ministerio del Interior para reconocer las mejores iniciativas que promueven la participaci\u00f3n ciudadana en el pa\u00eds. Este reconocimiento exalta el impacto y la innovaci\u00f3n de Justo Bol\u00edvar en acercar la justicia a las comunidades del departamento, fortaleciendo su participaci\u00f3n activa y promoviendo soluciones efectivas a trav\u00e9s de jornadas de acceso a&#8230; <\/p>\n","protected":false},"author":3,"featured_media":55872,"comment_status":"closed","ping_status":"closed","sticky":false,"template":"","format":"standard","meta":{"footnotes":"","_links_to":"","_links_to_target":""},"categories":[33,1450,80],"tags":[73,285,2100,300],"class_list":["post-55871","post","type-post","status-publish","format-standard","has-post-thumbnail","hentry","category-actualidad-bolivar","category-parasladers","category-region","tag-bolivar","tag-destacada","tag-justo-bolivar","tag-region"],"_links":{"self":[{"href":"https:\/\/revistazetta.com\/index.php?rest_route=\/wp\/v2\/posts\/55871","targetHints":{"allow":["GET"]}}],"collection":[{"href":"https:\/\/revistazetta.com\/index.php?rest_route=\/wp\/v2\/posts"}],"about":[{"href":"https:\/\/revistazetta.com\/index.php?rest_route=\/wp\/v2\/types\/post"}],"author":[{"embeddable":true,"href":"https:\/\/revistazetta.com\/index.php?rest_route=\/wp\/v2\/users\/3"}],"replies":[{"embeddable":true,"href":"https:\/\/revistazetta.com\/index.php?rest_route=%2Fwp%2Fv2%2Fcomments&post=55871"}],"version-history":[{"count":0,"href":"https:\/\/revistazetta.com\/index.php?rest_route=\/wp\/v2\/posts\/55871\/revisions"}],"wp:featuredmedia":[{"embeddable":true,"href":"https:\/\/revistazetta.com\/index.php?rest_route=\/wp\/v2\/media\/55872"}],"wp:attachment":[{"href":"https:\/\/revistazetta.com\/index.php?rest_route=%2Fwp%2Fv2%2Fmedia&parent=55871"}],"wp:term":[{"taxonomy":"category","embeddable":true,"href":"https:\/\/revistazetta.com\/index.php?rest_route=%2Fwp%2Fv2%2Fcategories&post=55871"},{"taxonomy":"post_tag","embeddable":true,"href":"https:\/\/revistazetta.com\/index.php?rest_route=%2Fwp%2Fv2%2Ftags&post=55871"}],"curies":[{"name":"wp","href":"https:\/\/api.w.org\/{rel}","templated":true}]}}