{"id":55936,"date":"2025-01-13T07:22:05","date_gmt":"2025-01-13T12:22:05","guid":{"rendered":"https:\/\/revistazetta.com\/?p=55936"},"modified":"2025-01-13T10:34:07","modified_gmt":"2025-01-13T15:34:07","slug":"ni-bocelli-vino-ni-chayanne-vendra-cartagena-de-indias-fuera-de-sus-agendas","status":"publish","type":"post","link":"https:\/\/revistazetta.com\/?p=55936","title":{"rendered":"Ni Bocelli vino, ni Chayanne vendr\u00e1: Cartagena de Indias, fuera de sus agendas"},"content":{"rendered":"<p><strong>Cartagena de Indias, 13 de enero de 2025.-<\/strong> Finalmente sonaron las campanas de A\u00f1o Nuevo y el tenor italiano Andrea Bocelli no se present\u00f3 en Cartagena, como en la la ilusi\u00f3n de sus admiradores.<\/p>\n<p>Igual frustraci\u00f3n tienen ahora las \u00abt\u00edas\u00bb, seguidoras de Chayanne, quien solo actuar\u00e1 en Bogot\u00e1 durante su gira latinoamericana. Su presentaci\u00f3n ser\u00e1 el s\u00e1bado 3 de mayo, confirmaron sus maneadores.<\/p>\n<p>El cantante boricua traer\u00e1 lo mejor de su repertorio al Coliseo MedPlus, de Bogot\u00e1. \u2018Bailemos otra vez Tour\u2019, as\u00ed ha denominado a esta gira por Am\u00e9rica Latina que en Colombia solo visitar\u00e1 la capital de la Rep\u00fablica.<\/p>\n<p>Tanto los conciertos de Bocelli como de Chayanne hab\u00edan ganado amplia expectativa tras los esperanzadores anuncios del alcalde Dumek Turbay, quien albergaba la posibilidad de que se concretaran tales espect\u00e1culos, pero finalmente la din\u00e1mica empresarial no habilit\u00f3 las fechas para Cartagena de Indias.<\/p>\n","protected":false},"excerpt":{"rendered":"<p>Cartagena de Indias, 13 de enero de 2025.- Finalmente sonaron las campanas de A\u00f1o Nuevo y el tenor italiano Andrea Bocelli no se present\u00f3 en Cartagena, como en la la ilusi\u00f3n de sus admiradores. Igual frustraci\u00f3n tienen ahora las \u00abt\u00edas\u00bb, seguidoras de Chayanne, quien solo actuar\u00e1 en Bogot\u00e1 durante su gira latinoamericana. Su presentaci\u00f3n ser\u00e1 el s\u00e1bado 3 de mayo, confirmaron sus maneadores. El cantante boricua traer\u00e1 lo mejor de su repertorio al Coliseo MedPlus, de Bogot\u00e1. \u2018Bailemos otra vez Tour\u2019, as\u00ed ha denominado a esta gira por Am\u00e9rica Latina&#8230; <\/p>\n","protected":false},"author":3,"featured_media":55937,"comment_status":"closed","ping_status":"closed","sticky":false,"template":"","format":"standard","meta":{"footnotes":"","_links_to":"","_links_to_target":""},"categories":[41,1450,43],"tags":[290,285,304],"class_list":["post-55936","post","type-post","status-publish","format-standard","has-post-thumbnail","hentry","category-cultura","category-parasladers","category-cultura-musica","tag-cultura","tag-destacada","tag-musica"],"_links":{"self":[{"href":"https:\/\/revistazetta.com\/index.php?rest_route=\/wp\/v2\/posts\/55936","targetHints":{"allow":["GET"]}}],"collection":[{"href":"https:\/\/revistazetta.com\/index.php?rest_route=\/wp\/v2\/posts"}],"about":[{"href":"https:\/\/revistazetta.com\/index.php?rest_route=\/wp\/v2\/types\/post"}],"author":[{"embeddable":true,"href":"https:\/\/revistazetta.com\/index.php?rest_route=\/wp\/v2\/users\/3"}],"replies":[{"embeddable":true,"href":"https:\/\/revistazetta.com\/index.php?rest_route=%2Fwp%2Fv2%2Fcomments&post=55936"}],"version-history":[{"count":0,"href":"https:\/\/revistazetta.com\/index.php?rest_route=\/wp\/v2\/posts\/55936\/revisions"}],"wp:featuredmedia":[{"embeddable":true,"href":"https:\/\/revistazetta.com\/index.php?rest_route=\/wp\/v2\/media\/55937"}],"wp:attachment":[{"href":"https:\/\/revistazetta.com\/index.php?rest_route=%2Fwp%2Fv2%2Fmedia&parent=55936"}],"wp:term":[{"taxonomy":"category","embeddable":true,"href":"https:\/\/revistazetta.com\/index.php?rest_route=%2Fwp%2Fv2%2Fcategories&post=55936"},{"taxonomy":"post_tag","embeddable":true,"href":"https:\/\/revistazetta.com\/index.php?rest_route=%2Fwp%2Fv2%2Ftags&post=55936"}],"curies":[{"name":"wp","href":"https:\/\/api.w.org\/{rel}","templated":true}]}}