{"id":5608,"date":"2015-04-13T22:44:00","date_gmt":"2015-04-14T03:44:00","guid":{"rendered":"http:\/\/www.revistazetta.com\/?p=5608"},"modified":"2015-04-14T06:36:17","modified_gmt":"2015-04-14T11:36:17","slug":"orbita-politica-de-john-zamora-14-de-abril","status":"publish","type":"post","link":"https:\/\/revistazetta.com\/?p=5608","title":{"rendered":"\u00d3rbita Pol\u00edtica de John Zamora &#8211; 14 de abril"},"content":{"rendered":"<p><strong><a href=\"https:\/\/www.revistazetta.com\/wp-content\/uploads\/2015\/04\/Dumek-Manolo.jpg\"><img loading=\"lazy\" decoding=\"async\" class=\" size-medium wp-image-5609 alignright\" src=\"https:\/\/www.revistazetta.com\/wp-content\/uploads\/2015\/04\/Dumek-Manolo-300x188.jpg\" alt=\"Dumek Manolo\" width=\"300\" height=\"188\" srcset=\"https:\/\/revistazetta.com\/wp-content\/uploads\/2015\/04\/Dumek-Manolo-300x188.jpg 300w, https:\/\/revistazetta.com\/wp-content\/uploads\/2015\/04\/Dumek-Manolo.jpg 576w\" sizes=\"auto, (max-width: 300px) 100vw, 300px\" \/><\/a>Manolo y Dumek<\/strong><\/p>\n<p>La primera foto que se tom\u00f3 Manolo Duque como candidato fue en una reuni\u00f3n de Yolanda Wong. El fin de semana pasado coincidi\u00f3 con Dumek Turbay y ambos muy amables se colocaron la gorra del otro. As\u00ed pasa en esta etapa de la campa\u00f1a: los candidatos a Gobernaci\u00f3n dejan libre a sus seguidores para escoger candidato a Alcald\u00eda y viceversa.<\/p>\n<p>&nbsp;<\/p>\n<p>&nbsp;<\/p>\n<p><strong>Frente al silencio oficial, lo extraoficial<br \/>\n<img loading=\"lazy\" decoding=\"async\" class=\" size-medium wp-image-5611 alignleft\" src=\"https:\/\/www.revistazetta.com\/wp-content\/uploads\/2015\/04\/Log-C\u00e1mara-blanco1-300x260.jpg\" alt=\"Log-C\u00e1mara-blanco1\" width=\"300\" height=\"260\" srcset=\"https:\/\/revistazetta.com\/wp-content\/uploads\/2015\/04\/Log-C\u00e1mara-blanco1-300x260.jpg 300w, https:\/\/revistazetta.com\/wp-content\/uploads\/2015\/04\/Log-C\u00e1mara-blanco1.jpg 409w\" sizes=\"auto, (max-width: 300px) 100vw, 300px\" \/><\/strong><\/p>\n<p>La falta de informaci\u00f3n en torno a la selecci\u00f3n del cargo de Presidente Ejecutivo en la C\u00e1mara de Comercio de Cartagena est\u00e1 afectando la imagen de la entidad. Lo peor es que el tiempo pasa y aumentan las prevenciones. Lo que nadie quiere es que la entidad sea afectada por alg\u00fan tent\u00e1culo politiquero, menos en este a\u00f1o electoral. Nadie quiere pensar mal, pero el hermetismo es contraproducente. No obstante, hay que enterarse por medios extraoficiales sobre los ochos finalistas, cuatro damas, cuatro caballeros: Mar\u00eda Claudia P\u00e1ez, Julia Eva Pretelt, Gloria Falla, Marcela Ariza, Napole\u00f3n de la Rosa, Hernando Cepeda, Jaime Hern\u00e1ndez Am\u00edn y \u00c1lvaro Gonz\u00e1lez.<\/p>\n<p>&nbsp;<\/p>\n<p><strong><img loading=\"lazy\" decoding=\"async\" class=\" size-medium wp-image-5610 alignright\" src=\"https:\/\/www.revistazetta.com\/wp-content\/uploads\/2015\/04\/Rafa-Meza-99-180x300.jpg\" alt=\"Rafa Meza 99\" width=\"180\" height=\"300\" srcset=\"https:\/\/revistazetta.com\/wp-content\/uploads\/2015\/04\/Rafa-Meza-99-180x300.jpg 180w, https:\/\/revistazetta.com\/wp-content\/uploads\/2015\/04\/Rafa-Meza-99.jpg 360w\" sizes=\"auto, (max-width: 180px) 100vw, 180px\" \/>Acertado proyecto<\/strong><\/p>\n<p>La Constituci\u00f3n dej\u00f3 bien claro el terreno celestial del estatal. Por eso, en buena hora se present\u00f3 el proyecto de acuerdo que desmonta la famosa oraci\u00f3n previa a cada sesi\u00f3n en el Concejo de Cartagena. Las manifestaciones espirituales corresponden a la esfera interna de cada cual y no le es dable a los creadores de normas imponer pr\u00e1cticas religiosas, por muy sanas y edificantes que sean, como efectivamente son. Aciertan Rafael Meza, David M\u00fanera, William L\u00f3pez, Saray Aguas, Hernando Trucco y Boris Anaya en impulsar esta iniciativa. Hay que abonarle a Duvinia Torres su f\u00e9rrea defensa de esta pr\u00e1ctica, pero el Estado Colombiano tiene por norma suprema a la Constituci\u00f3n.<\/p>\n","protected":false},"excerpt":{"rendered":"<p>Manolo y Dumek La primera foto que se tom\u00f3 Manolo Duque como candidato fue en una reuni\u00f3n de Yolanda Wong. El fin de semana pasado coincidi\u00f3 con Dumek Turbay y ambos muy amables se colocaron la gorra del otro. As\u00ed pasa en esta etapa de la campa\u00f1a: los candidatos a Gobernaci\u00f3n dejan libre a sus seguidores para escoger candidato a Alcald\u00eda y viceversa. &nbsp; &nbsp; Frente al silencio oficial, lo extraoficial La falta de informaci\u00f3n en torno a la selecci\u00f3n del cargo de Presidente Ejecutivo en la C\u00e1mara de Comercio&#8230; <\/p>\n","protected":false},"author":3,"featured_media":5613,"comment_status":"open","ping_status":"closed","sticky":false,"template":"","format":"standard","meta":{"footnotes":"","_links_to":"","_links_to_target":""},"categories":[47,45],"tags":[],"class_list":["post-5608","post","type-post","status-publish","format-standard","has-post-thumbnail","hentry","category-john-zamora","category-orbita"],"_links":{"self":[{"href":"https:\/\/revistazetta.com\/index.php?rest_route=\/wp\/v2\/posts\/5608","targetHints":{"allow":["GET"]}}],"collection":[{"href":"https:\/\/revistazetta.com\/index.php?rest_route=\/wp\/v2\/posts"}],"about":[{"href":"https:\/\/revistazetta.com\/index.php?rest_route=\/wp\/v2\/types\/post"}],"author":[{"embeddable":true,"href":"https:\/\/revistazetta.com\/index.php?rest_route=\/wp\/v2\/users\/3"}],"replies":[{"embeddable":true,"href":"https:\/\/revistazetta.com\/index.php?rest_route=%2Fwp%2Fv2%2Fcomments&post=5608"}],"version-history":[{"count":0,"href":"https:\/\/revistazetta.com\/index.php?rest_route=\/wp\/v2\/posts\/5608\/revisions"}],"wp:featuredmedia":[{"embeddable":true,"href":"https:\/\/revistazetta.com\/index.php?rest_route=\/wp\/v2\/media\/5613"}],"wp:attachment":[{"href":"https:\/\/revistazetta.com\/index.php?rest_route=%2Fwp%2Fv2%2Fmedia&parent=5608"}],"wp:term":[{"taxonomy":"category","embeddable":true,"href":"https:\/\/revistazetta.com\/index.php?rest_route=%2Fwp%2Fv2%2Fcategories&post=5608"},{"taxonomy":"post_tag","embeddable":true,"href":"https:\/\/revistazetta.com\/index.php?rest_route=%2Fwp%2Fv2%2Ftags&post=5608"}],"curies":[{"name":"wp","href":"https:\/\/api.w.org\/{rel}","templated":true}]}}