{"id":56139,"date":"2025-02-02T12:34:27","date_gmt":"2025-02-02T17:34:27","guid":{"rendered":"https:\/\/revistazetta.com\/?p=56139"},"modified":"2025-02-02T12:34:27","modified_gmt":"2025-02-02T17:34:27","slug":"cartagena-de-indias-con-fritos-a-tutiplen","status":"publish","type":"post","link":"https:\/\/revistazetta.com\/?p=56139","title":{"rendered":"\u00a1Cartagena de Indias, con fritos a tutipl\u00e9n!"},"content":{"rendered":"<p style=\"padding-left: 40px;\"><span style=\"color: #0000ff;\"><strong><em>De norte a sur, el frito conquista la ciudad.\u00a0La Alcald\u00eda de Cartagena, a trav\u00e9s del IPCC, apoya los Festivales del Frito Comunitario en las tres localidades<\/em><\/strong><\/span><\/p>\n<p><img decoding=\"async\" class=\"alignnone size-full wp-image-56141\" src=\"https:\/\/revistazetta.com\/wp-content\/uploads\/2025\/02\/Frito-1.heic\" alt=\"\" \/><\/p>\n<p><strong>Cartagena de Indias, 2 de febrero de 2025.-<\/strong> Este domingo concluyen los seis Festivales del Frito que se han desarrollado en simult\u00e1neo en Cartagena, brindando a locales y turistas la oportunidad de disfrutar de los sabores m\u00e1s tradicionales de la regi\u00f3n.<\/p>\n<p>Los asistentes podr\u00e1n degustar delicias como arepas de huevo, carima\u00f1olas, bu\u00f1uelos de frijol y empanadas en los siguientes puntos de la ciudad, que permanecer\u00e1n abiertos hasta las 11 p.m.:<\/p>\n<p>Parque Heredia, en el Centro Comercial.<\/p>\n<p>Sector de las Botas Viejas, barrio Pie del Cerro.<\/p>\n<p>Barrio La Mar\u00eda, en la cancha sint\u00e9tica.<\/p>\n<p>Barrio El Poz\u00f3n, en la cancha principal del sector Central<\/p>\n<p>Barrio Bicentenario, en la plazoleta de la instituci\u00f3n educativa Jorge Garc\u00eda Usta (La Salle)<\/p>\n<p>Isla de Bocachica, parque principal<\/p>\n<p>Adem\u00e1s de la oferta gastron\u00f3mica, la jornada de cierre contar\u00e1 con presentaciones musicales y shows en vivo, convirti\u00e9ndose en el plan perfecto para despedir esta gran celebraci\u00f3n de la cocina cartagenera.<\/p>\n<p><img decoding=\"async\" class=\"alignnone size-full wp-image-56147\" src=\"https:\/\/revistazetta.com\/wp-content\/uploads\/2025\/02\/Frito-7.heic\" alt=\"\" \/><\/p>\n<p><strong>Festival del Frito Cartagenero<\/strong><\/p>\n<p>Gracias a la convocatoria \u201cCandela Viva 2025\u201d, liderada por la Alcald\u00eda Mayor de Cartagena a trav\u00e9s del IPCC, los cartageneros y visitantes disfrutan del tradicional frito cartagenero en distintos sectores del \u201cCorralito de Piedra\u201d sin necesidad de recorrer grandes distancias.<\/p>\n<p>El olor y sabor de esta fiesta gastron\u00f3mica traspasa su tradicional punto en el Monumento a los Zapatos Viejos, llegando a cinco barrios donde, con est\u00edmulos de la convocatoria Candela Viva, se realizan cinco Festivales del Frito Comunitario. Estos se desarrollan en Blas de Lezo, Parque Heredia, El Poz\u00f3n, Ciudad Bicentenario y Bocachica, con el Festival Insular del Frito. Estas iniciativas son independientes al XVL Festival del Frito y buscan acercar la tradici\u00f3n culinaria a m\u00e1s comunidades.<\/p>\n<p><img loading=\"lazy\" decoding=\"async\" class=\"alignnone size-medium wp-image-56152\" src=\"https:\/\/revistazetta.com\/wp-content\/uploads\/2025\/02\/WhatsApp-Image-2025-01-30-at-19.39.54-2-444x333.jpeg\" alt=\"\" width=\"444\" height=\"333\" srcset=\"https:\/\/revistazetta.com\/wp-content\/uploads\/2025\/02\/WhatsApp-Image-2025-01-30-at-19.39.54-2-444x333.jpeg 444w, https:\/\/revistazetta.com\/wp-content\/uploads\/2025\/02\/WhatsApp-Image-2025-01-30-at-19.39.54-2-1024x768.jpeg 1024w, https:\/\/revistazetta.com\/wp-content\/uploads\/2025\/02\/WhatsApp-Image-2025-01-30-at-19.39.54-2-216x162.jpeg 216w, https:\/\/revistazetta.com\/wp-content\/uploads\/2025\/02\/WhatsApp-Image-2025-01-30-at-19.39.54-2-1536x1152.jpeg 1536w, https:\/\/revistazetta.com\/wp-content\/uploads\/2025\/02\/WhatsApp-Image-2025-01-30-at-19.39.54-2.jpeg 1600w\" sizes=\"auto, (max-width: 444px) 100vw, 444px\" \/><\/p>\n<p>\u201cLa inclusi\u00f3n es bandera de nuestro gobierno. Los cartageneros merecen vivir las Fiestas de Nuestra Se\u00f1ora de la Candelaria en familia y con disponibilidad para el sano disfrute. Estos festivales comunitarios refuerzan esa tradici\u00f3n\u201d, afirm\u00f3 Dumek Turbay, alcalde de Cartagena.<\/p>\n<p>Por su parte, Lucy Espinosa, directora del IPCC, indic\u00f3: \u201cLos Festivales Comunitarios tienen su propia magia y desde el instituto procuramos apoyar esas iniciativas, en este caso desde la convocatoria Candela Viva. El impacto econ\u00f3mico, la generaci\u00f3n de empleo directo e indirecto mueve la econom\u00eda local. Nuestros barrios respiran esta tradici\u00f3n, la institucionalidad es garante de que permanezca, y los est\u00edmulos son una forma de hacerlo. La ciudad est\u00e1 en modo frito y Candelaria y no hay rinc\u00f3n en donde no se sienta\u201d.<\/p>\n<p><img loading=\"lazy\" decoding=\"async\" class=\"alignnone size-medium wp-image-56151\" src=\"https:\/\/revistazetta.com\/wp-content\/uploads\/2025\/02\/WhatsApp-Image-2025-01-30-at-19.39.54-1-444x333.jpeg\" alt=\"\" width=\"444\" height=\"333\" srcset=\"https:\/\/revistazetta.com\/wp-content\/uploads\/2025\/02\/WhatsApp-Image-2025-01-30-at-19.39.54-1-444x333.jpeg 444w, https:\/\/revistazetta.com\/wp-content\/uploads\/2025\/02\/WhatsApp-Image-2025-01-30-at-19.39.54-1-1024x768.jpeg 1024w, https:\/\/revistazetta.com\/wp-content\/uploads\/2025\/02\/WhatsApp-Image-2025-01-30-at-19.39.54-1-216x162.jpeg 216w, https:\/\/revistazetta.com\/wp-content\/uploads\/2025\/02\/WhatsApp-Image-2025-01-30-at-19.39.54-1-1536x1152.jpeg 1536w, https:\/\/revistazetta.com\/wp-content\/uploads\/2025\/02\/WhatsApp-Image-2025-01-30-at-19.39.54-1.jpeg 1600w\" sizes=\"auto, (max-width: 444px) 100vw, 444px\" \/><\/p>\n<p><strong>Fiestas y festejos<\/strong><\/p>\n<p>Las festividades tambi\u00e9n encienden la tradici\u00f3n con apoyo de la convocatoria \u201cCandela Viva\u201d. Estas son las celebraciones que robustecen la agenda de las Fiestas de Nuestra Se\u00f1ora de La Candelaria:<\/p>\n<p>1. El Caim\u00e1n del Arte, del 29 de enero al 2 de febrero; Olaya Herrera, sector Central.<\/p>\n<p>2. XXV Festival de La Cumbia a la Manera Cartagenera; del 30 de enero al 02 de febrero; Megabiblioteca Pie de la Popa\/tarima del Festival del Frito Cartagenero en el Monumento a los Zapatos Viejos.<\/p>\n<p>3. Fiestas de La Candelaria de La Popa; con programaci\u00f3n entre 24 de enero y el 01 de febrero.<\/p>\n<p>4. XIX Cabalgata Infantil de Caballitos de Palo y Princesas Candela, el 1 de febrero; barrios aleda\u00f1os a las faldas de la Popa.<\/p>\n<p>5. Fiestas de la Candelaria y Festival del Frito Cartagenero \u201cUn metro diez, a la altura de los ni\u00f1os, las ni\u00f1as y sus derechos, a trav\u00e9s de la educaci\u00f3n y comunicaci\u00f3n\u201d, del 30 de enero al 1 de febrero; talleres y visitas guiadas.<\/p>\n<p>6. Cumbi\u00f3n en Los Calamares: \u201cLas Candelas Benditas\u201d con Las Mu\u00f1econas de Cartagena, el 2 de febrero.<\/p>\n<p>7. V Festival Cultural, Art\u00edstico y Gastron\u00f3mico Patronal en Valores Virgen de La Candelaria, el 3 de febrero desde las 8:00 a. m.; barrio Crespo\/Colegio El Carmelo.<\/p>\n<p>8. Festival del Arroz Pozonero, del 4 al 9 de febrero; barrio El Poz\u00f3n\/ Biblioteca y Centro Cultural Las Pilanderas.<\/p>\n<p>9. La Candela Viva en Nuestras Tradiciones, el 10 de febrero; Biblioteca y Centro Cultural y Las Palmeras.<\/p>\n<p>10. Sant\u00edsimo Encuentro de la Cumbia en La Candelaria \u201cLa cumbia suena, sabe y se baila as\u00ed\u201d, el 15 de febrero; Centro Cultural Socorro\/ Biblioteca Jorge Artel.<\/p>\n<p><strong>M\u00e1s est\u00edmulos<\/strong><\/p>\n<p>La convocatoria Candela Viva 2025 otorg\u00f3 est\u00edmulos en m\u00fasica y danza, y la gran novedad para este a\u00f1o es que, por primera vez, se incluyeron las artes pl\u00e1sticas, las artes esc\u00e9nicas, el cine y la literatura. En este marco, se producir\u00e1n dos filminutos: Virgen y la Ca\u00f1a y El Fandango Eterno, los cuales ser\u00e1n proyectados en plataformas digitales para el p\u00fablico.<br \/>\nLos grupos ganadores en danza y m\u00fasica forman parte de la programaci\u00f3n cultural del Festival del Frito en el Pie de la Popa y participaron en la Noche de Candela. En literatura, se realizar\u00e1n cr\u00f3nicas sobre la historia de La Candelaria, mientras que el dibujo, la pintura y la fotograf\u00eda representar\u00e1n las artes pl\u00e1sticas en esta celebraci\u00f3n.<\/p>\n<p>El alcalde Dumek Turbay y la directora del IPCC, Lucy Espinosa D\u00edaz, invitan a toda la ciudadan\u00eda a participar en los eventos organizados para fortalecer la identidad cultural y el fervor religioso en la ciudad.<\/p>\n<p><img decoding=\"async\" class=\"alignnone size-full wp-image-56146\" src=\"https:\/\/revistazetta.com\/wp-content\/uploads\/2025\/02\/Frito-6.heic\" alt=\"\" \/> <img loading=\"lazy\" decoding=\"async\" class=\"alignnone size-medium wp-image-56145\" src=\"https:\/\/revistazetta.com\/wp-content\/uploads\/2025\/02\/Frito-5.heic\" alt=\"\" width=\"1\" height=\"1\" \/> <img loading=\"lazy\" decoding=\"async\" class=\"alignnone size-medium wp-image-56144\" src=\"https:\/\/revistazetta.com\/wp-content\/uploads\/2025\/02\/Frito-4.heic\" alt=\"\" width=\"1\" height=\"1\" \/> <img loading=\"lazy\" decoding=\"async\" class=\"alignnone size-medium wp-image-56143\" src=\"https:\/\/revistazetta.com\/wp-content\/uploads\/2025\/02\/Frito-3.heic\" alt=\"\" width=\"1\" height=\"1\" \/> <img loading=\"lazy\" decoding=\"async\" class=\"alignnone size-medium wp-image-56142\" src=\"https:\/\/revistazetta.com\/wp-content\/uploads\/2025\/02\/Frito-2.heic\" alt=\"\" width=\"1\" height=\"1\" \/> <img loading=\"lazy\" decoding=\"async\" class=\"alignnone size-medium wp-image-56141\" src=\"https:\/\/revistazetta.com\/wp-content\/uploads\/2025\/02\/Frito-1.heic\" alt=\"\" width=\"1\" height=\"1\" \/> <img loading=\"lazy\" decoding=\"async\" class=\"alignnone size-medium wp-image-56149\" src=\"https:\/\/revistazetta.com\/wp-content\/uploads\/2025\/02\/Frito-9.heic\" alt=\"\" width=\"1\" height=\"1\" \/> <img loading=\"lazy\" decoding=\"async\" class=\"alignnone size-medium wp-image-56148\" src=\"https:\/\/revistazetta.com\/wp-content\/uploads\/2025\/02\/Frito-8.heic\" alt=\"\" width=\"1\" height=\"1\" \/><\/p>\n<p><img loading=\"lazy\" decoding=\"async\" class=\"alignnone size-medium wp-image-56142\" src=\"https:\/\/revistazetta.com\/wp-content\/uploads\/2025\/02\/Frito-2.heic\" alt=\"\" width=\"1\" height=\"1\" \/> <img loading=\"lazy\" decoding=\"async\" class=\"alignnone size-medium wp-image-56143\" src=\"https:\/\/revistazetta.com\/wp-content\/uploads\/2025\/02\/Frito-3.heic\" alt=\"\" width=\"1\" height=\"1\" \/> <img loading=\"lazy\" decoding=\"async\" class=\"alignnone size-medium wp-image-56144\" src=\"https:\/\/revistazetta.com\/wp-content\/uploads\/2025\/02\/Frito-4.heic\" alt=\"\" width=\"1\" height=\"1\" \/> <img loading=\"lazy\" decoding=\"async\" class=\"alignnone size-medium wp-image-56145\" src=\"https:\/\/revistazetta.com\/wp-content\/uploads\/2025\/02\/Frito-5.heic\" alt=\"\" width=\"1\" height=\"1\" \/> <img loading=\"lazy\" decoding=\"async\" class=\"alignnone size-medium wp-image-56146\" src=\"https:\/\/revistazetta.com\/wp-content\/uploads\/2025\/02\/Frito-6.heic\" alt=\"\" width=\"1\" height=\"1\" \/> <img loading=\"lazy\" decoding=\"async\" class=\"alignnone size-medium wp-image-56147\" src=\"https:\/\/revistazetta.com\/wp-content\/uploads\/2025\/02\/Frito-7.heic\" alt=\"\" width=\"1\" height=\"1\" \/> <img loading=\"lazy\" decoding=\"async\" class=\"alignnone size-medium wp-image-56148\" src=\"https:\/\/revistazetta.com\/wp-content\/uploads\/2025\/02\/Frito-8.heic\" alt=\"\" width=\"1\" height=\"1\" \/> <img loading=\"lazy\" decoding=\"async\" class=\"alignnone size-medium wp-image-56149\" src=\"https:\/\/revistazetta.com\/wp-content\/uploads\/2025\/02\/Frito-9.heic\" alt=\"\" width=\"1\" height=\"1\" \/> <img loading=\"lazy\" decoding=\"async\" class=\"alignnone size-medium wp-image-56150\" src=\"https:\/\/revistazetta.com\/wp-content\/uploads\/2025\/02\/WhatsApp-Image-2025-01-30-at-19.39.53-444x333.jpeg\" alt=\"\" width=\"444\" height=\"333\" srcset=\"https:\/\/revistazetta.com\/wp-content\/uploads\/2025\/02\/WhatsApp-Image-2025-01-30-at-19.39.53-444x333.jpeg 444w, https:\/\/revistazetta.com\/wp-content\/uploads\/2025\/02\/WhatsApp-Image-2025-01-30-at-19.39.53-1024x768.jpeg 1024w, https:\/\/revistazetta.com\/wp-content\/uploads\/2025\/02\/WhatsApp-Image-2025-01-30-at-19.39.53-216x162.jpeg 216w, https:\/\/revistazetta.com\/wp-content\/uploads\/2025\/02\/WhatsApp-Image-2025-01-30-at-19.39.53-1536x1152.jpeg 1536w, https:\/\/revistazetta.com\/wp-content\/uploads\/2025\/02\/WhatsApp-Image-2025-01-30-at-19.39.53.jpeg 1600w\" sizes=\"auto, (max-width: 444px) 100vw, 444px\" \/> \u00a0\u00a0<img loading=\"lazy\" decoding=\"async\" class=\"alignnone size-medium wp-image-56153\" src=\"https:\/\/revistazetta.com\/wp-content\/uploads\/2025\/02\/WhatsApp-Image-2025-01-30-at-19.39.54-3-444x333.jpeg\" alt=\"\" width=\"444\" height=\"333\" srcset=\"https:\/\/revistazetta.com\/wp-content\/uploads\/2025\/02\/WhatsApp-Image-2025-01-30-at-19.39.54-3-444x333.jpeg 444w, https:\/\/revistazetta.com\/wp-content\/uploads\/2025\/02\/WhatsApp-Image-2025-01-30-at-19.39.54-3-1024x768.jpeg 1024w, https:\/\/revistazetta.com\/wp-content\/uploads\/2025\/02\/WhatsApp-Image-2025-01-30-at-19.39.54-3-216x162.jpeg 216w, https:\/\/revistazetta.com\/wp-content\/uploads\/2025\/02\/WhatsApp-Image-2025-01-30-at-19.39.54-3-1536x1152.jpeg 1536w, https:\/\/revistazetta.com\/wp-content\/uploads\/2025\/02\/WhatsApp-Image-2025-01-30-at-19.39.54-3.jpeg 1600w\" sizes=\"auto, (max-width: 444px) 100vw, 444px\" \/><\/p>\n<p><img decoding=\"async\" class=\"alignnone size-full wp-image-56142\" src=\"https:\/\/revistazetta.com\/wp-content\/uploads\/2025\/02\/Frito-2.heic\" alt=\"\" \/><\/p>\n<p><img decoding=\"async\" class=\"alignnone size-full wp-image-56148\" src=\"https:\/\/revistazetta.com\/wp-content\/uploads\/2025\/02\/Frito-8.heic\" alt=\"\" \/><\/p>\n","protected":false},"excerpt":{"rendered":"<p>De norte a sur, el frito conquista la ciudad.\u00a0La Alcald\u00eda de Cartagena, a trav\u00e9s del IPCC, apoya los Festivales del Frito Comunitario en las tres localidades Cartagena de Indias, 2 de febrero de 2025.- Este domingo concluyen los seis Festivales del Frito que se han desarrollado en simult\u00e1neo en Cartagena, brindando a locales y turistas la oportunidad de disfrutar de los sabores m\u00e1s tradicionales de la regi\u00f3n. Los asistentes podr\u00e1n degustar delicias como arepas de huevo, carima\u00f1olas, bu\u00f1uelos de frijol y empanadas en los siguientes puntos de la ciudad, que&#8230; <\/p>\n","protected":false},"author":3,"featured_media":56140,"comment_status":"closed","ping_status":"closed","sticky":false,"template":"","format":"standard","meta":{"footnotes":"","_links_to":"","_links_to_target":""},"categories":[58,41,1450],"tags":[328,290,285,611],"class_list":["post-56139","post","type-post","status-publish","format-standard","has-post-thumbnail","hentry","category-cocina","category-cultura","category-parasladers","tag-cocina","tag-cultura","tag-destacada","tag-festival-del-frito"],"_links":{"self":[{"href":"https:\/\/revistazetta.com\/index.php?rest_route=\/wp\/v2\/posts\/56139","targetHints":{"allow":["GET"]}}],"collection":[{"href":"https:\/\/revistazetta.com\/index.php?rest_route=\/wp\/v2\/posts"}],"about":[{"href":"https:\/\/revistazetta.com\/index.php?rest_route=\/wp\/v2\/types\/post"}],"author":[{"embeddable":true,"href":"https:\/\/revistazetta.com\/index.php?rest_route=\/wp\/v2\/users\/3"}],"replies":[{"embeddable":true,"href":"https:\/\/revistazetta.com\/index.php?rest_route=%2Fwp%2Fv2%2Fcomments&post=56139"}],"version-history":[{"count":0,"href":"https:\/\/revistazetta.com\/index.php?rest_route=\/wp\/v2\/posts\/56139\/revisions"}],"wp:featuredmedia":[{"embeddable":true,"href":"https:\/\/revistazetta.com\/index.php?rest_route=\/wp\/v2\/media\/56140"}],"wp:attachment":[{"href":"https:\/\/revistazetta.com\/index.php?rest_route=%2Fwp%2Fv2%2Fmedia&parent=56139"}],"wp:term":[{"taxonomy":"category","embeddable":true,"href":"https:\/\/revistazetta.com\/index.php?rest_route=%2Fwp%2Fv2%2Fcategories&post=56139"},{"taxonomy":"post_tag","embeddable":true,"href":"https:\/\/revistazetta.com\/index.php?rest_route=%2Fwp%2Fv2%2Ftags&post=56139"}],"curies":[{"name":"wp","href":"https:\/\/api.w.org\/{rel}","templated":true}]}}