{"id":56157,"date":"2025-02-03T08:53:38","date_gmt":"2025-02-03T13:53:38","guid":{"rendered":"https:\/\/revistazetta.com\/?p=56157"},"modified":"2025-02-03T08:53:38","modified_gmt":"2025-02-03T13:53:38","slug":"festival-del-frito-cartagenero-2025-ventas-record-de-1-800-millones-el-mejor-de-la-historia","status":"publish","type":"post","link":"https:\/\/revistazetta.com\/?p=56157","title":{"rendered":"Festival del Frito Cartagenero 2025: ventas r\u00e9cord de $1.800 millones, \u00a1el mejor de la historia!"},"content":{"rendered":"<div><strong>Cartagena de Indias, 3 de febrero de 2025.-<\/strong> El 41\u00b0 del Festival del Frito Cartagenero, organizado por la Alcald\u00eda Mayor de Cartagena, a trav\u00e9s del Instituto de Patrimonio y Cultura (IPCC), se consolid\u00f3 como el m\u00e1s exitoso de la historia. Durante 10 d\u00edas en el Monumento a los Zapatos Viejos, el evento logr\u00f3 un impacto econ\u00f3mico sin precedentes, generando ventas por $1.800 millones, beneficiando a 67 matronas, emprendedores y artesanos locales.<\/div>\n<div><\/div>\n<div>La iniciativa Impulso Violeta, que apoya a madres cabeza de familia v\u00edctimas de violencia, junto a la oferta de cocteles y dulces t\u00edpicos, fortaleci\u00f3 la econom\u00eda del festival. Gracias a la asistencia r\u00e9cord de 140.000 personas, los 20 artesanos presentes duplicaron sus ventas, impulsando el comercio local de manera inclusiva.<\/div>\n<div><img loading=\"lazy\" decoding=\"async\" class=\"alignnone size-medium wp-image-56159\" src=\"https:\/\/revistazetta.com\/wp-content\/uploads\/2025\/02\/WhatsApp-Image-2025-02-03-at-07.48.21-500x281.jpeg\" alt=\"\" width=\"500\" height=\"281\" srcset=\"https:\/\/revistazetta.com\/wp-content\/uploads\/2025\/02\/WhatsApp-Image-2025-02-03-at-07.48.21-500x281.jpeg 500w, https:\/\/revistazetta.com\/wp-content\/uploads\/2025\/02\/WhatsApp-Image-2025-02-03-at-07.48.21-1024x576.jpeg 1024w, https:\/\/revistazetta.com\/wp-content\/uploads\/2025\/02\/WhatsApp-Image-2025-02-03-at-07.48.21-250x141.jpeg 250w, https:\/\/revistazetta.com\/wp-content\/uploads\/2025\/02\/WhatsApp-Image-2025-02-03-at-07.48.21-1536x864.jpeg 1536w, https:\/\/revistazetta.com\/wp-content\/uploads\/2025\/02\/WhatsApp-Image-2025-02-03-at-07.48.21-2048x1152.jpeg 2048w\" sizes=\"auto, (max-width: 500px) 100vw, 500px\" \/><\/div>\n<div><\/div>\n<div><strong>M\u00e1s de 200.000 arepas de huevo vendidas en 10 d\u00edas:<\/strong><\/div>\n<div>El evento dej\u00f3 cifras impresionantes: se vendieron m\u00e1s de 200.000 arepas de huevo tradicionales e innovadoras, junto con m\u00e1s de 150.000 fritos, entre empanadas, carima\u00f1olas, arepitas dulces y bu\u00f1uelos de frijol. Adem\u00e1s, las ventas en bebidas alcanzaron $100 millones, cocteles $60 millones y dulces t\u00edpicos $40 millones.<\/div>\n<div><\/div>\n<div>Los vendedores informales del \u00e1rea de retiro, habilitada por la Gerencia de Espacio P\u00fablico, registraron ingresos superiores a $100 millones, con un promedio de $10 millones diarios.<\/div>\n<div><img loading=\"lazy\" decoding=\"async\" class=\"alignnone size-medium wp-image-56161\" src=\"https:\/\/revistazetta.com\/wp-content\/uploads\/2025\/02\/WhatsApp-Image-2025-02-03-at-07.48.22-222x333.jpeg\" alt=\"\" width=\"222\" height=\"333\" srcset=\"https:\/\/revistazetta.com\/wp-content\/uploads\/2025\/02\/WhatsApp-Image-2025-02-03-at-07.48.22-222x333.jpeg 222w, https:\/\/revistazetta.com\/wp-content\/uploads\/2025\/02\/WhatsApp-Image-2025-02-03-at-07.48.22-682x1024.jpeg 682w, https:\/\/revistazetta.com\/wp-content\/uploads\/2025\/02\/WhatsApp-Image-2025-02-03-at-07.48.22-108x162.jpeg 108w, https:\/\/revistazetta.com\/wp-content\/uploads\/2025\/02\/WhatsApp-Image-2025-02-03-at-07.48.22-1023x1536.jpeg 1023w, https:\/\/revistazetta.com\/wp-content\/uploads\/2025\/02\/WhatsApp-Image-2025-02-03-at-07.48.22.jpeg 1066w\" sizes=\"auto, (max-width: 222px) 100vw, 222px\" \/><\/div>\n<div><\/div>\n<div><strong>Cerca de 400 familias han sido beneficiadas: alcalde Dumek Turbay<\/strong><\/div>\n<div>El alcalde Dumek Turbay destac\u00f3 el impacto del festival: \u201cEl Festival del Frito Cartagenero es parte de nuestro patrimonio cultural. Seguiremos apostando por eventos de talla internacional que beneficien a nuestros ciudadanos. Hoy, celebramos el \u00e9xito de cerca de 400 familias de matronas, portadores y auxiliares de mesas, que han visto un crecimiento en sus econom\u00edas\u201d.<\/div>\n<div><\/div>\n<div>Por su parte, Lucy Espinosa D\u00edaz, directora del IPCC, resalt\u00f3 la importancia de la gastronom\u00eda en la identidad cultural de Cartagena: \u201cEste festival es s\u00edmbolo de la revitalizaci\u00f3n de nuestro patrimonio cultural. La gastronom\u00eda local juega un papel fundamental en nuestra ciudad. Con festivales como este buscamos rentabilidad social en todos sus niveles. De esta forma fortalecemos nuestra postulaci\u00f3n ante la Unesco como ciudad creativa en materia de gastronom\u00eda\u201d.<\/div>\n<div><\/div>\n<blockquote>\n<div><strong>Ganadores del Festival 2025<\/strong><\/div>\n<div>\u2022Arepa de Huevo: Jos\u00e9 Gregorio Su\u00e1rez Monsalve<\/div>\n<div>\u2022Frito Innovador: Rosa Esther P\u00e9rez Ortiz<\/div>\n<div>\u2022Carima\u00f1ola: Edilsa Almeida de Romero<\/div>\n<div>\u2022Bu\u00f1uelo de Frijol: Marielen Le\u00f3n Correa<\/div>\n<div>\u2022Arepita Dulce: Martha Elena Blanco Valencia<\/div>\n<div>\u2022Empanada de Carne: Bernabela Bru Zambrano<\/div>\n<\/blockquote>\n<div><\/div>\n<div><strong>El Festival del Frito Cartagenero 2025 ratific\u00f3 su compromiso con la cultura local y el medio ambiente<\/strong><\/div>\n<div>Durante el festival se recolectaron 2,5 toneladas de pl\u00e1sticos para su aprovechamiento y el EPA gestion\u00f3 la recolecci\u00f3n de aceite usado para reciclaje con 400 litros en todo el festival. Adem\u00e1s, los exhibidores de madera utilizados en los puestos fueron elaborados con estibas recicladas del sector portuario, promoviendo la sostenibilidad.<\/div>\n<div><\/div>\n<div>El talento musical en tarima fue 90% local, con artistas seleccionados a trav\u00e9s de la convocatoria Candela Viva.<\/div>\n<div><img loading=\"lazy\" decoding=\"async\" class=\"alignnone size-medium wp-image-56160\" src=\"https:\/\/revistazetta.com\/wp-content\/uploads\/2025\/02\/WhatsApp-Image-2025-02-03-at-07.48.22-1-250x333.jpeg\" alt=\"\" width=\"250\" height=\"333\" srcset=\"https:\/\/revistazetta.com\/wp-content\/uploads\/2025\/02\/WhatsApp-Image-2025-02-03-at-07.48.22-1-250x333.jpeg 250w, https:\/\/revistazetta.com\/wp-content\/uploads\/2025\/02\/WhatsApp-Image-2025-02-03-at-07.48.22-1-768x1024.jpeg 768w, https:\/\/revistazetta.com\/wp-content\/uploads\/2025\/02\/WhatsApp-Image-2025-02-03-at-07.48.22-1-122x162.jpeg 122w, https:\/\/revistazetta.com\/wp-content\/uploads\/2025\/02\/WhatsApp-Image-2025-02-03-at-07.48.22-1-1152x1536.jpeg 1152w, https:\/\/revistazetta.com\/wp-content\/uploads\/2025\/02\/WhatsApp-Image-2025-02-03-at-07.48.22-1.jpeg 1200w\" sizes=\"auto, (max-width: 250px) 100vw, 250px\" \/><\/div>\n<div><\/div>\n<div><strong>El Festival volvi\u00f3 a su casa<\/strong><\/div>\n<div>Tras varias ediciones en otros escenarios, el festival regres\u00f3 al Monumento a los Zapatos Viejos, permitiendo la entrada de m\u00e1s de 10.000 personas simult\u00e1neamente, un aumento del 1.000% en el aforo respecto a a\u00f1os anteriores, superando expectativas el 1 de febrero con m\u00e1s de 39.000 asistentes durante la jornada.<\/div>\n<div><\/div>\n<div>Con esta exitosa edici\u00f3n, el Festival del Frito Cartagenero reafirma su posici\u00f3n como uno de los eventos gastron\u00f3micos m\u00e1s importantes de Colombia.<\/div>\n<div><\/div>\n<div><img loading=\"lazy\" decoding=\"async\" class=\"alignnone size-medium wp-image-56162\" src=\"https:\/\/revistazetta.com\/wp-content\/uploads\/2025\/02\/WhatsApp-Image-2025-02-03-at-07.48.23-1-500x333.jpeg\" alt=\"\" width=\"500\" height=\"333\" srcset=\"https:\/\/revistazetta.com\/wp-content\/uploads\/2025\/02\/WhatsApp-Image-2025-02-03-at-07.48.23-1-500x333.jpeg 500w, https:\/\/revistazetta.com\/wp-content\/uploads\/2025\/02\/WhatsApp-Image-2025-02-03-at-07.48.23-1-1024x683.jpeg 1024w, https:\/\/revistazetta.com\/wp-content\/uploads\/2025\/02\/WhatsApp-Image-2025-02-03-at-07.48.23-1-243x162.jpeg 243w, https:\/\/revistazetta.com\/wp-content\/uploads\/2025\/02\/WhatsApp-Image-2025-02-03-at-07.48.23-1-1536x1024.jpeg 1536w, https:\/\/revistazetta.com\/wp-content\/uploads\/2025\/02\/WhatsApp-Image-2025-02-03-at-07.48.23-1-2048x1366.jpeg 2048w\" sizes=\"auto, (max-width: 500px) 100vw, 500px\" \/><\/div>\n<div><\/div>\n<div><\/div>\n","protected":false},"excerpt":{"rendered":"<p>Cartagena de Indias, 3 de febrero de 2025.- El 41\u00b0 del Festival del Frito Cartagenero, organizado por la Alcald\u00eda Mayor de Cartagena, a trav\u00e9s del Instituto de Patrimonio y Cultura (IPCC), se consolid\u00f3 como el m\u00e1s exitoso de la historia. Durante 10 d\u00edas en el Monumento a los Zapatos Viejos, el evento logr\u00f3 un impacto econ\u00f3mico sin precedentes, generando ventas por $1.800 millones, beneficiando a 67 matronas, emprendedores y artesanos locales. La iniciativa Impulso Violeta, que apoya a madres cabeza de familia v\u00edctimas de violencia, junto a la oferta de&#8230; <\/p>\n","protected":false},"author":3,"featured_media":56158,"comment_status":"closed","ping_status":"closed","sticky":false,"template":"","format":"standard","meta":{"footnotes":"","_links_to":"","_links_to_target":""},"categories":[58,41,1450],"tags":[328,290,285,611],"class_list":["post-56157","post","type-post","status-publish","format-standard","has-post-thumbnail","hentry","category-cocina","category-cultura","category-parasladers","tag-cocina","tag-cultura","tag-destacada","tag-festival-del-frito"],"_links":{"self":[{"href":"https:\/\/revistazetta.com\/index.php?rest_route=\/wp\/v2\/posts\/56157","targetHints":{"allow":["GET"]}}],"collection":[{"href":"https:\/\/revistazetta.com\/index.php?rest_route=\/wp\/v2\/posts"}],"about":[{"href":"https:\/\/revistazetta.com\/index.php?rest_route=\/wp\/v2\/types\/post"}],"author":[{"embeddable":true,"href":"https:\/\/revistazetta.com\/index.php?rest_route=\/wp\/v2\/users\/3"}],"replies":[{"embeddable":true,"href":"https:\/\/revistazetta.com\/index.php?rest_route=%2Fwp%2Fv2%2Fcomments&post=56157"}],"version-history":[{"count":0,"href":"https:\/\/revistazetta.com\/index.php?rest_route=\/wp\/v2\/posts\/56157\/revisions"}],"wp:featuredmedia":[{"embeddable":true,"href":"https:\/\/revistazetta.com\/index.php?rest_route=\/wp\/v2\/media\/56158"}],"wp:attachment":[{"href":"https:\/\/revistazetta.com\/index.php?rest_route=%2Fwp%2Fv2%2Fmedia&parent=56157"}],"wp:term":[{"taxonomy":"category","embeddable":true,"href":"https:\/\/revistazetta.com\/index.php?rest_route=%2Fwp%2Fv2%2Fcategories&post=56157"},{"taxonomy":"post_tag","embeddable":true,"href":"https:\/\/revistazetta.com\/index.php?rest_route=%2Fwp%2Fv2%2Ftags&post=56157"}],"curies":[{"name":"wp","href":"https:\/\/api.w.org\/{rel}","templated":true}]}}