{"id":56163,"date":"2025-02-03T13:14:31","date_gmt":"2025-02-03T18:14:31","guid":{"rendered":"https:\/\/revistazetta.com\/?p=56163"},"modified":"2025-02-03T13:16:20","modified_gmt":"2025-02-03T18:16:20","slug":"cartagena-renuncio-a-la-mediocridad-y-sera-una-superciudad-dumek-turbay","status":"publish","type":"post","link":"https:\/\/revistazetta.com\/?p=56163","title":{"rendered":"Cartagena renunci\u00f3 a la mediocridad y ser\u00e1 una \u201cs\u00faperciudad\u201d: Dumek Turbay"},"content":{"rendered":"<p><span class=\"OYPEnA font-feature-liga-off font-feature-clig-off font-feature-calt-off text-decoration-none text-strikethrough-none\">El alcalde de Cartagena instal\u00f3 sesiones extras del Concejo, previstas hasta el 28 de febrero 2025.\u00a0<\/span><span class=\"OYPEnA font-feature-liga-off font-feature-clig-off font-feature-calt-off text-decoration-none text-strikethrough-none\">Defendi\u00f3 proyectos en curso y dijo que no son meras \u201cmaquetas\u201d. <\/span><span class=\"OYPEnA font-feature-liga-off font-feature-clig-off font-feature-calt-off text-decoration-none text-strikethrough-none\">\u201cHemos hecho tanto que nos toca contar bastante\u201d, sentenci\u00f3.<\/span><\/p>\n<p><strong>Cartagena de Indias, 3 de febrero de 2025.-<\/strong> La inversi\u00f3n superior a US$ 300 millones que se ejecutar\u00e1 en este 2025 ser\u00e1 patrimonio de todos los cartageneros, en una \u00absuperciudad\u00bb que renunci\u00f3 a la mediocridad.<\/p>\n<p>El alcalde de Cartagena, Dumek Turbay entreg\u00f3 un esperanzador mensaje en la instalaci\u00f3n de las sesiones extras del Concejo, previstas hasta el 28 de febrero pr\u00f3ximo, y donde hizo un recuento de lo logrado en 2024 para perfilar un 2025 como \u00aba\u00f1o de la consolidaci\u00f3n\u00bb.<\/p>\n<p><img loading=\"lazy\" decoding=\"async\" class=\"alignnone size-medium wp-image-56165\" src=\"https:\/\/revistazetta.com\/wp-content\/uploads\/2025\/02\/475060436_18483352129005002_1633127089992688170_n-416x333.jpg\" alt=\"\" width=\"416\" height=\"333\" srcset=\"https:\/\/revistazetta.com\/wp-content\/uploads\/2025\/02\/475060436_18483352129005002_1633127089992688170_n-416x333.jpg 416w, https:\/\/revistazetta.com\/wp-content\/uploads\/2025\/02\/475060436_18483352129005002_1633127089992688170_n-1024x819.jpg 1024w, https:\/\/revistazetta.com\/wp-content\/uploads\/2025\/02\/475060436_18483352129005002_1633127089992688170_n-203x162.jpg 203w, https:\/\/revistazetta.com\/wp-content\/uploads\/2025\/02\/475060436_18483352129005002_1633127089992688170_n.jpg 1440w\" sizes=\"auto, (max-width: 416px) 100vw, 416px\" \/><\/p>\n<p>El mandatario asegur\u00f3 que no son meras maquetas sino proyectos estructurados, financiados y licitados, que le cambiar\u00e1n la cara a Cartagena de Indias, y que son \u00abmalas noticias\u00bb para los pesimistas y para quienes quieren ponerle \u00abpalos en la rueda\u00bb, con agenda ocultas, aludiendo a ciertos cr\u00edticos, organizaciones privadas y algunos medios del comunicaci\u00f3n, sin especificar a qui\u00e9nes se refer\u00eda. \u00abNo somos locos, ni somos irresponsables\u00bb, y destac\u00f3 la seriedad de su trayectoria p\u00fablica y la del equipo que le acompa\u00f1a.<\/p>\n<p>Dumek Turbay dijo que hay un equipo de trabajo \u00abcon fuego en el coraz\u00f3n\u00bb, y que algunos funcionarios han tenido una alta nota en su gesti\u00f3n de gobierno, y que el compromiso es grande para sacar adelante todo lo planteado en educaci\u00f3n, infraestructura, turismo, comunidad, servicios p\u00fablicos, entre tantos frentes. Entre los proyectos mencionados est\u00e1n los intercambiadores viales, el Gran malec\u00f3n del Mar, Nuevo Chambac\u00fa, alcantarillado de Bayunca, entre otros.<\/p>\n<p>\u00abHemos hecho tanto que nos toca contar bastante\u00bb, puntualiz\u00f3.<\/p>\n<p><img loading=\"lazy\" decoding=\"async\" class=\"alignnone size-medium wp-image-56169\" src=\"https:\/\/revistazetta.com\/wp-content\/uploads\/2025\/02\/475953990_18483352204005002_8631720633420977623_n-416x333.jpg\" alt=\"\" width=\"416\" height=\"333\" srcset=\"https:\/\/revistazetta.com\/wp-content\/uploads\/2025\/02\/475953990_18483352204005002_8631720633420977623_n-416x333.jpg 416w, https:\/\/revistazetta.com\/wp-content\/uploads\/2025\/02\/475953990_18483352204005002_8631720633420977623_n-1024x819.jpg 1024w, https:\/\/revistazetta.com\/wp-content\/uploads\/2025\/02\/475953990_18483352204005002_8631720633420977623_n-203x162.jpg 203w, https:\/\/revistazetta.com\/wp-content\/uploads\/2025\/02\/475953990_18483352204005002_8631720633420977623_n.jpg 1440w\" sizes=\"auto, (max-width: 416px) 100vw, 416px\" \/><\/p>\n<div class=\"xdj266r x11i5rnm xat24cr x1mh8g0r x1vvkbs x126k92a\">\n<div dir=\"auto\"><strong>\u00a1Misi\u00f3n cumplida!<\/strong><\/div>\n<div dir=\"auto\">En su cuenta de Facebook, el alcalde expres\u00f3:<\/div>\n<div dir=\"auto\" style=\"padding-left: 40px;\"><span style=\"color: #0000ff;\"><em> La primera sesi\u00f3n extraordinaria ante el Concejo culmina con \u00e9xito.<\/em><\/span><\/div>\n<\/div>\n<div class=\"x11i5rnm xat24cr x1mh8g0r x1vvkbs xtlvy1s x126k92a\" style=\"padding-left: 40px;\">\n<div dir=\"auto\" style=\"padding-left: 40px;\"><span style=\"color: #0000ff;\"><em>Hoy dimos un paso m\u00e1s en la consolidaci\u00f3n del progreso que hemos construido. Instalamos el primer periodo de sesiones extraordinarias en el Concejo Distrital y cerramos esta jornada satisfactoriamente.<\/em><\/span><\/div>\n<\/div>\n<div class=\"x11i5rnm xat24cr x1mh8g0r x1vvkbs xtlvy1s x126k92a\" style=\"padding-left: 40px;\">\n<div dir=\"auto\" style=\"padding-left: 40px;\"><span style=\"color: #0000ff;\"><em>Seguimos avanzando con determinaci\u00f3n en movilidad, urbanismo y planificaci\u00f3n financiera para la ciudad.<\/em><\/span><\/div>\n<\/div>\n<div class=\"x11i5rnm xat24cr x1mh8g0r x1vvkbs xtlvy1s x126k92a\" style=\"padding-left: 40px;\">\n<div dir=\"auto\" style=\"padding-left: 40px;\"><span style=\"color: #0000ff;\"><em>Gracias a su compromiso, hoy podemos garantizar recursos para la educaci\u00f3n, la infraestructura vial y la legalizaci\u00f3n de asentamientos, permitiendo que miles de cartageneros vivan con mayor dignidad.<\/em><\/span><\/div>\n<\/div>\n<div class=\"x11i5rnm xat24cr x1mh8g0r x1vvkbs xtlvy1s x126k92a\" style=\"padding-left: 40px;\">\n<div dir=\"auto\" style=\"padding-left: 40px;\"><span style=\"color: #0000ff;\"><em>Cartagena dej\u00f3 de ser una ciudad pesimista. Ahora piensa en grande, act\u00faa con decisi\u00f3n y no se detiene.<\/em><\/span><\/div>\n<\/div>\n<div class=\"x11i5rnm xat24cr x1mh8g0r x1vvkbs xtlvy1s x126k92a\" style=\"padding-left: 40px;\">\n<div dir=\"auto\" style=\"padding-left: 40px;\"><span style=\"color: #0000ff;\"><em>\u00a1Sigamos trabajando juntos!<\/em><\/span><\/div>\n<\/div>\n<div dir=\"auto\">\n<p><img loading=\"lazy\" decoding=\"async\" class=\"alignnone size-medium wp-image-56166\" src=\"https:\/\/revistazetta.com\/wp-content\/uploads\/2025\/02\/475585639_18483352261005002_47105237147774962_n-416x333.jpg\" alt=\"\" width=\"416\" height=\"333\" srcset=\"https:\/\/revistazetta.com\/wp-content\/uploads\/2025\/02\/475585639_18483352261005002_47105237147774962_n-416x333.jpg 416w, https:\/\/revistazetta.com\/wp-content\/uploads\/2025\/02\/475585639_18483352261005002_47105237147774962_n-1024x819.jpg 1024w, https:\/\/revistazetta.com\/wp-content\/uploads\/2025\/02\/475585639_18483352261005002_47105237147774962_n-203x162.jpg 203w, https:\/\/revistazetta.com\/wp-content\/uploads\/2025\/02\/475585639_18483352261005002_47105237147774962_n.jpg 1440w\" sizes=\"auto, (max-width: 416px) 100vw, 416px\" \/><\/p>\n<p><strong>Concejo de Cartagena inicia primer periodo de sesiones extraordinarias para abordar proyectos clave en 2025<\/strong><\/p>\n<p>El presidente del Concejo, *Rafael Meza P\u00e9rez*, reiter\u00f3 el compromiso de la corporaci\u00f3n con el bienestar de los cartageneros. \u201cSeguiremos trabajando de la mano con la Administraci\u00f3n Distrital para sacar adelante iniciativas que mejoren la calidad de vida de nuestros ciudadanos. Estamos listos para seguir aportando al progreso de Cartagena\u201d, se\u00f1al\u00f3.<\/p>\n<p><img loading=\"lazy\" decoding=\"async\" class=\"alignnone size-medium wp-image-56171\" src=\"https:\/\/revistazetta.com\/wp-content\/uploads\/2025\/02\/WhatsApp-Image-2025-02-03-at-10.51.39-1-500x333.jpeg\" alt=\"\" width=\"500\" height=\"333\" srcset=\"https:\/\/revistazetta.com\/wp-content\/uploads\/2025\/02\/WhatsApp-Image-2025-02-03-at-10.51.39-1-500x333.jpeg 500w, https:\/\/revistazetta.com\/wp-content\/uploads\/2025\/02\/WhatsApp-Image-2025-02-03-at-10.51.39-1-1024x683.jpeg 1024w, https:\/\/revistazetta.com\/wp-content\/uploads\/2025\/02\/WhatsApp-Image-2025-02-03-at-10.51.39-1-243x162.jpeg 243w, https:\/\/revistazetta.com\/wp-content\/uploads\/2025\/02\/WhatsApp-Image-2025-02-03-at-10.51.39-1-1536x1024.jpeg 1536w, https:\/\/revistazetta.com\/wp-content\/uploads\/2025\/02\/WhatsApp-Image-2025-02-03-at-10.51.39-1-2048x1365.jpeg 2048w\" sizes=\"auto, (max-width: 500px) 100vw, 500px\" \/><\/p>\n<p>Proyectos de acuerdo a estudiar:<\/p>\n<p>1. Legalizaci\u00f3n de urbanizaciones constituidas por viviendas de inter\u00e9s social.<br \/>\n2. Autorizaci\u00f3n para comprometer vigencias futuras ordinarias con recepci\u00f3n de bienes y servicios.<br \/>\n3. Incorporaci\u00f3n en el presupuesto de rentas y recursos de capital para 2025.<br \/>\n4. Declaraci\u00f3n de utilidad p\u00fablica de macroproyectos estrat\u00e9gicos.<br \/>\n5. Pr\u00f3rroga del contrato de concesi\u00f3n para la disposici\u00f3n final de residuos s\u00f3lidos.<\/p>\n<p><strong>Otros temas destacados<\/strong><br \/>\nEl alcalde Turbay solicit\u00f3 y obtuvo autorizaci\u00f3n del Concejo para salir del pa\u00eds del 17 al 20 de febrero, con el fin de asistir al inicio de la ruta de Aerom\u00e9xico: Cartagena de Indias &#8211; Ciudad de M\u00e9xico.<br \/>\nEl concejal *Carlos Barrios*, vocero de la Bancada de Cambio Radical, anunci\u00f3 que realizar\u00e1n un an\u00e1lisis para determinar si mantienen su posici\u00f3n de gobierno o se declaran en independencia, bas\u00e1ndose en el cumplimiento de los postulados de la Ley 1909 de 2018.<br \/>\nEl concejal *Wilson Toncel* manifest\u00f3 su apoyo continuo a la Administraci\u00f3n Distrital en iniciativas que beneficien a la ciudadan\u00eda.<\/p>\n<p><img loading=\"lazy\" decoding=\"async\" class=\"alignnone size-medium wp-image-56167\" src=\"https:\/\/revistazetta.com\/wp-content\/uploads\/2025\/02\/475903851_18483352222005002_6774185627011380566_n-416x333.jpg\" alt=\"\" width=\"416\" height=\"333\" srcset=\"https:\/\/revistazetta.com\/wp-content\/uploads\/2025\/02\/475903851_18483352222005002_6774185627011380566_n-416x333.jpg 416w, https:\/\/revistazetta.com\/wp-content\/uploads\/2025\/02\/475903851_18483352222005002_6774185627011380566_n-1024x819.jpg 1024w, https:\/\/revistazetta.com\/wp-content\/uploads\/2025\/02\/475903851_18483352222005002_6774185627011380566_n-203x162.jpg 203w, https:\/\/revistazetta.com\/wp-content\/uploads\/2025\/02\/475903851_18483352222005002_6774185627011380566_n.jpg 1440w\" sizes=\"auto, (max-width: 416px) 100vw, 416px\" \/> <img loading=\"lazy\" decoding=\"async\" class=\"alignnone size-medium wp-image-56168\" src=\"https:\/\/revistazetta.com\/wp-content\/uploads\/2025\/02\/475935488_18483352249005002_3350455793616608773_n-416x333.jpg\" alt=\"\" width=\"416\" height=\"333\" srcset=\"https:\/\/revistazetta.com\/wp-content\/uploads\/2025\/02\/475935488_18483352249005002_3350455793616608773_n-416x333.jpg 416w, https:\/\/revistazetta.com\/wp-content\/uploads\/2025\/02\/475935488_18483352249005002_3350455793616608773_n-1024x819.jpg 1024w, https:\/\/revistazetta.com\/wp-content\/uploads\/2025\/02\/475935488_18483352249005002_3350455793616608773_n-203x162.jpg 203w, https:\/\/revistazetta.com\/wp-content\/uploads\/2025\/02\/475935488_18483352249005002_3350455793616608773_n.jpg 1440w\" sizes=\"auto, (max-width: 416px) 100vw, 416px\" \/> \u00a0<img loading=\"lazy\" decoding=\"async\" class=\"alignnone size-medium wp-image-56170\" src=\"https:\/\/revistazetta.com\/wp-content\/uploads\/2025\/02\/476120426_18483352231005002_6347990849872354346_n-416x333.jpg\" alt=\"\" width=\"416\" height=\"333\" srcset=\"https:\/\/revistazetta.com\/wp-content\/uploads\/2025\/02\/476120426_18483352231005002_6347990849872354346_n-416x333.jpg 416w, https:\/\/revistazetta.com\/wp-content\/uploads\/2025\/02\/476120426_18483352231005002_6347990849872354346_n-1024x819.jpg 1024w, https:\/\/revistazetta.com\/wp-content\/uploads\/2025\/02\/476120426_18483352231005002_6347990849872354346_n-203x162.jpg 203w, https:\/\/revistazetta.com\/wp-content\/uploads\/2025\/02\/476120426_18483352231005002_6347990849872354346_n.jpg 1440w\" sizes=\"auto, (max-width: 416px) 100vw, 416px\" \/><\/p>\n<\/div>\n","protected":false},"excerpt":{"rendered":"<p>El alcalde de Cartagena instal\u00f3 sesiones extras del Concejo, previstas hasta el 28 de febrero 2025.\u00a0Defendi\u00f3 proyectos en curso y dijo que no son meras \u201cmaquetas\u201d. \u201cHemos hecho tanto que nos toca contar bastante\u201d, sentenci\u00f3. Cartagena de Indias, 3 de febrero de 2025.- La inversi\u00f3n superior a US$ 300 millones que se ejecutar\u00e1 en este 2025 ser\u00e1 patrimonio de todos los cartageneros, en una \u00absuperciudad\u00bb que renunci\u00f3 a la mediocridad. El alcalde de Cartagena, Dumek Turbay entreg\u00f3 un esperanzador mensaje en la instalaci\u00f3n de las sesiones extras del Concejo, previstas&#8230; <\/p>\n","protected":false},"author":3,"featured_media":56164,"comment_status":"closed","ping_status":"closed","sticky":false,"template":"","format":"standard","meta":{"footnotes":"","_links_to":"","_links_to_target":""},"categories":[27,1450,4],"tags":[274,143,285,74,298],"class_list":["post-56163","post","type-post","status-publish","format-standard","has-post-thumbnail","hentry","category-politicaconcejo","category-parasladers","category-politica","tag-alcaldia-de-cartagena","tag-concejo","tag-destacada","tag-dumek-turbay","tag-politica"],"_links":{"self":[{"href":"https:\/\/revistazetta.com\/index.php?rest_route=\/wp\/v2\/posts\/56163","targetHints":{"allow":["GET"]}}],"collection":[{"href":"https:\/\/revistazetta.com\/index.php?rest_route=\/wp\/v2\/posts"}],"about":[{"href":"https:\/\/revistazetta.com\/index.php?rest_route=\/wp\/v2\/types\/post"}],"author":[{"embeddable":true,"href":"https:\/\/revistazetta.com\/index.php?rest_route=\/wp\/v2\/users\/3"}],"replies":[{"embeddable":true,"href":"https:\/\/revistazetta.com\/index.php?rest_route=%2Fwp%2Fv2%2Fcomments&post=56163"}],"version-history":[{"count":0,"href":"https:\/\/revistazetta.com\/index.php?rest_route=\/wp\/v2\/posts\/56163\/revisions"}],"wp:featuredmedia":[{"embeddable":true,"href":"https:\/\/revistazetta.com\/index.php?rest_route=\/wp\/v2\/media\/56164"}],"wp:attachment":[{"href":"https:\/\/revistazetta.com\/index.php?rest_route=%2Fwp%2Fv2%2Fmedia&parent=56163"}],"wp:term":[{"taxonomy":"category","embeddable":true,"href":"https:\/\/revistazetta.com\/index.php?rest_route=%2Fwp%2Fv2%2Fcategories&post=56163"},{"taxonomy":"post_tag","embeddable":true,"href":"https:\/\/revistazetta.com\/index.php?rest_route=%2Fwp%2Fv2%2Ftags&post=56163"}],"curies":[{"name":"wp","href":"https:\/\/api.w.org\/{rel}","templated":true}]}}