{"id":5617,"date":"2015-04-15T07:28:47","date_gmt":"2015-04-15T12:28:47","guid":{"rendered":"http:\/\/www.revistazetta.com\/?p=5617"},"modified":"2015-04-15T07:28:47","modified_gmt":"2015-04-15T12:28:47","slug":"el-estilo-protagonista-de-tendencias-cartagena-bridal-week-2015","status":"publish","type":"post","link":"https:\/\/revistazetta.com\/?p=5617","title":{"rendered":"El Estilo, protagonista de Tendencias Cartagena Bridal Week 2015"},"content":{"rendered":"<p><a href=\"https:\/\/www.revistazetta.com\/wp-content\/uploads\/2015\/04\/Pedraza-boda-2.jpg\"><img loading=\"lazy\" decoding=\"async\" class=\" size-medium wp-image-5619 alignright\" src=\"https:\/\/www.revistazetta.com\/wp-content\/uploads\/2015\/04\/Pedraza-boda-2-300x188.jpg\" alt=\"Preboda de Paola y Diego en la ciudad amurallada de Cartagena de Indias. Fotografia: Manuel Pedraza \/ Pedraza Producciones\" width=\"300\" height=\"188\" srcset=\"https:\/\/revistazetta.com\/wp-content\/uploads\/2015\/04\/Pedraza-boda-2-300x188.jpg 300w, https:\/\/revistazetta.com\/wp-content\/uploads\/2015\/04\/Pedraza-boda-2.jpg 576w\" sizes=\"auto, (max-width: 300px) 100vw, 300px\" \/><\/a>Los d\u00edas 22 y 23 de septiembre son las fechas escogidas para realizar la VII versi\u00f3n de Tendencias Cartagena Bridal Week 2015\u00ae,\u00a0evento organizado por Sofitel Legend Santa Clara en alianza con\u00a0Simone\u00a0Lejour y que este a\u00f1o se centrar\u00e1 en el Style (Estilo) como protagonista.<\/p>\n<p>Cartagena ser\u00e1 el punto de encuentro de los m\u00e1s destacados y reconocidos profesionales tra\u00eddos directamente desde Nueva York y quienes a trav\u00e9s de sus conferencias magistrales actualizar\u00e1n a la industria de las bodas y los eventos.<\/p>\n<p>&nbsp;<\/p>\n<p><strong>Jes Gordon<\/strong><\/p>\n<p>Entre los invitados a esta versi\u00f3n est\u00e1 la reconocida dise\u00f1adora y productora de eventos Jes Gordon, con una perfecta trayectoria que le ha llevado a participar en importantes programas como \u201cThe Perfect Party\u201d y \u201cRocco\u00b4s Dinner Party, entre otros. Ha trabajado para famosas estrellas como Elton John, Nicolas Cage, Bono y Sting y autora del libro \u201cParty like a rock star\u201d (Una fiesta como una estrella de rock).<\/p>\n<p>&nbsp;<\/p>\n<p><strong>Ron Ben Israel<\/strong><\/p>\n<p>Uno de los m\u00e1s destacados maestros de la reposter\u00eda internacional llega a Cartagena para mostrar todo su ingenio. Descubierto e impulsado por Martha Stewart este israel\u00ed ha logrado ganarse una muy buena reputaci\u00f3n gracias a los m\u00ednimos detalles que pone en cada una de sus creaciones, las cuales han estado en importantes eventos de bodas y ocasiones especiales.<\/p>\n<p>Es conocido por su participaci\u00f3n en el programa \u201cDulce Genius\u201d, en el cual ha estado como Jurado. Adem\u00e1s ha estado en el show de Oprah Winfrey, Food Network y Late Show con David Letterman.<\/p>\n<p>&nbsp;<\/p>\n<p><strong>Julie Sabatino<\/strong><\/p>\n<p>Experta en el estilo de las novias, ha usado su experiencia para lograr encontrar el look perfecto a las novias no solo para su d\u00eda sino para todas las actividades que tienen para la celebraci\u00f3n; asimismo tambi\u00e9n asesora a los padres, las damas de honor, etc.<\/p>\n<p>&nbsp;<\/p>\n<p><strong>Christian OTH<\/strong><\/p>\n<p>Es considerado uno de los 10 mejores fot\u00f3grafos de bodas en el mundo. Su experiencia en el periodismo, la publicidad y los retratos la ha unido en una solo m\u00e9todo para definir la est\u00e9tica de la fotograf\u00eda de bodas contempor\u00e1nea<\/p>\n<p>&nbsp;<\/p>\n<p><strong>Juan Pablo Estrada<\/strong><\/p>\n<p>Juan Pablo como Wedding Planner de Sofitel Legend Santa Clara ha estado al frente de las m\u00e1s espectaculares bodas que se han realizado en el Hotel, gracias a su creatividad y buen gusto en cada uno de los detalles.<\/p>\n<p><a href=\"https:\/\/www.revistazetta.com\/wp-content\/uploads\/2015\/04\/Pedraza-boda-5.jpg\"><img loading=\"lazy\" decoding=\"async\" class=\" size-medium wp-image-5620 aligncenter\" src=\"https:\/\/www.revistazetta.com\/wp-content\/uploads\/2015\/04\/Pedraza-boda-5-300x188.jpg\" alt=\"BODA PAOLA Y DANIEL EN EL CLUB NAVAL DE CASTILLOGRANDE. CEREMONIA IGLESIA ERMITA DE EL CABRERO RECEPCION CLUB NAVAL DE CASTILLOGRANDE WEDDING PLANNER @yaradelrio FOTOGRAFIA MANUEL PEDRAZA \/ PEDRAZA PRODUCCIONES\" width=\"300\" height=\"188\" srcset=\"https:\/\/revistazetta.com\/wp-content\/uploads\/2015\/04\/Pedraza-boda-5-300x188.jpg 300w, https:\/\/revistazetta.com\/wp-content\/uploads\/2015\/04\/Pedraza-boda-5.jpg 576w\" sizes=\"auto, (max-width: 300px) 100vw, 300px\" \/><\/a><\/p>\n<p><strong>Un evento que evoluciona<\/strong><\/p>\n<p>Para Simone Lejour, co directora de Tendencias Cartagena Bridal Week 2015 \u00ae, \u201cEs muy importante para nosotros realizar este evento, el cual creemos ha logrado despertar la conciencia sobre la importancia que tiene el segmento Bodas en el mercado nacional. Esta industria, es un gran generador de empleo, ingresos, imagen, turismo y ocupaci\u00f3n hotelera para el pa\u00eds\u201d.<\/p>\n<p>\u201cNuestro evento ya es tenido en cuenta por los grandes en Nueva York que como sabemos es la meca de los grandes eventos de lujo en el mundo. Para ello, Matthew Robbins, quien estuvo el a\u00f1o pasado en Tendencias, ha sido un aliado extraordinario en la promoci\u00f3n de nuestra ciudad y de nuestro pa\u00eds.\u201d Puntualiza\u00f3 Simone.<\/p>\n<p>Seg\u00fan Carmen Otero, directora de mercadeo y ventas de Sofitel Legend Santa Clara y codirectora de Tendencias Cartagena Bridal Week 2015 \u00ae, \u201cSiempre estamos atentos a los movimientos del mercado internacional y por eso hacemos un enorme esfuerzo para traer cada a\u00f1o a los mejores expositores que sabemos van aportar sus conocimientos y experiencia a nuestra industria de las bodas\u201d.<\/p>\n<p>\u201cLos participantes no solo podr\u00e1n conocer en detalle las \u00faltimas tendencias del mundo de las bodas sino inspirarse, intercambiar ideas y conectar profesionalmente con empresarios de varios pa\u00edses latinoamericanos para hacer nuevos negocios\u201d. Agreg\u00f3 Otero.<\/p>\n","protected":false},"excerpt":{"rendered":"<p>Los d\u00edas 22 y 23 de septiembre son las fechas escogidas para realizar la VII versi\u00f3n de Tendencias Cartagena Bridal Week 2015\u00ae,\u00a0evento organizado por Sofitel Legend Santa Clara en alianza con\u00a0Simone\u00a0Lejour y que este a\u00f1o se centrar\u00e1 en el Style (Estilo) como protagonista. Cartagena ser\u00e1 el punto de encuentro de los m\u00e1s destacados y reconocidos profesionales tra\u00eddos directamente desde Nueva York y quienes a trav\u00e9s de sus conferencias magistrales actualizar\u00e1n a la industria de las bodas y los eventos. &nbsp; Jes Gordon Entre los invitados a esta versi\u00f3n est\u00e1 la&#8230; <\/p>\n","protected":false},"author":3,"featured_media":5618,"comment_status":"open","ping_status":"closed","sticky":false,"template":"","format":"standard","meta":{"footnotes":"","_links_to":"","_links_to_target":""},"categories":[3,50],"tags":[],"class_list":["post-5617","post","type-post","status-publish","format-standard","has-post-thumbnail","hentry","category-ciudad","category-empresa"],"_links":{"self":[{"href":"https:\/\/revistazetta.com\/index.php?rest_route=\/wp\/v2\/posts\/5617","targetHints":{"allow":["GET"]}}],"collection":[{"href":"https:\/\/revistazetta.com\/index.php?rest_route=\/wp\/v2\/posts"}],"about":[{"href":"https:\/\/revistazetta.com\/index.php?rest_route=\/wp\/v2\/types\/post"}],"author":[{"embeddable":true,"href":"https:\/\/revistazetta.com\/index.php?rest_route=\/wp\/v2\/users\/3"}],"replies":[{"embeddable":true,"href":"https:\/\/revistazetta.com\/index.php?rest_route=%2Fwp%2Fv2%2Fcomments&post=5617"}],"version-history":[{"count":0,"href":"https:\/\/revistazetta.com\/index.php?rest_route=\/wp\/v2\/posts\/5617\/revisions"}],"wp:featuredmedia":[{"embeddable":true,"href":"https:\/\/revistazetta.com\/index.php?rest_route=\/wp\/v2\/media\/5618"}],"wp:attachment":[{"href":"https:\/\/revistazetta.com\/index.php?rest_route=%2Fwp%2Fv2%2Fmedia&parent=5617"}],"wp:term":[{"taxonomy":"category","embeddable":true,"href":"https:\/\/revistazetta.com\/index.php?rest_route=%2Fwp%2Fv2%2Fcategories&post=5617"},{"taxonomy":"post_tag","embeddable":true,"href":"https:\/\/revistazetta.com\/index.php?rest_route=%2Fwp%2Fv2%2Ftags&post=5617"}],"curies":[{"name":"wp","href":"https:\/\/api.w.org\/{rel}","templated":true}]}}