{"id":5622,"date":"2015-04-15T07:38:14","date_gmt":"2015-04-15T12:38:14","guid":{"rendered":"http:\/\/www.revistazetta.com\/?p=5622"},"modified":"2015-04-15T07:38:14","modified_gmt":"2015-04-15T12:38:14","slug":"asamblea-establece-contralores-escolares-en-bolivar","status":"publish","type":"post","link":"https:\/\/revistazetta.com\/?p=5622","title":{"rendered":"Asamblea establece Contralores Escolares en Bol\u00edvar"},"content":{"rendered":"<p>Que las nuevas generaciones aprendan a apreciar lo p\u00fablico es el prop\u00f3sito de los Contralores Escolares, que se elegir\u00e1n en todos los colegios oficiales de Bol\u00edvar a partir de la ordenanza aprobada por la Asamblea Departamental.<\/p>\n<p>Seg\u00fan el autor del proyecto, el contralor departamental \u00d3scar Pardo, se busca que desde temprana edad se comience a tomar conciencia de la importancia de cuidar los recursos p\u00fablicos y por ello la ordenanza se cumplir\u00e1 en todas las instituciones educativas del orden departamental.<\/p>\n<p>En la plenaria de este martes, la Asamblea de Bol\u00edvar aprob\u00f3 en tercer debate este proyecto que crea las figuras de Contralor Escolar, Contralor Auxiliar y las redes de contralores escolares en las instituciones educativas oficiales del departamento de Bol\u00edvar.<\/p>\n<p>La figura es similar a los personeros estudiantiles, y los contralores escolares ser\u00e1n elegidos en la misma fecha, entre alumnos de 10\u00ba y 11\u00ba grados. Quien quede de segundo ser\u00e1 contralor auxiliar, y entre todos los contralores de cada municipio existir\u00e1 una red, que a la vez se integrar\u00e1 con una gran red departamental.<\/p>\n<p>A juicio del diputado Luis Padilla, este es un proyecto de vanguardia pues encarna el verdadero sentido de la pedagog\u00eda c\u00edvica hacia lo p\u00fablico.<\/p>\n<p>Seg\u00fan el contralor departamental, \u00d3scar Pardo, \u201cen el mes de mayo de 2015, en fecha por definir, haremos el lanzamiento de este programa en el municipio de Arjona, con asistencia del gobierno departamental, en especial la Secretar\u00eda de Educaci\u00f3n, alcaldes y secretarios de educaci\u00f3n de Bol\u00edvar, diputados, invitados especiales, contralores territoriales de Colombia y la ciudadan\u00eda en general\u201d.<\/p>\n<p>Seg\u00fan Pardo, \u201clos estudiantes contralores escolares ser\u00e1n los actores claves encargados de promover la democratizaci\u00f3n de la administraci\u00f3n p\u00fablica y la participaci\u00f3n ciudadana en el control fiscal del sector educativo.\u201d.<\/p>\n<p>Para el Contralor, \u201clas redes de contralores escolares permitir\u00e1n generar la sinergia necesaria para el sostenimiento del proyecto y para la difusi\u00f3n de las mejores pr\u00e1cticas de control fiscal participativo en las instituciones educativas en Bol\u00edvar\u201d.<\/p>\n<p>Seg\u00fan el funcionario para lograr estos cometidos \u201ces preciso dinamizar los cambios introducidos por la Constituci\u00f3n Pol\u00edtica y materializarlos en acciones tangibles dentro de la \u00f3rbita de competencias funcionales de la Contralor\u00eda Departamental de Bol\u00edvar\u201d.<\/p>\n<p>\u201cBajo esta perspectiva, se hace necesaria la inclusi\u00f3n de la poblaci\u00f3n joven de Bol\u00edvar, a efectos de que tengan <span style=\"text-decoration: underline;\">conocimiento<\/span> del control fiscal en aras de ir generando una cultura de transparencia, conocimiento de lo p\u00fablico y sentido de pertenencia en lo que respecta a los bienes que pertenecen al Estado\u201d, dice la ordenanza.<\/p>\n","protected":false},"excerpt":{"rendered":"<p>Que las nuevas generaciones aprendan a apreciar lo p\u00fablico es el prop\u00f3sito de los Contralores Escolares, que se elegir\u00e1n en todos los colegios oficiales de Bol\u00edvar a partir de la ordenanza aprobada por la Asamblea Departamental. Seg\u00fan el autor del proyecto, el contralor departamental \u00d3scar Pardo, se busca que desde temprana edad se comience a tomar conciencia de la importancia de cuidar los recursos p\u00fablicos y por ello la ordenanza se cumplir\u00e1 en todas las instituciones educativas del orden departamental. En la plenaria de este martes, la Asamblea de Bol\u00edvar&#8230; <\/p>\n","protected":false},"author":3,"featured_media":5624,"comment_status":"open","ping_status":"closed","sticky":false,"template":"","format":"standard","meta":{"footnotes":"","_links_to":"","_links_to_target":""},"categories":[28,4],"tags":[],"class_list":["post-5622","post","type-post","status-publish","format-standard","has-post-thumbnail","hentry","category-politica-asamblea","category-politica"],"_links":{"self":[{"href":"https:\/\/revistazetta.com\/index.php?rest_route=\/wp\/v2\/posts\/5622","targetHints":{"allow":["GET"]}}],"collection":[{"href":"https:\/\/revistazetta.com\/index.php?rest_route=\/wp\/v2\/posts"}],"about":[{"href":"https:\/\/revistazetta.com\/index.php?rest_route=\/wp\/v2\/types\/post"}],"author":[{"embeddable":true,"href":"https:\/\/revistazetta.com\/index.php?rest_route=\/wp\/v2\/users\/3"}],"replies":[{"embeddable":true,"href":"https:\/\/revistazetta.com\/index.php?rest_route=%2Fwp%2Fv2%2Fcomments&post=5622"}],"version-history":[{"count":0,"href":"https:\/\/revistazetta.com\/index.php?rest_route=\/wp\/v2\/posts\/5622\/revisions"}],"wp:featuredmedia":[{"embeddable":true,"href":"https:\/\/revistazetta.com\/index.php?rest_route=\/wp\/v2\/media\/5624"}],"wp:attachment":[{"href":"https:\/\/revistazetta.com\/index.php?rest_route=%2Fwp%2Fv2%2Fmedia&parent=5622"}],"wp:term":[{"taxonomy":"category","embeddable":true,"href":"https:\/\/revistazetta.com\/index.php?rest_route=%2Fwp%2Fv2%2Fcategories&post=5622"},{"taxonomy":"post_tag","embeddable":true,"href":"https:\/\/revistazetta.com\/index.php?rest_route=%2Fwp%2Fv2%2Ftags&post=5622"}],"curies":[{"name":"wp","href":"https:\/\/api.w.org\/{rel}","templated":true}]}}