{"id":56265,"date":"2025-02-13T15:19:28","date_gmt":"2025-02-13T20:19:28","guid":{"rendered":"https:\/\/revistazetta.com\/?p=56265"},"modified":"2025-02-13T15:19:28","modified_gmt":"2025-02-13T20:19:28","slug":"juliana-aray-reitera-llamado-al-gobierno-sobre-la-crisis-humanitaria-en-el-sur-de-bolivar","status":"publish","type":"post","link":"https:\/\/revistazetta.com\/?p=56265","title":{"rendered":"Juliana Aray reitera llamado al Gobierno sobre la crisis humanitaria en el Sur de Bol\u00edvar"},"content":{"rendered":"<p><strong>Bogot\u00e1. D.C. 13 de febrero de 2025.-<\/strong> En su pronunciamiento, Aray destac\u00f3 que la crisis no est\u00e1 en redes sociales, sino en las regiones del pa\u00eds, donde el abandono estatal ha dejado a las comunidades vulnerables en una situaci\u00f3n de inseguridad y falta de servicios b\u00e1sicos como salud, educaci\u00f3n y justicia.<\/p>\n<p>Aray expres\u00f3 su preocupaci\u00f3n por la falta de direcci\u00f3n del Gobierno, evidenciada en las m\u00faltiples renuncias ministeriales y la ausencia del presidente durante una crisis de violencia creciente.<\/p>\n<p>\u201cLa falta de liderazgo y la descoordinaci\u00f3n del Gobierno ha dejado a muchos bolivarenses desplazados en el Sur de Bol\u00edvar y sin acceso a servicios esenciales como salud, educaci\u00f3n y justicia. enfatiz\u00f3.<\/p>\n<p>La congresista reafirm\u00f3 su compromiso desde el Congreso para exigir soluciones reales, en especial para las comunidades m\u00e1s afectadas por la crisis en Bol\u00edvar.<\/p>\n","protected":false},"excerpt":{"rendered":"<p>Bogot\u00e1. D.C. 13 de febrero de 2025.- En su pronunciamiento, Aray destac\u00f3 que la crisis no est\u00e1 en redes sociales, sino en las regiones del pa\u00eds, donde el abandono estatal ha dejado a las comunidades vulnerables en una situaci\u00f3n de inseguridad y falta de servicios b\u00e1sicos como salud, educaci\u00f3n y justicia. Aray expres\u00f3 su preocupaci\u00f3n por la falta de direcci\u00f3n del Gobierno, evidenciada en las m\u00faltiples renuncias ministeriales y la ausencia del presidente durante una crisis de violencia creciente. \u201cLa falta de liderazgo y la descoordinaci\u00f3n del Gobierno ha dejado&#8230; <\/p>\n","protected":false},"author":3,"featured_media":56266,"comment_status":"closed","ping_status":"closed","sticky":false,"template":"","format":"standard","meta":{"footnotes":"","_links_to":"","_links_to_target":""},"categories":[336,1450,4],"tags":[338,285,548,298,2065],"class_list":["post-56265","post","type-post","status-publish","format-standard","has-post-thumbnail","hentry","category-camara-de-representantes","category-parasladers","category-politica","tag-camara-de-representantes","tag-destacada","tag-juliana-aray","tag-politica","tag-sur-de-bolivar"],"_links":{"self":[{"href":"https:\/\/revistazetta.com\/index.php?rest_route=\/wp\/v2\/posts\/56265","targetHints":{"allow":["GET"]}}],"collection":[{"href":"https:\/\/revistazetta.com\/index.php?rest_route=\/wp\/v2\/posts"}],"about":[{"href":"https:\/\/revistazetta.com\/index.php?rest_route=\/wp\/v2\/types\/post"}],"author":[{"embeddable":true,"href":"https:\/\/revistazetta.com\/index.php?rest_route=\/wp\/v2\/users\/3"}],"replies":[{"embeddable":true,"href":"https:\/\/revistazetta.com\/index.php?rest_route=%2Fwp%2Fv2%2Fcomments&post=56265"}],"version-history":[{"count":0,"href":"https:\/\/revistazetta.com\/index.php?rest_route=\/wp\/v2\/posts\/56265\/revisions"}],"wp:featuredmedia":[{"embeddable":true,"href":"https:\/\/revistazetta.com\/index.php?rest_route=\/wp\/v2\/media\/56266"}],"wp:attachment":[{"href":"https:\/\/revistazetta.com\/index.php?rest_route=%2Fwp%2Fv2%2Fmedia&parent=56265"}],"wp:term":[{"taxonomy":"category","embeddable":true,"href":"https:\/\/revistazetta.com\/index.php?rest_route=%2Fwp%2Fv2%2Fcategories&post=56265"},{"taxonomy":"post_tag","embeddable":true,"href":"https:\/\/revistazetta.com\/index.php?rest_route=%2Fwp%2Fv2%2Ftags&post=56265"}],"curies":[{"name":"wp","href":"https:\/\/api.w.org\/{rel}","templated":true}]}}