{"id":56267,"date":"2025-02-13T15:56:06","date_gmt":"2025-02-13T20:56:06","guid":{"rendered":"https:\/\/revistazetta.com\/?p=56267"},"modified":"2025-02-13T15:56:06","modified_gmt":"2025-02-13T20:56:06","slug":"hastiados-del-centralismo-nace-la-liga-caribe-de-alcaldes","status":"publish","type":"post","link":"https:\/\/revistazetta.com\/?p=56267","title":{"rendered":"Hastiados del centralismo, nace la Liga Caribe de Alcaldes"},"content":{"rendered":"<p style=\"padding-left: 40px;\"><span style=\"color: #0000ff;\"><em><strong>\u00abHoy es un d\u00eda hist\u00f3rico, porque daremos vida a la Liga Caribe de Alcaldes\u00bb: alcalde Mayor de Cartagena, Dumek Turbay Paz. <\/strong>La primera cumbre y sesi\u00f3n fundacional de la Liga de Alcaldes del Caribe, en Cartagena de Indias, busca un abordaje inclusivo que permita soluciones en torno a temas como: seguridad, servicios p\u00fablicos (tarifas de energ\u00eda), proyectos estrat\u00e9gicos de infraestructura regional, sistema general de regal\u00edas, reforma al sistema general de participaciones y la descentralizaci\u00f3n institucional y autonom\u00eda regional.<\/em><\/span><\/p>\n<p><strong>Cartagena de Indias, 13 de febrero de 2025.-<\/strong> Como anfitri\u00f3n y voz convocante del espacio de encuentro denominado Autonom\u00eda Territorial: competencias para el desarrollo, el alcalde Mayor de Cartagena, Dumek Turbay Paz, dio la bienvenida a los mandatarios locales y departamentales que, entre otros puntos de di\u00e1logo y debate, har\u00e1n parte de una productiva jornada que culminar\u00e1 este jueves con la firma del acta fundacional de la Liga de Alcaldes del Caribe.<\/p>\n<p>En medio del encuentro, en el que entre otros invitados sobresale la presencia del exministro del Interior, Juan Fernando Cristo, el alcalde Turbay Paz se refiri\u00f3 a la importancia de que la Regi\u00f3n Caribe, m\u00e1s all\u00e1 de \u201cpedir o rogarle a un centralismo, hist\u00f3ricamente ego\u00edsta, exija lo que le corresponde en pro del desarrollo y mayor acceso a oportunidades reales para su gente\u201d.<\/p>\n<p>\u201cLa autonom\u00eda territorial es una de las claves para avanzar hacia un pa\u00eds m\u00e1s equitativo y desarrollado. Las autoridades locales, como los alcaldes y los gobernadores, estamos m\u00e1s cerca de las necesidades de nuestra gente, conocemos mejor sus problemas y, por tanto, somos los m\u00e1s capacitados para implementar pol\u00edticas p\u00fablicas que generen cambios reales. Pero, para que esta autonom\u00eda sea efectiva, necesitamos el respaldo, la cooperaci\u00f3n y el trabajo conjunto entre todas las instituciones locales, regionales y nacionales\u201d, resalt\u00f3 Turbay Paz.<\/p>\n<p>El mandatario de los cartageneros, en medio de su intervenci\u00f3n inicial, recalc\u00f3 que: \u201cla Liga Caribe de Alcaldes no se pens\u00f3 ni nunca ser\u00e1 un comit\u00e9 de lamentos y reclamos. Nace con el prop\u00f3sito de fortalecer nuestras capacidades, de exigir una mayor descentralizaci\u00f3n de recursos y competencias, y de construir una agenda com\u00fan para el desarrollo regional\u201d.<\/p>\n<p>En medio de los conversatorios y espacios de di\u00e1logo, con los que contar\u00e1 la jornada, la primera cumbre y sesi\u00f3n fundacional de la Liga de Alcaldes del Caribe, en Cartagena de Indias, busca un abordaje inclusivo que permita soluciones en torno a temas como: seguridad, servicios p\u00fablicos (tarifas de energ\u00eda), proyectos estrat\u00e9gicos de infraestructura regional, sistema general de regal\u00edas, reforma al sistema general de participaciones y la descentralizaci\u00f3n institucional y autonom\u00eda regional.<\/p>\n<p>&nbsp;<\/p>\n","protected":false},"excerpt":{"rendered":"<p>\u00abHoy es un d\u00eda hist\u00f3rico, porque daremos vida a la Liga Caribe de Alcaldes\u00bb: alcalde Mayor de Cartagena, Dumek Turbay Paz. La primera cumbre y sesi\u00f3n fundacional de la Liga de Alcaldes del Caribe, en Cartagena de Indias, busca un abordaje inclusivo que permita soluciones en torno a temas como: seguridad, servicios p\u00fablicos (tarifas de energ\u00eda), proyectos estrat\u00e9gicos de infraestructura regional, sistema general de regal\u00edas, reforma al sistema general de participaciones y la descentralizaci\u00f3n institucional y autonom\u00eda regional. Cartagena de Indias, 13 de febrero de 2025.- Como anfitri\u00f3n y voz&#8230; <\/p>\n","protected":false},"author":3,"featured_media":56268,"comment_status":"closed","ping_status":"closed","sticky":false,"template":"","format":"standard","meta":{"footnotes":"","_links_to":"","_links_to_target":""},"categories":[2,34,1450],"tags":[294,310,285,74,2360],"class_list":["post-56267","post","type-post","status-publish","format-standard","has-post-thumbnail","hentry","category-actualidad","category-actualidad-caribe","category-parasladers","tag-actualidad","tag-caribe","tag-destacada","tag-dumek-turbay","tag-liga-caribe-de-alcaldes"],"_links":{"self":[{"href":"https:\/\/revistazetta.com\/index.php?rest_route=\/wp\/v2\/posts\/56267","targetHints":{"allow":["GET"]}}],"collection":[{"href":"https:\/\/revistazetta.com\/index.php?rest_route=\/wp\/v2\/posts"}],"about":[{"href":"https:\/\/revistazetta.com\/index.php?rest_route=\/wp\/v2\/types\/post"}],"author":[{"embeddable":true,"href":"https:\/\/revistazetta.com\/index.php?rest_route=\/wp\/v2\/users\/3"}],"replies":[{"embeddable":true,"href":"https:\/\/revistazetta.com\/index.php?rest_route=%2Fwp%2Fv2%2Fcomments&post=56267"}],"version-history":[{"count":0,"href":"https:\/\/revistazetta.com\/index.php?rest_route=\/wp\/v2\/posts\/56267\/revisions"}],"wp:featuredmedia":[{"embeddable":true,"href":"https:\/\/revistazetta.com\/index.php?rest_route=\/wp\/v2\/media\/56268"}],"wp:attachment":[{"href":"https:\/\/revistazetta.com\/index.php?rest_route=%2Fwp%2Fv2%2Fmedia&parent=56267"}],"wp:term":[{"taxonomy":"category","embeddable":true,"href":"https:\/\/revistazetta.com\/index.php?rest_route=%2Fwp%2Fv2%2Fcategories&post=56267"},{"taxonomy":"post_tag","embeddable":true,"href":"https:\/\/revistazetta.com\/index.php?rest_route=%2Fwp%2Fv2%2Ftags&post=56267"}],"curies":[{"name":"wp","href":"https:\/\/api.w.org\/{rel}","templated":true}]}}