{"id":56306,"date":"2025-02-17T16:36:32","date_gmt":"2025-02-17T21:36:32","guid":{"rendered":"https:\/\/revistazetta.com\/?p=56306"},"modified":"2025-02-17T16:36:32","modified_gmt":"2025-02-17T21:36:32","slug":"con-agenda-en-ciudad-de-mexico-alcalde-dumek-turbay-paz-inaugura-este-jueves-ruta-de-aeromexico-hacia-cartagena","status":"publish","type":"post","link":"https:\/\/revistazetta.com\/?p=56306","title":{"rendered":"Con agenda en Ciudad de M\u00e9xico, alcalde Dumek Turbay Paz inaugura este jueves ruta de Aerom\u00e9xico hacia Cartagena"},"content":{"rendered":"<p style=\"padding-left: 40px;\"><span style=\"color: #0000ff;\"><strong><em>Con la llegada de Aerom\u00e9xico, se tiene proyectado el arribo de m\u00e1s de 100.000 turistas mexicanos por a\u00f1o.- Esta ruta tendr\u00e1 una frecuencia de siete vuelos semanales y permitir\u00e1n conectar a Cartagena de Indias, de manera directa, con un destino tan importante y de talla internacional como la capital del pa\u00eds azteca. A trav\u00e9s del Decreto 0308 de 2024, del 17 al 20 de febrero, estar\u00e1 como alcalde (e) de Cartagena el secretario del Interior, Bruno Hern\u00e1ndez.<\/em><\/strong><\/span><\/p>\n<p><strong>Cartagena de Indias,17 de febrero de 2025.-<\/strong> Del 18 al 20 de febrero de 2025, con una agenda bilateral que culminar\u00e1 con la ceremonia del vuelo inaugural de la reconocida aerol\u00ednea Aerom\u00e9xico: Ciudad de M\u00e9xico (CDMX)- Cartagena; el alcalde Mayor, Dumek Turbay Paz, continuar\u00e1 esta semana trabajando por la consolidaci\u00f3n del Distrito como un destino mundial cada vez mejor conectado con los m\u00e1s importantes referentes de talla global.<\/p>\n<p>Tras permiso concedido a Turbay Paz por el Concejo Distrital, permanecer\u00e1 como alcalde encargado de Cartagena el secretario del Interior, Bruno Hern\u00e1ndez Ramos, oficializado a trav\u00e9s del Decreto 0308 de 2024.<\/p>\n<p>Cabe resaltar que, entre otros aspectos de inter\u00e9s de la agenda del alcalde Turbay en Ciudad de M\u00e9xico, la apertura del vuelo inaugural CDMX-Cartagena ser\u00e1 el pr\u00f3ximo 20 de febrero de 2025, desde el Aeropuerto Internacional Benito Ju\u00e1rez de Ciudad de M\u00e9xico.<\/p>\n<p>Esta ruta tendr\u00e1 una frecuencia de siete vuelos semanales y permitir\u00e1n conectar a Cartagena de Indias, de manera directa, con un destino tan importante y de talla internacional como la capital del pa\u00eds azteca.<\/p>\n<p>La llegada de Aerom\u00e9xico a Cartagena, con una conexi\u00f3n directa a Ciudad de M\u00e9xico, lograr\u00e1 un gran aumento de visitantes, que generar\u00e1n un mayor desarrollo econ\u00f3mico a todas las personas involucradas en el sector.<\/p>\n<p>Con la llegada de Aerom\u00e9xico, se tiene proyectado el arribo de m\u00e1s de 100.000 turistas mexicanos por a\u00f1o, permitiendo el crecimiento de un turismo de alto valor en la ciudad y aportando a la transformaci\u00f3n tur\u00edstica de Cartagena.<\/p>\n<p>*Fin del comunicado No. 203*<\/p>\n","protected":false},"excerpt":{"rendered":"<p>Con la llegada de Aerom\u00e9xico, se tiene proyectado el arribo de m\u00e1s de 100.000 turistas mexicanos por a\u00f1o.- Esta ruta tendr\u00e1 una frecuencia de siete vuelos semanales y permitir\u00e1n conectar a Cartagena de Indias, de manera directa, con un destino tan importante y de talla internacional como la capital del pa\u00eds azteca. A trav\u00e9s del Decreto 0308 de 2024, del 17 al 20 de febrero, estar\u00e1 como alcalde (e) de Cartagena el secretario del Interior, Bruno Hern\u00e1ndez. Cartagena de Indias,17 de febrero de 2025.- Del 18 al 20 de febrero&#8230; <\/p>\n","protected":false},"author":3,"featured_media":56307,"comment_status":"closed","ping_status":"closed","sticky":false,"template":"","format":"standard","meta":{"footnotes":"","_links_to":"","_links_to_target":""},"categories":[85,1450,32],"tags":[2361,111,2362,285,296,74,1460],"class_list":["post-56306","post","type-post","status-publish","format-standard","has-post-thumbnail","hentry","category-cartagena","category-parasladers","category-actualidad-distrito","tag-aeromexico","tag-cartagena","tag-ciudad-de-mexico","tag-destacada","tag-distrito","tag-dumek-turbay","tag-mexico"],"_links":{"self":[{"href":"https:\/\/revistazetta.com\/index.php?rest_route=\/wp\/v2\/posts\/56306","targetHints":{"allow":["GET"]}}],"collection":[{"href":"https:\/\/revistazetta.com\/index.php?rest_route=\/wp\/v2\/posts"}],"about":[{"href":"https:\/\/revistazetta.com\/index.php?rest_route=\/wp\/v2\/types\/post"}],"author":[{"embeddable":true,"href":"https:\/\/revistazetta.com\/index.php?rest_route=\/wp\/v2\/users\/3"}],"replies":[{"embeddable":true,"href":"https:\/\/revistazetta.com\/index.php?rest_route=%2Fwp%2Fv2%2Fcomments&post=56306"}],"version-history":[{"count":0,"href":"https:\/\/revistazetta.com\/index.php?rest_route=\/wp\/v2\/posts\/56306\/revisions"}],"wp:featuredmedia":[{"embeddable":true,"href":"https:\/\/revistazetta.com\/index.php?rest_route=\/wp\/v2\/media\/56307"}],"wp:attachment":[{"href":"https:\/\/revistazetta.com\/index.php?rest_route=%2Fwp%2Fv2%2Fmedia&parent=56306"}],"wp:term":[{"taxonomy":"category","embeddable":true,"href":"https:\/\/revistazetta.com\/index.php?rest_route=%2Fwp%2Fv2%2Fcategories&post=56306"},{"taxonomy":"post_tag","embeddable":true,"href":"https:\/\/revistazetta.com\/index.php?rest_route=%2Fwp%2Fv2%2Ftags&post=56306"}],"curies":[{"name":"wp","href":"https:\/\/api.w.org\/{rel}","templated":true}]}}