{"id":56326,"date":"2025-02-19T15:50:59","date_gmt":"2025-02-19T20:50:59","guid":{"rendered":"https:\/\/revistazetta.com\/?p=56326"},"modified":"2025-02-19T15:50:59","modified_gmt":"2025-02-19T20:50:59","slug":"cabalguemos-juntos-por-cabalgar-cinco-propuestas-para-recuperar-el-esplendor-del-gremio-caballista-en-cartagena-y-bolivar","status":"publish","type":"post","link":"https:\/\/revistazetta.com\/?p=56326","title":{"rendered":"\u201cCabalguemos juntos por Cabalgar\u201d: cinco propuestas para recuperar el esplendor del gremio caballista en Cartagena y Bol\u00edvar"},"content":{"rendered":"<p><b>Cartagena de Indias, 19 de febrero de 2025.- <\/b>Reconstrucci\u00f3n de la confianza, unidad gremial y una nueva din\u00e1mica en la gesti\u00f3n es la base de la propuesta \u201cCabalguemos juntos por un Cabalgar Unido\u201d, con el que un grupo de miembros de esa entidad se proponen llega a la Junta Directiva.<\/p>\n<p>Encabezados por el criador Eugenio Cano Sed\u00e1n, se busca que Cabalgar supere dificultades internas y abra una nueva etapa de unidad gremial basada en la confianza y amistad, como pilares de una completa agenda de gestiones que van de lo administrativo, financiero y reglamentario, pasando por las actividades de fomento y promoci\u00f3n, hasta la incorporaci\u00f3n de nuevas tecnolog\u00edas para la cr\u00eda de caballos.<\/p>\n<p>Eugenio Cano dice que \u201clo importante aqu\u00ed no es ganar una elecci\u00f3n, sino un plan de trabajo con una proyecci\u00f3n basada en informaci\u00f3n real, generando espacios de uni\u00f3n\u201d.<\/p>\n<p>El criterio de unidad tambi\u00e9n busca aglutinar a los criadores de caballo del Caribe, para que Cabalgar siga siendo la mas importante asociaci\u00f3n de este tipo en la regi\u00f3n.<\/p>\n<p>En la propuesta que lidera Cano Sed\u00e1n est\u00e1n importantes\u00a0criadores y caballistas de la regi\u00f3n, para la elecci\u00f3n de Junta Directiva de Cabalgar prevista para el 27 de febrero de 2025:<\/p>\n<blockquote><p><b>Presidente: <\/b>Eugenio Cano (Cr. Bajos del Palmar);\u00a0<b>Vicepresidente:<\/b> Jaime Mallarino (Cr. Tierra Grata); <b>Tesorero:<\/b>Roberto L\u00f3pez (Cr. Villa Nora);\u00a0<b>Secretario:<\/b> Alberto Fern\u00e1ndez (Caballista \u2013 abogado laboralista)<\/p>\n<p><b>Vocales Principales:<\/b> 1. Marcos Arango (Cr. Verdum),\u00a02. Jos\u00e9 Ardila (Cr. Santa Gabriela) , 3. Gonzalo Villegas (Criador \u2013 Representante de pesebreros y chalanes),\u00a04. Laura Borrero (Caballista \u2013 Representante de m\u00e9dicos veterinarios zootecnistas),\u00a05. Pedro Segrera (Cr. Monzur \u2013 Aspirante a director t\u00e9cnico)<\/p>\n<p><b>Suplentes:<\/b>\u00a01. Joaco Berrio (Cr. El Nisperal),\u00a02. \u00d3scar Torres (Cr. Villa Antia),\u00a03. Ernesto Martelo (Caballista \u2013 Representante m\u00e9dicos veterinarios zootecnistas),\u00a04. Carlos del R\u00edo (Cr. Las Bongas ),\u00a05. Roberto Olano (Criador)<\/p><\/blockquote>\n<p>Las cinco propuestas que esta lista est\u00e1 planteando a los miembros de Cabalgar se resumen en estas l\u00edneas de acci\u00f3n:<\/p>\n<p>1. Estrategias para superar las divisiones del gremio<\/p>\n<p>2. Administraci\u00f3n t\u00e9cnica y transparente<\/p>\n<p>3. Fortalecimiento de eventos y consecuci\u00f3n de patrocinios<\/p>\n<p>4. Reforma y actualizaci\u00f3n de estatutos<\/p>\n<p>5. Sede social moderna y funcional<\/p>\n<p>Este es el documento preparado por la lista que aspira a la Junta Directiva de Cabalgar:<\/p>\n<p><span style=\"color: #0000ff;\"><em><b>CABALGUEMOS JUNTOS POR CABALGAR<\/b><\/em><\/span><\/p>\n<p><span style=\"color: #0000ff;\"><em>Cartagena de Indias, 6 de febrero de 2025<\/em><\/span><\/p>\n<p><span style=\"color: #0000ff;\"><em>Queridos socios y amigos de Cabalgar:<\/em><\/span><\/p>\n<p><span style=\"color: #0000ff;\"><em>Nos dirigimos a ustedes con entusiasmo y un profundo sentido de responsabilidad, en v\u00edsperas de la Asamblea Ordinaria del 27 de febrero de 2025, donde elegiremos la nueva Junta Directiva de nuestra amada Asociaci\u00f3n de Criadores de Caballos Criollos Colombianos.<\/em><\/span><\/p>\n<p><span style=\"color: #0000ff;\"><em>En esta oportunidad, m\u00e1s que nunca, los invitamos a reflexionar sobre la importancia de la unidad como pilar fundamental para el desarrollo y fortalecimiento de nuestro gremio. Las divisiones del pasado nos han debilitado, impidiendo que alcancemos nuestro m\u00e1ximo potencial. Es hora de dejar atr\u00e1s rencillas y trabajar juntos, como una gran familia caballista, por un futuro pr\u00f3spero para nuestra asociaci\u00f3n y para el caballo criollo colombiano en el departamento de Bol\u00edvar.<\/em><\/span><\/p>\n<p><span style=\"color: #0000ff;\"><em>Nuestra propuesta para la nueva Junta Directiva se centra en cinco pilares fundamentales:<\/em><\/span><\/p>\n<blockquote><p><span style=\"color: #0000ff;\"><em><b>1. Estrategias para superar las divisiones del gremio:<\/b><\/em><\/span><\/p>\n<p><span style=\"color: #0000ff;\"><em>\u2022 Di\u00e1logo abierto y constructivo: Promoveremos espacios de encuentro y di\u00e1logo, donde todas las voces sean escuchadas y valoradas. Buscaremos puntos de encuentro y trabajaremos para construir consensos que beneficien a la mayor\u00eda.<\/em><\/span><\/p>\n<p><span style=\"color: #0000ff;\"><em>\u2022 Fomento de la camarader\u00eda: Organizaremos actividades sociales y recreativas que fomenten la integraci\u00f3n y el compa\u00f1erismo entre los socios. Queremos crear un ambiente de confianza y respeto mutuo, donde todos nos sintamos parte de una gran familia.<\/em><\/span><\/p>\n<p><span style=\"color: #0000ff;\"><em>\u2022 Liderazgo inclusivo: Nuestra Junta Directiva estar\u00e1 conformada por personas de diferentes perspectivas y experiencias, pero unidas por un objetivo com\u00fan: el bienestar de la asociaci\u00f3n. Buscaremos representar los intereses de todos los socios, sin distinci\u00f3n alguna.<\/em><\/span><\/p><\/blockquote>\n<p><span style=\"color: #0000ff;\"><em><b>2. Administraci\u00f3n t\u00e9cnica y transparente:<\/b><\/em><\/span><\/p>\n<p><span style=\"color: #0000ff;\"><em>\u2022 Principios administrativos: Implementaremos una gesti\u00f3n administrativa basada en principios de eficiencia, transparencia, econom\u00eda y eficacia. Queremos optimizar los recursos de la asociaci\u00f3n y garantizar que cada peso sea invertido de manera inteligente y responsable.<\/em><\/span><\/p>\n<p><span style=\"color: #0000ff;\"><em>\u2022 Informes peri\u00f3dicos: Rendiremos cuentas claras y transparentes a los socios sobre la gesti\u00f3n econ\u00f3mica y administrativa de la asociaci\u00f3n. Publicaremos informes peri\u00f3dicos y estaremos siempre dispuestos a responder a sus preguntas y solicitudes de informaci\u00f3n.<\/em><\/span><\/p>\n<p><span style=\"color: #0000ff;\"><em>\u2022 Profesionalizaci\u00f3n de la gesti\u00f3n: Buscaremos alianzas estrat\u00e9gicas con profesionales en \u00e1reas como administraci\u00f3n, contabilidad y derecho, para garantizar una gesti\u00f3n eficiente y acorde con las normas legales.<\/em><\/span><\/p>\n<p><span style=\"color: #0000ff;\"><em><b>3. Fortalecimiento de eventos y consecuci\u00f3n de patrocinios:<\/b><\/em><\/span><\/p>\n<p><span style=\"color: #0000ff;\"><em>\u2022 Eventos de calidad: Trabajaremos para mejorar la calidad de nuestros eventos, como cabalgatas y ferias, ofreciendo experiencias \u00fanicas e inolvidables para los participantes y el p\u00fablico en general.<\/em><\/span><\/p>\n<p><span style=\"color: #0000ff;\"><em>\u2022 Gesti\u00f3n de patrocinios: Buscaremos activamente patrocinios de entes p\u00fablicos y privados, que nos permitan financiar nuestros eventos y proyectos, y al mismo tiempo promocionar el caballo criollo colombiano y nuestra asociaci\u00f3n.<\/em><\/span><\/p>\n<p><span style=\"color: #0000ff;\"><em>\u2022 Alianzas estrat\u00e9gicas: Estableceremos alianzas con otras asociaciones, federaciones y entidades del sector ecuestre, para ampliar el alcance de nuestros eventos y fortalecer nuestra presencia a nivel regional y nacional.<\/em><\/span><\/p>\n<p><span style=\"color: #0000ff;\"><em><b>4. Reforma y actualizaci\u00f3n de estatutos:<\/b><\/em><\/span><\/p>\n<p><span style=\"color: #0000ff;\"><em>\u2022 Adaptaci\u00f3n a los tiempos: Revisaremos y actualizaremos nuestros estatutos, para adaptarlos a las nuevas realidades y necesidades de la asociaci\u00f3n. Queremos contar con un marco legal moderno y eficiente, que nos permita operar de manera transparente y segura.<\/em><\/span><\/p>\n<p><span style=\"color: #0000ff;\"><em>\u2022 Participaci\u00f3n de los socios: Invitaremos a los socios a participar activamente en el proceso de reforma de los estatutos. Queremos que sus voces sean escuchadas y que sus propuestas sean tomadas en cuenta.<\/em><\/span><\/p>\n<blockquote><p><span style=\"color: #0000ff;\"><em><b>5. Sede social moderna y funcional:<\/b><\/em><\/span><\/p>\n<p><span style=\"color: #0000ff;\"><em>\u2022 Un espacio para todos: Trabajaremos para conseguir una sede social moderna y funcional, que permita el disfrute de todos los socios y sus familias. Queremos crear un espacio donde podamos reunirnos, compartir experiencias y celebrar nuestra pasi\u00f3n por el caballo criollo colombiano.<\/em><\/span><\/p>\n<p><span style=\"color: #0000ff;\"><em>\u2022 Gesti\u00f3n de recursos: Buscaremos diferentes fuentes de financiaci\u00f3n para la construcci\u00f3n o adquisici\u00f3n de la sede social, incluyendo patrocinios, donaciones y proyectos de autogesti\u00f3n.<\/em><\/span><\/p>\n<p><span style=\"color: #0000ff;\"><em>Queridos socios, los invitamos a unirse a este proyecto que busca construir un futuro mejor para nuestra asociaci\u00f3n y para el caballo criollo colombiano en Bol\u00edvar. \u00a1Juntos podemos lograrlo!<\/em><\/span><\/p><\/blockquote>\n<p><span style=\"color: #0000ff;\"><em>Con el m\u00e1s cordial saludo,<\/em><\/span><\/p>\n<p><span style=\"color: #0000ff;\"><em>Aspirantes a miembros de Junta Directiva Cabalgar.<\/em><\/span><\/p>\n","protected":false},"excerpt":{"rendered":"<p>Cartagena de Indias, 19 de febrero de 2025.- Reconstrucci\u00f3n de la confianza, unidad gremial y una nueva din\u00e1mica en la gesti\u00f3n es la base de la propuesta \u201cCabalguemos juntos por un Cabalgar Unido\u201d, con el que un grupo de miembros de esa entidad se proponen llega a la Junta Directiva. Encabezados por el criador Eugenio Cano Sed\u00e1n, se busca que Cabalgar supere dificultades internas y abra una nueva etapa de unidad gremial basada en la confianza y amistad, como pilares de una completa agenda de gestiones que van de lo&#8230; <\/p>\n","protected":false},"author":3,"featured_media":56327,"comment_status":"closed","ping_status":"closed","sticky":false,"template":"","format":"standard","meta":{"footnotes":"","_links_to":"","_links_to_target":""},"categories":[1450],"tags":[],"class_list":["post-56326","post","type-post","status-publish","format-standard","has-post-thumbnail","hentry","category-parasladers"],"_links":{"self":[{"href":"https:\/\/revistazetta.com\/index.php?rest_route=\/wp\/v2\/posts\/56326","targetHints":{"allow":["GET"]}}],"collection":[{"href":"https:\/\/revistazetta.com\/index.php?rest_route=\/wp\/v2\/posts"}],"about":[{"href":"https:\/\/revistazetta.com\/index.php?rest_route=\/wp\/v2\/types\/post"}],"author":[{"embeddable":true,"href":"https:\/\/revistazetta.com\/index.php?rest_route=\/wp\/v2\/users\/3"}],"replies":[{"embeddable":true,"href":"https:\/\/revistazetta.com\/index.php?rest_route=%2Fwp%2Fv2%2Fcomments&post=56326"}],"version-history":[{"count":0,"href":"https:\/\/revistazetta.com\/index.php?rest_route=\/wp\/v2\/posts\/56326\/revisions"}],"wp:featuredmedia":[{"embeddable":true,"href":"https:\/\/revistazetta.com\/index.php?rest_route=\/wp\/v2\/media\/56327"}],"wp:attachment":[{"href":"https:\/\/revistazetta.com\/index.php?rest_route=%2Fwp%2Fv2%2Fmedia&parent=56326"}],"wp:term":[{"taxonomy":"category","embeddable":true,"href":"https:\/\/revistazetta.com\/index.php?rest_route=%2Fwp%2Fv2%2Fcategories&post=56326"},{"taxonomy":"post_tag","embeddable":true,"href":"https:\/\/revistazetta.com\/index.php?rest_route=%2Fwp%2Fv2%2Ftags&post=56326"}],"curies":[{"name":"wp","href":"https:\/\/api.w.org\/{rel}","templated":true}]}}