{"id":56342,"date":"2025-02-20T07:35:39","date_gmt":"2025-02-20T12:35:39","guid":{"rendered":"https:\/\/revistazetta.com\/?p=56342"},"modified":"2025-02-20T07:35:39","modified_gmt":"2025-02-20T12:35:39","slug":"gobernador-arana-anuncia-primer-paquete-de-vias-que-seran-intervenidas-en-cartagena-en-2025","status":"publish","type":"post","link":"https:\/\/revistazetta.com\/?p=56342","title":{"rendered":"Gobernador Arana anuncia primer paquete de v\u00edas que ser\u00e1n intervenidas en Cartagena en 2025"},"content":{"rendered":"<div><strong>Turbaco, Bol\u00edvar, 20 de febrero de 2025.- <\/strong>\u00a0El gobernador de Bol\u00edvar, Yamil Arana Padau\u00ed, anunci\u00f3 el primer paquete de v\u00edas que ser\u00e1n pavimentadas en el Distrito de Cartagena durante el 2025, marcando un antes y un despu\u00e9s en la mejora de la infraestructura urbana y la calidad de vida de los ciudadanos.<\/div>\n<div><\/div>\n<div>\u201cEl pavimento llegar\u00e1 a las v\u00edas que han cumplido con todos los requisitos establecidos. Con estas obras, mejoraremos significativamente la calidad de vida de las personas que habitan en estos sectores cartageneros\u201d, declar\u00f3 el gobernador Yamil Arana Padau\u00ed, resaltando el compromiso del gobierno departamental con la transformaci\u00f3n del territorio.<\/div>\n<div><\/div>\n<div>La responsabilidad de ejecutar estas obras recae en la Secretar\u00eda de Infraestructura del departamento, liderada por Laura Vitola, y su equipo de trabajo, quienes han coordinado estrechamente con aliados estrat\u00e9gicos como las Juntas de Acci\u00f3n Comunal de los sectores beneficiados. Esta colaboraci\u00f3n es fundamental para garantizar que la intervenci\u00f3n se realice de manera efectiva y responda a las necesidades de la comunidad.<\/div>\n<div><\/div>\n<blockquote>\n<div>Asimismo, el proyecto est\u00e1 articulado con la Alcald\u00eda Mayor de Cartagena, con el objetivo de sumar esfuerzos para lograr el mayor n\u00famero de metros pavimentados en los barrios de la Heroica. Entre las v\u00edas seleccionadas para esta primera etapa se encuentran:<\/div>\n<div>\u2022 Barrio Fredonia: Calle 40 entre Carrera 80 y Ca\u00f1o Matute (calles 9 y 10).<\/div>\n<div>\u2022 Nuevo Para\u00edso: Carrera 80 entre Calles 38 y 48.<\/div>\n<div>\u2022 La Boquilla: Carrera 2 entre Calle 98 y Calle 46.<\/div>\n<div>\u2022 7 de Agosto: Calle 73 entre Carreras 11 y 16.<\/div>\n<div>\u2022 La Quinta: Calle 34 entre Carreras 25A y 23.<\/div>\n<div>\u2022 La Mar\u00eda: Calle 53 entre Carrera 34 y la V\u00eda Perimetral.<\/div>\n<div>\u2022 20 de Julio: Diagonal 28 entre Calle 7C y Carrera D\/E.<\/div>\n<div>\u2022 Olaya Herrera: Calle 32 entre 59 y 60B y Carrera 51 (calle Tab\u00fa).<\/div>\n<\/blockquote>\n<div>La Secretar\u00eda de Infraestructura explic\u00f3 que el siguiente paso en el proceso es la socializaci\u00f3n del proyecto con los beneficiarios, en colaboraci\u00f3n con el contratista responsable. Una vez concluida esta fase, se coordinar\u00e1 la llegada de maquinaria especializada a los puntos de trabajo para dar inicio a la pavimentaci\u00f3n de las v\u00edas seleccionadas.<\/div>\n<div>Con esta iniciativa, la Gobernaci\u00f3n de Bol\u00edvar reafirma su compromiso con el desarrollo urbano y la mejora de la movilidad en Cartagena, proyectando un futuro m\u00e1s seguro y moderno para todos los cartageneros.<\/div>\n","protected":false},"excerpt":{"rendered":"<p>Turbaco, Bol\u00edvar, 20 de febrero de 2025.- \u00a0El gobernador de Bol\u00edvar, Yamil Arana Padau\u00ed, anunci\u00f3 el primer paquete de v\u00edas que ser\u00e1n pavimentadas en el Distrito de Cartagena durante el 2025, marcando un antes y un despu\u00e9s en la mejora de la infraestructura urbana y la calidad de vida de los ciudadanos. \u201cEl pavimento llegar\u00e1 a las v\u00edas que han cumplido con todos los requisitos establecidos. Con estas obras, mejoraremos significativamente la calidad de vida de las personas que habitan en estos sectores cartageneros\u201d, declar\u00f3 el gobernador Yamil Arana Padau\u00ed,&#8230; <\/p>\n","protected":false},"author":3,"featured_media":56343,"comment_status":"closed","ping_status":"closed","sticky":false,"template":"","format":"standard","meta":{"footnotes":"","_links_to":"","_links_to_target":""},"categories":[33,1450,80],"tags":[73,285,300,583],"class_list":["post-56342","post","type-post","status-publish","format-standard","has-post-thumbnail","hentry","category-actualidad-bolivar","category-parasladers","category-region","tag-bolivar","tag-destacada","tag-region","tag-yamil-arana"],"_links":{"self":[{"href":"https:\/\/revistazetta.com\/index.php?rest_route=\/wp\/v2\/posts\/56342","targetHints":{"allow":["GET"]}}],"collection":[{"href":"https:\/\/revistazetta.com\/index.php?rest_route=\/wp\/v2\/posts"}],"about":[{"href":"https:\/\/revistazetta.com\/index.php?rest_route=\/wp\/v2\/types\/post"}],"author":[{"embeddable":true,"href":"https:\/\/revistazetta.com\/index.php?rest_route=\/wp\/v2\/users\/3"}],"replies":[{"embeddable":true,"href":"https:\/\/revistazetta.com\/index.php?rest_route=%2Fwp%2Fv2%2Fcomments&post=56342"}],"version-history":[{"count":0,"href":"https:\/\/revistazetta.com\/index.php?rest_route=\/wp\/v2\/posts\/56342\/revisions"}],"wp:featuredmedia":[{"embeddable":true,"href":"https:\/\/revistazetta.com\/index.php?rest_route=\/wp\/v2\/media\/56343"}],"wp:attachment":[{"href":"https:\/\/revistazetta.com\/index.php?rest_route=%2Fwp%2Fv2%2Fmedia&parent=56342"}],"wp:term":[{"taxonomy":"category","embeddable":true,"href":"https:\/\/revistazetta.com\/index.php?rest_route=%2Fwp%2Fv2%2Fcategories&post=56342"},{"taxonomy":"post_tag","embeddable":true,"href":"https:\/\/revistazetta.com\/index.php?rest_route=%2Fwp%2Fv2%2Ftags&post=56342"}],"curies":[{"name":"wp","href":"https:\/\/api.w.org\/{rel}","templated":true}]}}