{"id":56358,"date":"2025-02-21T08:38:51","date_gmt":"2025-02-21T13:38:51","guid":{"rendered":"https:\/\/revistazetta.com\/?p=56358"},"modified":"2025-02-21T08:40:28","modified_gmt":"2025-02-21T13:40:28","slug":"oscar-torres-yarzagaray-es-el-nuevo-director-de-la-ani-fue-conservador-liberal-y-ahora-petrista","status":"publish","type":"post","link":"https:\/\/revistazetta.com\/?p=56358","title":{"rendered":"\u00d3scar Torres Yarzagaray es el nuevo director de la ANI: Fue conservador, liberal y ahora petrista"},"content":{"rendered":"<p>El cartagenero \u00d3scar Torres Yarzagaray fue designado por el gobierno nacional como nuevo director de la Agencia Nacional de Infraestructura (ANI).<\/p>\n<p id=\"p624333-m1271-3-1272\" class=\"parrafo\">Por medio de su cuenta de X, el mandatario dijo que con esta designaci\u00f3n\u00a0espera <i>\u00abuna ANI vigilante de los proyectos de concesiones viales, de su cumplimiento, que saque adelante la v\u00eda de dos calzadas hacia el sur, \u00fanica v\u00eda que nos comunica con toda Suram\u00e9rica\u00bb<\/i>.<\/p>\n<p id=\"p624333-m1277-4-1278\" class=\"parrafo\">Agreg\u00f3 que espera tambi\u00e9n que se <i>\u00abbarra con toda la corrupci\u00f3n al interior del Ministerio de Transporte\u00bb<\/i>.<\/p>\n<p><img loading=\"lazy\" decoding=\"async\" class=\"alignnone size-medium wp-image-56360\" src=\"https:\/\/revistazetta.com\/wp-content\/uploads\/2025\/02\/41948600_10156462279201063_5710293010126733312_n-364x333.jpg\" alt=\"\" width=\"364\" height=\"333\" srcset=\"https:\/\/revistazetta.com\/wp-content\/uploads\/2025\/02\/41948600_10156462279201063_5710293010126733312_n-364x333.jpg 364w, https:\/\/revistazetta.com\/wp-content\/uploads\/2025\/02\/41948600_10156462279201063_5710293010126733312_n-177x162.jpg 177w, https:\/\/revistazetta.com\/wp-content\/uploads\/2025\/02\/41948600_10156462279201063_5710293010126733312_n.jpg 960w\" sizes=\"auto, (max-width: 364px) 100vw, 364px\" \/><\/p>\n<p id=\"p624333-m1283-5-1284\" class=\"parrafo\">\u00d3scar Torres Yarzagaray es economista y PhD en Econom\u00eda, con extensa trayectoria empresarial, educativa y p\u00fablica. No tiene antecedentes en proyectos de infraestructura.<\/p>\n<p>En 2018 hizo parte de la terna que present\u00f3 el partido Conservador para reemplazar al destituido alcalde Quinto Guerra. La terna la complementaban Antonella Fara y Pedrito Pereira, quien obtuvo la designaci\u00f3n del presidente Duque.<\/p>\n<p>Posteriormente fue candidato a la C\u00e1mara por el partido Liberal, haciendo f\u00f3rmula con el candidato al Senado Iv\u00e1n Dar\u00edo Agudelo.<\/p>\n<p><img loading=\"lazy\" decoding=\"async\" class=\"alignnone size-medium wp-image-56361\" src=\"https:\/\/revistazetta.com\/wp-content\/uploads\/2025\/02\/269591485_10157279986049229_3319304341656393808_n-890x1024-1-289x333.jpg\" alt=\"\" width=\"289\" height=\"333\" srcset=\"https:\/\/revistazetta.com\/wp-content\/uploads\/2025\/02\/269591485_10157279986049229_3319304341656393808_n-890x1024-1-289x333.jpg 289w, https:\/\/revistazetta.com\/wp-content\/uploads\/2025\/02\/269591485_10157279986049229_3319304341656393808_n-890x1024-1-141x162.jpg 141w, https:\/\/revistazetta.com\/wp-content\/uploads\/2025\/02\/269591485_10157279986049229_3319304341656393808_n-890x1024-1.jpg 890w\" sizes=\"auto, (max-width: 289px) 100vw, 289px\" \/><\/p>\n<blockquote><p><em><span style=\"color: #0000ff;\">Ver nota en Revista Zetta: \u00abFue conservador para que lo nombraran alcalde de Cartagena y ahora es liberal para buscar la C\u00e1mara por Bol\u00edvar\u00bb<\/span><\/em><\/p>\n<p><em><span style=\"color: #0000ff;\"><a style=\"color: #0000ff;\" href=\"https:\/\/revistazetta.com\/?p=43672\">https:\/\/revistazetta.com\/?p=43672<\/a><\/span><\/em><\/p>\n<p>&nbsp;<\/p><\/blockquote>\n<p id=\"p624333-m1289-6-1290\" class=\"parrafo\"><i>\u00abCon m\u00e1s de dos d\u00e9cadas de experiencia, Torres Yarzagaray ha trabajado de manera integral en la gesti\u00f3n de recursos financieros para proyectos de inversi\u00f3n tanto p\u00fablicos como privados, y tambi\u00e9n ha sido un referente en la academia, con un s\u00f3lido perfil docente y de liderazgo en instituciones de renombre\u00bb<\/i>, dijo el presidente Petro en su mensaje.<\/p>\n<p id=\"p624333-m1301-8-1302\" class=\"parrafo\">En su descripci\u00f3n sobre el nuevo director de la ANI, el mandatario colombiano destac\u00f3 <i>\u00absu formaci\u00f3n acad\u00e9mica incluye un posdoctorado en Investigaci\u00f3n, Ingenier\u00eda e Innovaci\u00f3n; maestr\u00edas en \u00e1reas clave como Gesti\u00f3n de Organizaciones y Gesti\u00f3n Log\u00edstica; y especializaciones en formulaci\u00f3n y evaluaci\u00f3n de proyectos, gerencia financiera y Log\u00edstica\u00bb<\/i>.<\/p>\n<p>\u00a0\u00a0<img loading=\"lazy\" decoding=\"async\" class=\"alignnone size-medium wp-image-56362\" src=\"https:\/\/revistazetta.com\/wp-content\/uploads\/2025\/02\/WhatsApp-Image-2021-12-20-at-7.36.24-AM-1024x576-1-500x281.jpeg\" alt=\"\" width=\"500\" height=\"281\" srcset=\"https:\/\/revistazetta.com\/wp-content\/uploads\/2025\/02\/WhatsApp-Image-2021-12-20-at-7.36.24-AM-1024x576-1-500x281.jpeg 500w, https:\/\/revistazetta.com\/wp-content\/uploads\/2025\/02\/WhatsApp-Image-2021-12-20-at-7.36.24-AM-1024x576-1-250x141.jpeg 250w, https:\/\/revistazetta.com\/wp-content\/uploads\/2025\/02\/WhatsApp-Image-2021-12-20-at-7.36.24-AM-1024x576-1.jpeg 1024w\" sizes=\"auto, (max-width: 500px) 100vw, 500px\" \/><\/p>\n<p id=\"p624333-m1307-9-1308\" class=\"parrafo\"><b>En el \u00e1mbito educativo, \u00d3scar Torres ha sido vicerrector de investigaciones y director de planeaci\u00f3n en la Universidad del Sin\u00fa Seccional Cartagena. <\/b>Tambi\u00e9n ha sido director de planeaci\u00f3n en la Escuela Naval de Cadetes \u201cAlmirante Padilla\u201d y ha sido docente universitario en diversas universidades p\u00fablicas y privadas, impartiendo asignaturas en \u00e1reas como Econom\u00eda Mar\u00edtima, Evaluaci\u00f3n Financiera de Proyectos y Macroeconom\u00eda.<\/p>\n<p id=\"p624333-m1313-10-1314\" class=\"parrafo\"><i>\u00abSu carrera en el sector p\u00fablico ha sido igualmente destacada, habiendo participado en la formulaci\u00f3n de pol\u00edticas p\u00fablicas y formulaci\u00f3n y evaluaci\u00f3n de planes de Desarrollo para diferentes municipios de Bol\u00edvar\u00bb<\/i>, escribi\u00f3 Petro.<\/p>\n<p id=\"p624333-m1319-11-1320\" class=\"parrafo\"><i>\u00abSu visi\u00f3n estrat\u00e9gica, experiencia multidisciplinaria y su capacidad para transformar la teor\u00eda econ\u00f3mica y log\u00edstica en pr\u00e1cticas efectivas ha sido una de sus mayores fortalezas, demostrando un compromiso constante con el desarrollo econ\u00f3mico, social y educativo de Colombia\u00bb<\/i>.<\/p>\n","protected":false},"excerpt":{"rendered":"<p>El cartagenero \u00d3scar Torres Yarzagaray fue designado por el gobierno nacional como nuevo director de la Agencia Nacional de Infraestructura (ANI). Por medio de su cuenta de X, el mandatario dijo que con esta designaci\u00f3n\u00a0espera \u00abuna ANI vigilante de los proyectos de concesiones viales, de su cumplimiento, que saque adelante la v\u00eda de dos calzadas hacia el sur, \u00fanica v\u00eda que nos comunica con toda Suram\u00e9rica\u00bb. Agreg\u00f3 que espera tambi\u00e9n que se \u00abbarra con toda la corrupci\u00f3n al interior del Ministerio de Transporte\u00bb. \u00d3scar Torres Yarzagaray es economista y PhD&#8230; <\/p>\n","protected":false},"author":3,"featured_media":56359,"comment_status":"closed","ping_status":"closed","sticky":false,"template":"","format":"standard","meta":{"footnotes":"","_links_to":"","_links_to_target":""},"categories":[1450,287,4],"tags":[285,313,298],"class_list":["post-56358","post","type-post","status-publish","format-standard","has-post-thumbnail","hentry","category-parasladers","category-nacional","category-politica","tag-destacada","tag-nacional","tag-politica"],"_links":{"self":[{"href":"https:\/\/revistazetta.com\/index.php?rest_route=\/wp\/v2\/posts\/56358","targetHints":{"allow":["GET"]}}],"collection":[{"href":"https:\/\/revistazetta.com\/index.php?rest_route=\/wp\/v2\/posts"}],"about":[{"href":"https:\/\/revistazetta.com\/index.php?rest_route=\/wp\/v2\/types\/post"}],"author":[{"embeddable":true,"href":"https:\/\/revistazetta.com\/index.php?rest_route=\/wp\/v2\/users\/3"}],"replies":[{"embeddable":true,"href":"https:\/\/revistazetta.com\/index.php?rest_route=%2Fwp%2Fv2%2Fcomments&post=56358"}],"version-history":[{"count":0,"href":"https:\/\/revistazetta.com\/index.php?rest_route=\/wp\/v2\/posts\/56358\/revisions"}],"wp:featuredmedia":[{"embeddable":true,"href":"https:\/\/revistazetta.com\/index.php?rest_route=\/wp\/v2\/media\/56359"}],"wp:attachment":[{"href":"https:\/\/revistazetta.com\/index.php?rest_route=%2Fwp%2Fv2%2Fmedia&parent=56358"}],"wp:term":[{"taxonomy":"category","embeddable":true,"href":"https:\/\/revistazetta.com\/index.php?rest_route=%2Fwp%2Fv2%2Fcategories&post=56358"},{"taxonomy":"post_tag","embeddable":true,"href":"https:\/\/revistazetta.com\/index.php?rest_route=%2Fwp%2Fv2%2Ftags&post=56358"}],"curies":[{"name":"wp","href":"https:\/\/api.w.org\/{rel}","templated":true}]}}