{"id":56393,"date":"2025-02-25T15:16:45","date_gmt":"2025-02-25T20:16:45","guid":{"rendered":"https:\/\/revistazetta.com\/?p=56393"},"modified":"2025-02-25T15:16:45","modified_gmt":"2025-02-25T20:16:45","slug":"consejo-directivo-de-unibac-designo-a-sacra-nader-david-como-rectora-para-el-periodo-2025-2029","status":"publish","type":"post","link":"https:\/\/revistazetta.com\/?p=56393","title":{"rendered":"Consejo Directivo de Unibac design\u00f3 a Sacra N\u00e1der David como Rectora para el periodo 2025-2029"},"content":{"rendered":"<p>Cartagena de Indias, 25 de febrero de 2025.- El Consejo Directivo de la Instituci\u00f3n Universitaria Bellas Artes y Ciencias de Bol\u00edvar design\u00f3 a la economista Sacra N\u00e1der David como Rectora para el periodo 2025-2029.<\/p>\n<p>Los importantes logros de su gesti\u00f3n como la aprobaci\u00f3n de Bellas Artes en Instituci\u00f3n Universitaria, la escrituraci\u00f3n de sus tres inmuebles, la aprobaci\u00f3n de 6 carreras profesionales, entre otros, y el sustentado plan de gobierno institucional para el cuatrienio, fueron los aspectos centrales que apreci\u00f3 el Consejo Directivo para la decisi\u00f3n.<\/p>\n<p>El proceso para la designaci\u00f3n Rector de la Instituci\u00f3n Universitaria Bellas Artes y Ciencias de Bol\u00edvar para el periodo 2025-2029 se cumpli\u00f3 al tenor del acuerdo 002 del 16 de enero de 2025, emanado del Consejo Directivo, que estableci\u00f3 requisitos, cronograma y procedimientos.<\/p>\n<p>El cronograma incluy\u00f3 presentaci\u00f3n de los planes de gobierno por parte de las personas inscritas Lucy Prieto, Jos\u00e9 Tejedor, Hemel Polo, Sacra N\u00e1der y Eduardo Hern\u00e1ndez, quienes expusieron sus objetivos ante el Consejo Directivo y la comunidad acad\u00e9mica de Unibac.<\/p>\n<p>Tras la designaci\u00f3n del Consejo Directivo, la rectora de Unibac se dirigi\u00f3 a la comunidad universitaria para reiterar su compromiso con la excelencia y alta calidad acad\u00e9mica, y los retos que asume en el proceso de transformaci\u00f3n continua de la instituci\u00f3n universitaria.<\/p>\n","protected":false},"excerpt":{"rendered":"<p>Cartagena de Indias, 25 de febrero de 2025.- El Consejo Directivo de la Instituci\u00f3n Universitaria Bellas Artes y Ciencias de Bol\u00edvar design\u00f3 a la economista Sacra N\u00e1der David como Rectora para el periodo 2025-2029. Los importantes logros de su gesti\u00f3n como la aprobaci\u00f3n de Bellas Artes en Instituci\u00f3n Universitaria, la escrituraci\u00f3n de sus tres inmuebles, la aprobaci\u00f3n de 6 carreras profesionales, entre otros, y el sustentado plan de gobierno institucional para el cuatrienio, fueron los aspectos centrales que apreci\u00f3 el Consejo Directivo para la decisi\u00f3n. El proceso para la designaci\u00f3n&#8230; <\/p>\n","protected":false},"author":3,"featured_media":56394,"comment_status":"closed","ping_status":"closed","sticky":false,"template":"","format":"standard","meta":{"footnotes":"","_links_to":"","_links_to_target":""},"categories":[3,1450,51],"tags":[292,285,427,369,293],"class_list":["post-56393","post","type-post","status-publish","format-standard","has-post-thumbnail","hentry","category-ciudad","category-parasladers","category-universidad","tag-ciudad","tag-destacada","tag-sacra-nader","tag-unibac","tag-universidad"],"_links":{"self":[{"href":"https:\/\/revistazetta.com\/index.php?rest_route=\/wp\/v2\/posts\/56393","targetHints":{"allow":["GET"]}}],"collection":[{"href":"https:\/\/revistazetta.com\/index.php?rest_route=\/wp\/v2\/posts"}],"about":[{"href":"https:\/\/revistazetta.com\/index.php?rest_route=\/wp\/v2\/types\/post"}],"author":[{"embeddable":true,"href":"https:\/\/revistazetta.com\/index.php?rest_route=\/wp\/v2\/users\/3"}],"replies":[{"embeddable":true,"href":"https:\/\/revistazetta.com\/index.php?rest_route=%2Fwp%2Fv2%2Fcomments&post=56393"}],"version-history":[{"count":0,"href":"https:\/\/revistazetta.com\/index.php?rest_route=\/wp\/v2\/posts\/56393\/revisions"}],"wp:featuredmedia":[{"embeddable":true,"href":"https:\/\/revistazetta.com\/index.php?rest_route=\/wp\/v2\/media\/56394"}],"wp:attachment":[{"href":"https:\/\/revistazetta.com\/index.php?rest_route=%2Fwp%2Fv2%2Fmedia&parent=56393"}],"wp:term":[{"taxonomy":"category","embeddable":true,"href":"https:\/\/revistazetta.com\/index.php?rest_route=%2Fwp%2Fv2%2Fcategories&post=56393"},{"taxonomy":"post_tag","embeddable":true,"href":"https:\/\/revistazetta.com\/index.php?rest_route=%2Fwp%2Fv2%2Ftags&post=56393"}],"curies":[{"name":"wp","href":"https:\/\/api.w.org\/{rel}","templated":true}]}}