{"id":56395,"date":"2025-02-25T15:28:49","date_gmt":"2025-02-25T20:28:49","guid":{"rendered":"https:\/\/revistazetta.com\/?p=56395"},"modified":"2025-02-25T15:28:49","modified_gmt":"2025-02-25T20:28:49","slug":"gobernador-arana-inicia-este-viernes-la-pavimentacion-de-23-kilometros-en-sectores-populares-de-cartagena","status":"publish","type":"post","link":"https:\/\/revistazetta.com\/?p=56395","title":{"rendered":"Gobernador Arana inicia este viernes la pavimentaci\u00f3n de 23 kil\u00f3metros en sectores populares de Cartagena"},"content":{"rendered":"<div><strong>Cartagena de Indias 25 de febrero de 2025.-<\/strong>\u00a0En el marco de la 52 asamblea ordinaria de Camacol Bol\u00edvar, el gobernador de Bol\u00edvar, Yamil Arana, destac\u00f3 la apuesta en materia de infraestructura que viene realizando desde su gobierno.<\/div>\n<div><\/div>\n<div>Arana dijo que uno de los compromisos hechos con la capital de Bol\u00edvar y con el alcalde de Cartagena, Dumek Turbay, fue el de la pavimentaci\u00f3n de calles, que inicia este viernes.<\/div>\n<div><\/div>\n<div>\u201cEste viernes inicia la pavimentaci\u00f3n masiva de calles en sectores populares de Cartagena, m\u00e1s de 23 kil\u00f3metros en pavimento r\u00edgido, en concreto, v\u00edas de m\u00e1s de 300 metros, grandes, aparte de las que hacemos con el programa COMPI. Nos hemos puesto de acuerdo con el distrito y empezaremos este viernes\u201d, apunt\u00f3.<\/div>\n<div><\/div>\n<div>Entre las v\u00edas seleccionadas para esta primera etapa se encuentran:<\/div>\n<div>\u2022 Barrio Fredonia: Calle 40 entre Carrera 80 y Ca\u00f1o Matute (calles 9 y 10).<\/div>\n<div>\u2022 Nuevo Para\u00edso: Carrera 80 entre Calles 38 y 48.<\/div>\n<div>\u2022 La Boquilla: Carrera 2 entre Calle 98 y Calle 46.<\/div>\n<div>\u2022 7 de Agosto: Calle 73 entre Carreras 11 y 16.<\/div>\n<div>\u2022 La Quinta: Calle 34 entre Carreras 25A y 23.<\/div>\n<div>\u2022 La Mar\u00eda: Calle 53 entre Carrera 34 y la V\u00eda Perimetral.<\/div>\n<div>\u2022 20 de Julio: Diagonal 28 entre Calle 7C y Carrera D\/E.<\/div>\n<div>\u2022 Olaya Herrera: Calle 32 entre 59 y 60B y Carrera 51 (calle Tab\u00fa).<\/div>\n<div><\/div>\n<div>El mandatario record\u00f3 que ejecutar\u00e1 1.000 mejoramientos de vivienda para los municipios de Turbaco, Arjona, El Carmen de Bol\u00edvar y Magangu\u00e9, que deben comenzar en los pr\u00f3ximos meses.<\/div>\n<div><\/div>\n<div>Asimismo, Arana confirm\u00f3 que la esperada soluci\u00f3n ambiental de El Laguito surtir\u00e1 un paso trascendental con la apertura de la licitaci\u00f3n del componente urban\u00edstico, este mes de marzo.<\/div>\n<div><\/div>\n<div>En la asamblea, el mandatario destac\u00f3 la inversi\u00f3n que se viene haciendo en materia de educaci\u00f3n con la entrega de 21 megacolegios en Bol\u00edvar.<\/div>\n<div><\/div>\n<div>En medio del evento, Camacol entreg\u00f3 un reconocimiento al Gobernador Yamil Arana y al alcalde Dumek Turbay, resaltando las labores que vienen desempe\u00f1ando en la gesti\u00f3n p\u00fablica.<\/div>\n<div><\/div>\n<div>\u201cEste departamento necesita que el mundo empiece a mirar de otra forma, no solamente como escenarios para hacer inversi\u00f3n social, sino empresariales. En este cuatrienio queremos conectar el norte con el sur de Bol\u00edvar y dejaremos listos dos puentes para que el pr\u00f3ximo gobernador termine lo que ya iniciamos\u201d, indic\u00f3 Arana.<\/div>\n","protected":false},"excerpt":{"rendered":"<p>Cartagena de Indias 25 de febrero de 2025.-\u00a0En el marco de la 52 asamblea ordinaria de Camacol Bol\u00edvar, el gobernador de Bol\u00edvar, Yamil Arana, destac\u00f3 la apuesta en materia de infraestructura que viene realizando desde su gobierno. Arana dijo que uno de los compromisos hechos con la capital de Bol\u00edvar y con el alcalde de Cartagena, Dumek Turbay, fue el de la pavimentaci\u00f3n de calles, que inicia este viernes. \u201cEste viernes inicia la pavimentaci\u00f3n masiva de calles en sectores populares de Cartagena, m\u00e1s de 23 kil\u00f3metros en pavimento r\u00edgido, en&#8230; <\/p>\n","protected":false},"author":3,"featured_media":56396,"comment_status":"closed","ping_status":"closed","sticky":false,"template":"","format":"standard","meta":{"footnotes":"","_links_to":"","_links_to_target":""},"categories":[85,1450,32],"tags":[111,285,296,583],"class_list":["post-56395","post","type-post","status-publish","format-standard","has-post-thumbnail","hentry","category-cartagena","category-parasladers","category-actualidad-distrito","tag-cartagena","tag-destacada","tag-distrito","tag-yamil-arana"],"_links":{"self":[{"href":"https:\/\/revistazetta.com\/index.php?rest_route=\/wp\/v2\/posts\/56395","targetHints":{"allow":["GET"]}}],"collection":[{"href":"https:\/\/revistazetta.com\/index.php?rest_route=\/wp\/v2\/posts"}],"about":[{"href":"https:\/\/revistazetta.com\/index.php?rest_route=\/wp\/v2\/types\/post"}],"author":[{"embeddable":true,"href":"https:\/\/revistazetta.com\/index.php?rest_route=\/wp\/v2\/users\/3"}],"replies":[{"embeddable":true,"href":"https:\/\/revistazetta.com\/index.php?rest_route=%2Fwp%2Fv2%2Fcomments&post=56395"}],"version-history":[{"count":0,"href":"https:\/\/revistazetta.com\/index.php?rest_route=\/wp\/v2\/posts\/56395\/revisions"}],"wp:featuredmedia":[{"embeddable":true,"href":"https:\/\/revistazetta.com\/index.php?rest_route=\/wp\/v2\/media\/56396"}],"wp:attachment":[{"href":"https:\/\/revistazetta.com\/index.php?rest_route=%2Fwp%2Fv2%2Fmedia&parent=56395"}],"wp:term":[{"taxonomy":"category","embeddable":true,"href":"https:\/\/revistazetta.com\/index.php?rest_route=%2Fwp%2Fv2%2Fcategories&post=56395"},{"taxonomy":"post_tag","embeddable":true,"href":"https:\/\/revistazetta.com\/index.php?rest_route=%2Fwp%2Fv2%2Ftags&post=56395"}],"curies":[{"name":"wp","href":"https:\/\/api.w.org\/{rel}","templated":true}]}}