{"id":56424,"date":"2025-03-04T14:44:01","date_gmt":"2025-03-04T19:44:01","guid":{"rendered":"https:\/\/revistazetta.com\/?p=56424"},"modified":"2025-03-04T14:44:01","modified_gmt":"2025-03-04T19:44:01","slug":"uninunez-y-umayor-unen-energias-para-fortalecer-la-educacion-superior","status":"publish","type":"post","link":"https:\/\/revistazetta.com\/?p=56424","title":{"rendered":"UniN\u00fa\u00f1ez y UMayor unen energ\u00edas para fortalecer la educaci\u00f3n superior"},"content":{"rendered":"<p><strong>Cartagena de Indias, 4 de marzo de 2025.-<\/strong> En un esfuerzo por ampliar las oportunidades acad\u00e9micas y fortalecer la educaci\u00f3n superior, la Corporaci\u00f3n Universitaria Rafael N\u00fa\u00f1ez y la Instituci\u00f3n Universitaria Mayor de Cartagena (UMayor) han formalizado un nuevo convenio marco de cooperaci\u00f3n, adem\u00e1s de un convenio espec\u00edfico que articula la Facultad de Ciencias Sociales y Educaci\u00f3n de UMayor con la Facultad de Ciencias Sociales y Humanas de UniN\u00fa\u00f1ez.<\/p>\n<p>Este acuerdo permitir\u00e1 una colaboraci\u00f3n efectiva en \u00e1reas claves como programas acad\u00e9micos, investigaci\u00f3n, innovaci\u00f3n, extensi\u00f3n, proyecci\u00f3n social, certificaci\u00f3n, capacitaci\u00f3n y proyectos de asesor\u00eda y consultor\u00eda. Adem\u00e1s, facilitar\u00e1 la articulaci\u00f3n de planes de estudio, beneficiando especialmente a los egresados de Tecnolog\u00eda en Promoci\u00f3n Social de UMayor, quienes podr\u00e1n homologar cr\u00e9ditos y continuar su formaci\u00f3n en el programa de Trabajo Social de UniN\u00fa\u00f1ez para obtener el t\u00edtulo profesional de Trabajador(a) Social.<\/p>\n<p><img loading=\"lazy\" decoding=\"async\" class=\"alignnone size-medium wp-image-56426\" src=\"https:\/\/revistazetta.com\/wp-content\/uploads\/2025\/03\/WhatsApp-Image-2025-03-04-at-08.54.54-1-500x333.jpeg\" alt=\"\" width=\"500\" height=\"333\" srcset=\"https:\/\/revistazetta.com\/wp-content\/uploads\/2025\/03\/WhatsApp-Image-2025-03-04-at-08.54.54-1-500x333.jpeg 500w, https:\/\/revistazetta.com\/wp-content\/uploads\/2025\/03\/WhatsApp-Image-2025-03-04-at-08.54.54-1-1024x682.jpeg 1024w, https:\/\/revistazetta.com\/wp-content\/uploads\/2025\/03\/WhatsApp-Image-2025-03-04-at-08.54.54-1-243x162.jpeg 243w, https:\/\/revistazetta.com\/wp-content\/uploads\/2025\/03\/WhatsApp-Image-2025-03-04-at-08.54.54-1-1536x1023.jpeg 1536w, https:\/\/revistazetta.com\/wp-content\/uploads\/2025\/03\/WhatsApp-Image-2025-03-04-at-08.54.54-1.jpeg 1600w\" sizes=\"auto, (max-width: 500px) 100vw, 500px\" \/><\/p>\n<p>Desde 2020 hasta el primer periodo de 2025, 218 Promotores Sociales de UMayor han ingresado a UniN\u00fa\u00f1ez con el prop\u00f3sito de profesionalizarse en Trabajo Social, lo que demuestra el impacto positivo de esta articulaci\u00f3n acad\u00e9mica.<\/p>\n<p>Con una vigencia inicial de tres a\u00f1os, esta alianza representa un paso significativo hacia la creaci\u00f3n de m\u00e1s y mejores oportunidades para la comunidad acad\u00e9mica. Estas dos instituciones reafirman as\u00ed su compromiso con una educaci\u00f3n accesible, de calidad y enfocada en el crecimiento profesional de sus estudiantes.<\/p>\n<p><img loading=\"lazy\" decoding=\"async\" class=\"alignnone size-medium wp-image-56427\" src=\"https:\/\/revistazetta.com\/wp-content\/uploads\/2025\/03\/WhatsApp-Image-2025-03-04-at-08.54.54-4-500x333.jpeg\" alt=\"\" width=\"500\" height=\"333\" srcset=\"https:\/\/revistazetta.com\/wp-content\/uploads\/2025\/03\/WhatsApp-Image-2025-03-04-at-08.54.54-4-500x333.jpeg 500w, https:\/\/revistazetta.com\/wp-content\/uploads\/2025\/03\/WhatsApp-Image-2025-03-04-at-08.54.54-4-1024x682.jpeg 1024w, https:\/\/revistazetta.com\/wp-content\/uploads\/2025\/03\/WhatsApp-Image-2025-03-04-at-08.54.54-4-243x162.jpeg 243w, https:\/\/revistazetta.com\/wp-content\/uploads\/2025\/03\/WhatsApp-Image-2025-03-04-at-08.54.54-4-1536x1023.jpeg 1536w, https:\/\/revistazetta.com\/wp-content\/uploads\/2025\/03\/WhatsApp-Image-2025-03-04-at-08.54.54-4.jpeg 1600w\" sizes=\"auto, (max-width: 500px) 100vw, 500px\" \/><\/p>\n<p>&nbsp;<\/p>\n","protected":false},"excerpt":{"rendered":"<p>Cartagena de Indias, 4 de marzo de 2025.- En un esfuerzo por ampliar las oportunidades acad\u00e9micas y fortalecer la educaci\u00f3n superior, la Corporaci\u00f3n Universitaria Rafael N\u00fa\u00f1ez y la Instituci\u00f3n Universitaria Mayor de Cartagena (UMayor) han formalizado un nuevo convenio marco de cooperaci\u00f3n, adem\u00e1s de un convenio espec\u00edfico que articula la Facultad de Ciencias Sociales y Educaci\u00f3n de UMayor con la Facultad de Ciencias Sociales y Humanas de UniN\u00fa\u00f1ez. Este acuerdo permitir\u00e1 una colaboraci\u00f3n efectiva en \u00e1reas claves como programas acad\u00e9micos, investigaci\u00f3n, innovaci\u00f3n, extensi\u00f3n, proyecci\u00f3n social, certificaci\u00f3n, capacitaci\u00f3n y proyectos de&#8230; <\/p>\n","protected":false},"author":3,"featured_media":56425,"comment_status":"closed","ping_status":"closed","sticky":false,"template":"","format":"standard","meta":{"footnotes":"","_links_to":"","_links_to_target":""},"categories":[3,1450,51],"tags":[292,285,776,1907,293],"class_list":["post-56424","post","type-post","status-publish","format-standard","has-post-thumbnail","hentry","category-ciudad","category-parasladers","category-universidad","tag-ciudad","tag-destacada","tag-umayor","tag-uninunez","tag-universidad"],"_links":{"self":[{"href":"https:\/\/revistazetta.com\/index.php?rest_route=\/wp\/v2\/posts\/56424","targetHints":{"allow":["GET"]}}],"collection":[{"href":"https:\/\/revistazetta.com\/index.php?rest_route=\/wp\/v2\/posts"}],"about":[{"href":"https:\/\/revistazetta.com\/index.php?rest_route=\/wp\/v2\/types\/post"}],"author":[{"embeddable":true,"href":"https:\/\/revistazetta.com\/index.php?rest_route=\/wp\/v2\/users\/3"}],"replies":[{"embeddable":true,"href":"https:\/\/revistazetta.com\/index.php?rest_route=%2Fwp%2Fv2%2Fcomments&post=56424"}],"version-history":[{"count":0,"href":"https:\/\/revistazetta.com\/index.php?rest_route=\/wp\/v2\/posts\/56424\/revisions"}],"wp:featuredmedia":[{"embeddable":true,"href":"https:\/\/revistazetta.com\/index.php?rest_route=\/wp\/v2\/media\/56425"}],"wp:attachment":[{"href":"https:\/\/revistazetta.com\/index.php?rest_route=%2Fwp%2Fv2%2Fmedia&parent=56424"}],"wp:term":[{"taxonomy":"category","embeddable":true,"href":"https:\/\/revistazetta.com\/index.php?rest_route=%2Fwp%2Fv2%2Fcategories&post=56424"},{"taxonomy":"post_tag","embeddable":true,"href":"https:\/\/revistazetta.com\/index.php?rest_route=%2Fwp%2Fv2%2Ftags&post=56424"}],"curies":[{"name":"wp","href":"https:\/\/api.w.org\/{rel}","templated":true}]}}