{"id":56472,"date":"2025-03-06T06:20:41","date_gmt":"2025-03-06T11:20:41","guid":{"rendered":"https:\/\/revistazetta.com\/?p=56472"},"modified":"2025-03-06T06:20:41","modified_gmt":"2025-03-06T11:20:41","slug":"ficci-2025-epicentro-del-cine-iberoamericano","status":"publish","type":"post","link":"https:\/\/revistazetta.com\/?p=56472","title":{"rendered":"Ficci 2025, epicentro del cine iberoamericano"},"content":{"rendered":"<p>Del 1 al 6 de abril, Cartagena se convertir\u00e1 en el epicentro del cine iberoamericano, con una programaci\u00f3n que promete sorprender, emocionar y transformar.<\/p>\n<p><strong><span lang=\"ES-TRAD\" xml:lang=\"ES-TRAD\">Cartagena de Indias, 6 de marzo de 2025.- <\/span><\/strong><span lang=\"ES-TRAD\" xml:lang=\"ES-TRAD\">El Festival Internacional de Cine de Cartagena de Indias<\/span><span lang=\"ES-TRAD\" xml:lang=\"ES-TRAD\">, el m\u00e1s antiguo de Latinoam\u00e9rica, regresa con una edici\u00f3n poderosa que reafirma su papel como un espacio de encuentro, reflexi\u00f3n y proyecci\u00f3n para el cine iberoamericano. <\/span><\/p>\n<p><span lang=\"ES-TRAD\" xml:lang=\"ES-TRAD\">Durante seis d\u00edas, la ciudad se convertir\u00e1 en el epicentro del cine, acogiendo a cineastas, acad\u00e9micos, cr\u00edticos y p\u00fablico en un evento que celebra la diversidad, la memoria y las nuevas formas del lenguaje cinematogr\u00e1fico.<\/span><\/p>\n<p><img loading=\"lazy\" decoding=\"async\" class=\"alignnone wp-image-56474 size-large\" src=\"https:\/\/revistazetta.com\/wp-content\/uploads\/2025\/03\/Ficci-2025-819x1024.jpeg\" alt=\"\" width=\"819\" height=\"1024\" srcset=\"https:\/\/revistazetta.com\/wp-content\/uploads\/2025\/03\/Ficci-2025-819x1024.jpeg 819w, https:\/\/revistazetta.com\/wp-content\/uploads\/2025\/03\/Ficci-2025-266x333.jpeg 266w, https:\/\/revistazetta.com\/wp-content\/uploads\/2025\/03\/Ficci-2025-130x162.jpeg 130w, https:\/\/revistazetta.com\/wp-content\/uploads\/2025\/03\/Ficci-2025.jpeg 1080w\" sizes=\"auto, (max-width: 819px) 100vw, 819px\" \/><\/p>\n<p><span lang=\"ES-TRAD\" xml:lang=\"ES-TRAD\">\u201cEl Ficci es m\u00e1s que un festival; es un espacio de resistencia y expresi\u00f3n art\u00edstica. A\u00f1o tras a\u00f1o, nos reinventamos para ofrecer una programaci\u00f3n que refleje el pulso del cine iberoamericano y del mundo, destacando las historias que deben ser contadas. Esta edici\u00f3n celebramos el regreso a las ra\u00edces, a la cartageneidad, a las cosas \u00fanicas que hacen de esta ciudad el lugar ideal para un encuentro de esta magnitud\u201d, expres\u00f3 Margarita D\u00edaz, directora general del festival.<\/span><\/p>\n<p><span lang=\"ES-TRAD\" xml:lang=\"ES-TRAD\">Las cifras del Ficci 64: Este a\u00f1o el Festival ofrecer\u00e1 m\u00e1s de 190 proyecciones, entre las que se destacan 60 estrenos nacionales, 30 estrenos latinoamericanos y 20 estrenos mundiales. Cada secci\u00f3n busca representar las m\u00faltiples voces y narrativas que emergen en el cine contempor\u00e1neo, consolidando al Ficci como una plataforma clave para la exhibici\u00f3n y el reconocimiento de nuevas miradas cinematogr\u00e1ficas.<\/span><\/p>\n<p><span lang=\"ES-TRAD\" xml:lang=\"ES-TRAD\">Una visi\u00f3n art\u00edstica comprometida con la diversidad <strong>\u201cel Ficci <\/strong>reconoce la diversidad como una herramienta fundamental con la que volver a medir nuestro mundo en un futuro pr\u00f3ximo. Como festival de cine tenemos la oportunidad de ofrecer una plataforma para m\u00faltiples miradas originales, reforzando el poder de la diversidad tanto en t\u00e9rminos de identidades como de diferentes formas de expresi\u00f3n y narraci\u00f3n\u201d, destaca <strong>Ansgar Vogt, director art\u00edstico del festival.<\/strong><\/span><\/p>\n<p><span lang=\"ES-TRAD\" xml:lang=\"ES-TRAD\">Bajo la direcci\u00f3n art\u00edstica de Ansgar Vogt, la curadur\u00eda del Ficci 64 destaca pel\u00edculas que no solo desaf\u00edan las convenciones, sino que tambi\u00e9n abren di\u00e1logos sobre identidades h\u00edbridas, memoria y resistencia.<\/span><\/p>\n<p><span lang=\"ES-TRAD\" xml:lang=\"ES-TRAD\">Del 1 al 6 de abril, Cartagena se convertir\u00e1 en el epicentro del cine iberoamericano, con una programaci\u00f3n que promete sorprender, emocionar y transformar.<\/span><\/p>\n","protected":false},"excerpt":{"rendered":"<p>Del 1 al 6 de abril, Cartagena se convertir\u00e1 en el epicentro del cine iberoamericano, con una programaci\u00f3n que promete sorprender, emocionar y transformar. Cartagena de Indias, 6 de marzo de 2025.- El Festival Internacional de Cine de Cartagena de Indias, el m\u00e1s antiguo de Latinoam\u00e9rica, regresa con una edici\u00f3n poderosa que reafirma su papel como un espacio de encuentro, reflexi\u00f3n y proyecci\u00f3n para el cine iberoamericano. Durante seis d\u00edas, la ciudad se convertir\u00e1 en el epicentro del cine, acogiendo a cineastas, acad\u00e9micos, cr\u00edticos y p\u00fablico en un evento que&#8230; <\/p>\n","protected":false},"author":3,"featured_media":56473,"comment_status":"closed","ping_status":"closed","sticky":false,"template":"","format":"standard","meta":{"footnotes":"","_links_to":"","_links_to_target":""},"categories":[60,41,1450],"tags":[291,290,285,1625],"class_list":["post-56472","post","type-post","status-publish","format-standard","has-post-thumbnail","hentry","category-cine","category-cultura","category-parasladers","tag-cine","tag-cultura","tag-destacada","tag-ficci"],"_links":{"self":[{"href":"https:\/\/revistazetta.com\/index.php?rest_route=\/wp\/v2\/posts\/56472","targetHints":{"allow":["GET"]}}],"collection":[{"href":"https:\/\/revistazetta.com\/index.php?rest_route=\/wp\/v2\/posts"}],"about":[{"href":"https:\/\/revistazetta.com\/index.php?rest_route=\/wp\/v2\/types\/post"}],"author":[{"embeddable":true,"href":"https:\/\/revistazetta.com\/index.php?rest_route=\/wp\/v2\/users\/3"}],"replies":[{"embeddable":true,"href":"https:\/\/revistazetta.com\/index.php?rest_route=%2Fwp%2Fv2%2Fcomments&post=56472"}],"version-history":[{"count":0,"href":"https:\/\/revistazetta.com\/index.php?rest_route=\/wp\/v2\/posts\/56472\/revisions"}],"wp:featuredmedia":[{"embeddable":true,"href":"https:\/\/revistazetta.com\/index.php?rest_route=\/wp\/v2\/media\/56473"}],"wp:attachment":[{"href":"https:\/\/revistazetta.com\/index.php?rest_route=%2Fwp%2Fv2%2Fmedia&parent=56472"}],"wp:term":[{"taxonomy":"category","embeddable":true,"href":"https:\/\/revistazetta.com\/index.php?rest_route=%2Fwp%2Fv2%2Fcategories&post=56472"},{"taxonomy":"post_tag","embeddable":true,"href":"https:\/\/revistazetta.com\/index.php?rest_route=%2Fwp%2Fv2%2Ftags&post=56472"}],"curies":[{"name":"wp","href":"https:\/\/api.w.org\/{rel}","templated":true}]}}