{"id":56487,"date":"2025-03-07T16:44:02","date_gmt":"2025-03-07T21:44:02","guid":{"rendered":"https:\/\/revistazetta.com\/?p=56487"},"modified":"2025-03-07T16:44:02","modified_gmt":"2025-03-07T21:44:02","slug":"gobernador-y-comunidad-la-alianza-que-llevo-el-pavimento-al-barrio-la-granja-de-mompox","status":"publish","type":"post","link":"https:\/\/revistazetta.com\/?p=56487","title":{"rendered":"Gobernador y comunidad: la alianza que llev\u00f3 el pavimento al barrio La Granja, de Mompox"},"content":{"rendered":"<p style=\"padding-left: 40px;\"><span style=\"color: #0000ff;\"><strong><em>Los vecinos pusieron la mano de obra y la administraci\u00f3n departamental aport\u00f3 la asistencia t\u00e9cnica.<\/em><\/strong><\/span><\/p>\n<p><strong>Mompox, Bol\u00edvar, 7 de marzo de 2025-\u2013<\/strong> Durante una emotiva ceremonia en el barrio La Granja de Mompox, el gobernador de Bol\u00edvar, Yamil Arana Padau\u00ed, present\u00f3 la nueva calle pavimentada bajo el programa de participaci\u00f3n comunitaria COMPI. Esta acci\u00f3n forma parte de un plan integral para extender la infraestructura vial en \u00e1reas hist\u00f3ricamente descuidadas del Distrito.<\/p>\n<p>Uno de los aspectos m\u00e1s destacados de la obra en La Granja es la participaci\u00f3n activa de los vecinos.<\/p>\n<p><img loading=\"lazy\" decoding=\"async\" class=\"alignnone size-medium wp-image-56489\" src=\"https:\/\/revistazetta.com\/wp-content\/uploads\/2025\/03\/WhatsApp-Image-2025-03-07-at-10.15.54-500x333.jpeg\" alt=\"\" width=\"500\" height=\"333\" srcset=\"https:\/\/revistazetta.com\/wp-content\/uploads\/2025\/03\/WhatsApp-Image-2025-03-07-at-10.15.54-500x333.jpeg 500w, https:\/\/revistazetta.com\/wp-content\/uploads\/2025\/03\/WhatsApp-Image-2025-03-07-at-10.15.54-1024x683.jpeg 1024w, https:\/\/revistazetta.com\/wp-content\/uploads\/2025\/03\/WhatsApp-Image-2025-03-07-at-10.15.54-243x162.jpeg 243w, https:\/\/revistazetta.com\/wp-content\/uploads\/2025\/03\/WhatsApp-Image-2025-03-07-at-10.15.54-1536x1024.jpeg 1536w, https:\/\/revistazetta.com\/wp-content\/uploads\/2025\/03\/WhatsApp-Image-2025-03-07-at-10.15.54-2048x1365.jpeg 2048w\" sizes=\"auto, (max-width: 500px) 100vw, 500px\" \/><\/p>\n<p>\u201cLa comunidad aport\u00f3 la mano de obra, mientras la Gobernaci\u00f3n facilit\u00f3 materiales y asistencia t\u00e9cnica. Este proyecto, que cost\u00f3 alrededor de ciento cincuenta millones de pesos, se realiz\u00f3 a una fracci\u00f3n del costo tradicional. De hab\u00e9rsele contratado de la manera usual, habr\u00eda costado tres veces m\u00e1s, casi cuatrocientos cincuenta millones. Esto demuestra que trabajar en conjunto rinde grandes frutos, porque las obras se construyen con el coraz\u00f3n\u201d.<\/p>\n<p>El gobernador resalt\u00f3 la importancia de llevar inversiones a toda la extensi\u00f3n del territorio, m\u00e1s all\u00e1 del Centro Hist\u00f3rico. \u201cEstamos aqu\u00ed para mejorar la conectividad en zonas que hasta ahora hab\u00edan quedado olvidadas. Pavimentaremos kil\u00f3metros de v\u00edas en sectores donde nadie hab\u00eda llegado antes\u201d, asegur\u00f3 Arana Padau\u00ed.<\/p>\n<p><img loading=\"lazy\" decoding=\"async\" class=\"alignnone size-medium wp-image-56490\" src=\"https:\/\/revistazetta.com\/wp-content\/uploads\/2025\/03\/WhatsApp-Image-2025-03-07-at-10.15.56-1-500x333.jpeg\" alt=\"\" width=\"500\" height=\"333\" srcset=\"https:\/\/revistazetta.com\/wp-content\/uploads\/2025\/03\/WhatsApp-Image-2025-03-07-at-10.15.56-1-500x333.jpeg 500w, https:\/\/revistazetta.com\/wp-content\/uploads\/2025\/03\/WhatsApp-Image-2025-03-07-at-10.15.56-1-1024x683.jpeg 1024w, https:\/\/revistazetta.com\/wp-content\/uploads\/2025\/03\/WhatsApp-Image-2025-03-07-at-10.15.56-1-243x162.jpeg 243w, https:\/\/revistazetta.com\/wp-content\/uploads\/2025\/03\/WhatsApp-Image-2025-03-07-at-10.15.56-1-1536x1024.jpeg 1536w, https:\/\/revistazetta.com\/wp-content\/uploads\/2025\/03\/WhatsApp-Image-2025-03-07-at-10.15.56-1-2048x1365.jpeg 2048w\" sizes=\"auto, (max-width: 500px) 100vw, 500px\" \/><\/p>\n<p>La nueva calle no solo mejora la infraestructura, sino que tambi\u00e9n garantiza un acceso seguro y eficiente para los estudiantes de los colegios del sector. Arana Padau\u00ed record\u00f3 que, en el pasado, una batea en esa calle provocaba acumulaci\u00f3n de agua, generando focos de mosquitos y dengue, adem\u00e1s de ser evitada por los mototaxistas. \u201cDespu\u00e9s de una lluvia, el agua se escurri\u00f3 r\u00e1pidamente y hoy la calle se muestra totalmente seca, con un excelente sistema de drenaje\u201d, destac\u00f3.<\/p>\n<p>Durante la celebraci\u00f3n, el gobernador anunci\u00f3 con satisfacci\u00f3n que el programa Compi se consolidar\u00e1 en el barrio La Granja para continuar pavimentando otras v\u00edas del municipio. \u201cEl COMPI ha venido a quedarse en La Granja para seguir mejorando nuestra movilidad y la calidad de vida de nuestra gente\u201d, concluy\u00f3, recibiendo el respaldo y los aplausos de los residentes.<\/p>\n<p>El alcalde de Mompox, Juan Sinning Ciodaro, expres\u00f3 su agradecimiento por el apoyo recibido: \u201cEstas obras traen desarrollo para nuestra gente y mejoran el bienestar del Distrito\u201d. Previamente, Arana Padau\u00ed hab\u00eda iniciado la \u201cPrimera pala del Nuevo Mompox\u201d, anunciando la intervenci\u00f3n de seis calles adicionales, entre ellas La Frescura, que se transformar\u00e1 en un museo callejero para narrar la rica historia y el esp\u00edritu resiliente del pueblo, en su camino a convertirse en el primer municipio inteligente y seguro de Bol\u00edvar y Colombia.<\/p>\n<p>Estas iniciativas de pavimentaci\u00f3n se posicionan como un motor esencial para el progreso urbano y el fortalecimiento del turismo en Mompox, demostrando el firme compromiso de las autoridades con el desarrollo y la calidad de vida de sus habitantes.<\/p>\n","protected":false},"excerpt":{"rendered":"<p>Los vecinos pusieron la mano de obra y la administraci\u00f3n departamental aport\u00f3 la asistencia t\u00e9cnica. Mompox, Bol\u00edvar, 7 de marzo de 2025-\u2013 Durante una emotiva ceremonia en el barrio La Granja de Mompox, el gobernador de Bol\u00edvar, Yamil Arana Padau\u00ed, present\u00f3 la nueva calle pavimentada bajo el programa de participaci\u00f3n comunitaria COMPI. Esta acci\u00f3n forma parte de un plan integral para extender la infraestructura vial en \u00e1reas hist\u00f3ricamente descuidadas del Distrito. Uno de los aspectos m\u00e1s destacados de la obra en La Granja es la participaci\u00f3n activa de los vecinos&#8230;. <\/p>\n","protected":false},"author":3,"featured_media":56488,"comment_status":"closed","ping_status":"closed","sticky":false,"template":"","format":"standard","meta":{"footnotes":"","_links_to":"","_links_to_target":""},"categories":[33,1450,80],"tags":[73,285,218,300,583],"class_list":["post-56487","post","type-post","status-publish","format-standard","has-post-thumbnail","hentry","category-actualidad-bolivar","category-parasladers","category-region","tag-bolivar","tag-destacada","tag-mompox","tag-region","tag-yamil-arana"],"_links":{"self":[{"href":"https:\/\/revistazetta.com\/index.php?rest_route=\/wp\/v2\/posts\/56487","targetHints":{"allow":["GET"]}}],"collection":[{"href":"https:\/\/revistazetta.com\/index.php?rest_route=\/wp\/v2\/posts"}],"about":[{"href":"https:\/\/revistazetta.com\/index.php?rest_route=\/wp\/v2\/types\/post"}],"author":[{"embeddable":true,"href":"https:\/\/revistazetta.com\/index.php?rest_route=\/wp\/v2\/users\/3"}],"replies":[{"embeddable":true,"href":"https:\/\/revistazetta.com\/index.php?rest_route=%2Fwp%2Fv2%2Fcomments&post=56487"}],"version-history":[{"count":0,"href":"https:\/\/revistazetta.com\/index.php?rest_route=\/wp\/v2\/posts\/56487\/revisions"}],"wp:featuredmedia":[{"embeddable":true,"href":"https:\/\/revistazetta.com\/index.php?rest_route=\/wp\/v2\/media\/56488"}],"wp:attachment":[{"href":"https:\/\/revistazetta.com\/index.php?rest_route=%2Fwp%2Fv2%2Fmedia&parent=56487"}],"wp:term":[{"taxonomy":"category","embeddable":true,"href":"https:\/\/revistazetta.com\/index.php?rest_route=%2Fwp%2Fv2%2Fcategories&post=56487"},{"taxonomy":"post_tag","embeddable":true,"href":"https:\/\/revistazetta.com\/index.php?rest_route=%2Fwp%2Fv2%2Ftags&post=56487"}],"curies":[{"name":"wp","href":"https:\/\/api.w.org\/{rel}","templated":true}]}}