{"id":56491,"date":"2025-03-07T17:07:57","date_gmt":"2025-03-07T22:07:57","guid":{"rendered":"https:\/\/revistazetta.com\/?p=56491"},"modified":"2025-03-07T17:07:57","modified_gmt":"2025-03-07T22:07:57","slug":"del-12-al-16-de-marzo-semana-del-chicharron-se-toma-parque-heredia","status":"publish","type":"post","link":"https:\/\/revistazetta.com\/?p=56491","title":{"rendered":"Del 12 al 16 de marzo, Semana del Chicharr\u00f3n se toma Parque Heredia"},"content":{"rendered":"<p><strong>Cartagena de Indias, 7 de marzo de 2025.-\u00a0<\/strong>Cartagena de Indias est\u00e1 lista para recibir uno de los eventos gastron\u00f3micos m\u00e1s esperados del a\u00f1o: Semana del Chicharr\u00f3n, del 12 al 16 de marzo en el centro comercial Parque Heredia, zona de parqueaderos. Durante cinco d\u00edas, la ciudad se convertir\u00e1 en el epicentro del sabor, reuniendo a los mejores exponentes de este manjar crocante y delicioso.<\/p>\n<p>Los m\u00e1s talentosos cocineros de Cartagena y la regi\u00f3n Caribe sorprender\u00e1n a los asistentes con una amplia variedad de presentaciones del chicharr\u00f3n, desde las recetas m\u00e1s tradicionales hasta innovaciones culinarias que elevan este plato a otro nivel. Adem\u00e1s de la oferta gastron\u00f3mica, el evento contar\u00e1 con una programaci\u00f3n llena de buena m\u00fasica, shows en vivo y actividades para toda la familia.<\/p>\n<p>El organizador de este encuentro gastron\u00f3mico, Jes\u00fas Ch\u00e1vez, extendi\u00f3 una invitaci\u00f3n especial a locales y turistas para que no se pierdan esta experiencia \u00fanica.<\/p>\n<p>\u00abInvitamos a todos los cartageneros, bolivarenses y visitantes a que vengan del 12 al 16 de marzo a disfrutar de este festival, donde el chicharr\u00f3n ser\u00e1 el gran protagonista. Adem\u00e1s, contaremos con buena m\u00fasica, shows en vivo y un ambiente ideal para compartir en familia\u00bb, destac\u00f3.<\/p>\n<p>M\u00e1s all\u00e1 de ser una feria gastron\u00f3mica, la semana del Chicharr\u00f3n es una celebraci\u00f3n de la cultura y tradici\u00f3n culinaria de la Costa Caribe. Un evento pensado para disfrutar en familia, compartir entre amigos y rendir homenaje a uno de los sabores m\u00e1s representativos de nuestra cocina.<\/p>\n<p>\u00a1No te quedes por fuera de esta gran fiesta! Ven y d\u00e9jate conquistar por la crocancia, el sabor y la alegr\u00eda de la semana del Chicharr\u00f3n.<\/p>\n","protected":false},"excerpt":{"rendered":"<p>Cartagena de Indias, 7 de marzo de 2025.-\u00a0Cartagena de Indias est\u00e1 lista para recibir uno de los eventos gastron\u00f3micos m\u00e1s esperados del a\u00f1o: Semana del Chicharr\u00f3n, del 12 al 16 de marzo en el centro comercial Parque Heredia, zona de parqueaderos. Durante cinco d\u00edas, la ciudad se convertir\u00e1 en el epicentro del sabor, reuniendo a los mejores exponentes de este manjar crocante y delicioso. Los m\u00e1s talentosos cocineros de Cartagena y la regi\u00f3n Caribe sorprender\u00e1n a los asistentes con una amplia variedad de presentaciones del chicharr\u00f3n, desde las recetas m\u00e1s&#8230; <\/p>\n","protected":false},"author":3,"featured_media":56492,"comment_status":"closed","ping_status":"closed","sticky":false,"template":"","format":"standard","meta":{"footnotes":"","_links_to":"","_links_to_target":""},"categories":[58,41,1450],"tags":[328,290,285,2376],"class_list":["post-56491","post","type-post","status-publish","format-standard","has-post-thumbnail","hentry","category-cocina","category-cultura","category-parasladers","tag-cocina","tag-cultura","tag-destacada","tag-semana-del-chicharron"],"_links":{"self":[{"href":"https:\/\/revistazetta.com\/index.php?rest_route=\/wp\/v2\/posts\/56491","targetHints":{"allow":["GET"]}}],"collection":[{"href":"https:\/\/revistazetta.com\/index.php?rest_route=\/wp\/v2\/posts"}],"about":[{"href":"https:\/\/revistazetta.com\/index.php?rest_route=\/wp\/v2\/types\/post"}],"author":[{"embeddable":true,"href":"https:\/\/revistazetta.com\/index.php?rest_route=\/wp\/v2\/users\/3"}],"replies":[{"embeddable":true,"href":"https:\/\/revistazetta.com\/index.php?rest_route=%2Fwp%2Fv2%2Fcomments&post=56491"}],"version-history":[{"count":0,"href":"https:\/\/revistazetta.com\/index.php?rest_route=\/wp\/v2\/posts\/56491\/revisions"}],"wp:featuredmedia":[{"embeddable":true,"href":"https:\/\/revistazetta.com\/index.php?rest_route=\/wp\/v2\/media\/56492"}],"wp:attachment":[{"href":"https:\/\/revistazetta.com\/index.php?rest_route=%2Fwp%2Fv2%2Fmedia&parent=56491"}],"wp:term":[{"taxonomy":"category","embeddable":true,"href":"https:\/\/revistazetta.com\/index.php?rest_route=%2Fwp%2Fv2%2Fcategories&post=56491"},{"taxonomy":"post_tag","embeddable":true,"href":"https:\/\/revistazetta.com\/index.php?rest_route=%2Fwp%2Fv2%2Ftags&post=56491"}],"curies":[{"name":"wp","href":"https:\/\/api.w.org\/{rel}","templated":true}]}}