{"id":5654,"date":"2015-04-16T07:51:01","date_gmt":"2015-04-16T12:51:01","guid":{"rendered":"http:\/\/www.revistazetta.com\/?p=5654"},"modified":"2015-04-16T07:51:01","modified_gmt":"2015-04-16T12:51:01","slug":"profesion-peligro-y-la-paz-en-riesgo","status":"publish","type":"post","link":"https:\/\/revistazetta.com\/?p=5654","title":{"rendered":"Profesi\u00f3n peligro y la paz en riesgo"},"content":{"rendered":"<p>Por: Miguel Raad Hern\u00e1ndez -Cartagena, abril 16 de 2015-\u00a0Dos noticias impactantes me dan hoy el material para hacer dos comentarios en uno. La primera es la condena proferida por la Corte Suprema de Justicia contra los ex-ministros del Gobierno Uribe, doctores Sabas Pretelt de la Vega y Diego Palacios, por el mal llamado caso de la \u00abYidis Pol\u00edtica\u00bb; la segunda tiene que ver con el asesinato a mansalva y sangre fr\u00eda de 10 soldados y 1 suboficial del ej\u00e9rcito colombiano en las monta\u00f1as del Cauca por parte de guerrilleros de las FARC.<\/p>\n<p>La condena de los dos EXMINISTROS es la \u00faltima de una ya larga lista de funcionarios de los dos \u00faltimos Gobiernos de Alvaro Uribe V\u00e9lez, entre procesados y condenados, que tiene nombres tan connotados como los del ex Alto Comisionado de Paz Luis Carlos Restrepo, el ex Secretario Gral de la Presidencia Bernardo Moreno, los ex Directores del DAS Jorge Noguera, Mar\u00eda del Pilar Hurtado y Andr\u00e9s Pe\u00f1ate, los Generales\u00a0 Mauricio Santoyo y Mario Montoya, el ex Ministro Andr\u00e9s Felipe Arias, el ex Director de la UIAF Mario Aranguren, y otros m\u00e1s, como los de el mismo ex &#8211; Presidente Uribe y su Vice Presidente Francisco Santos, que tienen muchas investigaciones en curso de las que a\u00fan no terminan de defenderse.<\/p>\n<p>La verdad, creemos que la mayor\u00eda de ellos son hombres de bien, de grandes capacidades y virtudes, respetados y admirados por sus condiciones personales, profesionales y por sus servicios al pa\u00eds. Pero bast\u00f3 que atendieran el llamado al servicio p\u00fablico, desde posiciones del Estado, para que, como por ensalmo, desaparecieran sus virtudes y les llovieran toda clase de ataques, denuncias, improperios, maltratos p\u00fablicos y, como se dice ahora, hasta \u00abmatoneo\u00bb en ciertos medios de comunicaci\u00f3n que son de una sospechosa\u00a0 seudo- objetividad.<\/p>\n<p>Es claro que todo servidor p\u00fablico debe estar siempre dispuesto a dar explicaciones y a rendir cuentas de sus actos. Ese es un deber insoslayable. Pero en Colombia hemos llegado a extremos muy peligrosos de estigmatizaci\u00f3n de la actividad pol\u00edtica y p\u00fablica. Cuando denostamos de todos y de todo, lo que estamos haciendo es deslegitimarlo todo y, en ese punto, basta un leve soplo para que la institucionalidad caiga como un castillo de naipes. Seg\u00fan esos \u00absavonarolas\u00bb criollos, no hay en nuestra Patria partidos, ni pol\u00edticos o funcionarios p\u00fablicos rescatables. As\u00ed, no hacemos m\u00e1s que alejar a nuestros mejores hombres y mujeres del servicio p\u00fablico, debilitar los poderes del Estado, minar la autoridad y favorecer, de contera, el imperio del caos, de la ley del m\u00e1s fuerte y el dominio de los m\u00e1s audaces y temerarios.<\/p>\n<p>Ahora bien, abogo por unos \u00f3rganos jurisdiccionales probos e incontaminados, por una prensa independiente y no servil de los poderosos, por unos periodistas serios, documentados y responsables, por una ciudadan\u00eda que no trague entero y sepa informarse y discernir, y por una clase dirigente con mejor criterio de las necesidades del conglomerado social y recia integridad moral. Entre tanto, como en el t\u00edtulo de la c\u00e9lebre pel\u00edcula, en Colombia el servicio p\u00fablico ser\u00e1 \u00abprofesi\u00f3n peligro\u00bb.<\/p>\n<p>Y la segunda noticia que me estremece es la masacre de las FARC contra unos soldados que dorm\u00edan. Vaya manera de romper su compromiso de tregua o suspensi\u00f3n unilateral de hostilidades. Las muertes de nuestros soldados laceran el alma de los colombianos en lo m\u00e1s profundo y causan un grave da\u00f1o a los di\u00e1logos de Paz. Ahora los mismos no pueden seguir iguales. Se imponen serias re orientaciones antes de continuarlos. Despu\u00e9s de dos a\u00f1os y medio de negociaciones y cuando\u00a0 cre\u00edamos estar avanzando como nunca antes, la torticera mentalidad guerrillera nos demuestra que no ha cambiado sus m\u00e9todos traicioneros y aleves de lucha. Asesina soldados dormidos para reclamar un cese bilateral de hostilidades, convencidos de\u00a0 la debilidad peque\u00f1o-burguesa del gobierno y de los colombianos. Pero que equivocados est\u00e1n. Por ello, si queremos intentar salvar el proceso de Paz, se debe hacer un alto en el camino, un pare de las negociaciones, para obligar a revisar la metodolog\u00eda y pactar un cese de las agresiones de la guerrilla que sea verificable. Adem\u00e1s, tambi\u00e9n para que el Gobierno y la oposici\u00f3n, que no descarta una paz negociada, acuerden unos m\u00ednimos de entendimiento para tal fin. Es la hora de la unidad de todos los colombianos en contra de la barbarie y el delito.<\/p>\n","protected":false},"excerpt":{"rendered":"<p>Por: Miguel Raad Hern\u00e1ndez -Cartagena, abril 16 de 2015-\u00a0Dos noticias impactantes me dan hoy el material para hacer dos comentarios en uno. La primera es la condena proferida por la Corte Suprema de Justicia contra los ex-ministros del Gobierno Uribe, doctores Sabas Pretelt de la Vega y Diego Palacios, por el mal llamado caso de la \u00abYidis Pol\u00edtica\u00bb; la segunda tiene que ver con el asesinato a mansalva y sangre fr\u00eda de 10 soldados y 1 suboficial del ej\u00e9rcito colombiano en las monta\u00f1as del Cauca por parte de guerrilleros de&#8230; <\/p>\n","protected":false},"author":4,"featured_media":5655,"comment_status":"open","ping_status":"closed","sticky":false,"template":"","format":"standard","meta":{"footnotes":"","_links_to":"","_links_to_target":""},"categories":[44,65],"tags":[],"class_list":["post-5654","post","type-post","status-publish","format-standard","has-post-thumbnail","hentry","category-materiagris","category-opinion"],"_links":{"self":[{"href":"https:\/\/revistazetta.com\/index.php?rest_route=\/wp\/v2\/posts\/5654","targetHints":{"allow":["GET"]}}],"collection":[{"href":"https:\/\/revistazetta.com\/index.php?rest_route=\/wp\/v2\/posts"}],"about":[{"href":"https:\/\/revistazetta.com\/index.php?rest_route=\/wp\/v2\/types\/post"}],"author":[{"embeddable":true,"href":"https:\/\/revistazetta.com\/index.php?rest_route=\/wp\/v2\/users\/4"}],"replies":[{"embeddable":true,"href":"https:\/\/revistazetta.com\/index.php?rest_route=%2Fwp%2Fv2%2Fcomments&post=5654"}],"version-history":[{"count":0,"href":"https:\/\/revistazetta.com\/index.php?rest_route=\/wp\/v2\/posts\/5654\/revisions"}],"wp:featuredmedia":[{"embeddable":true,"href":"https:\/\/revistazetta.com\/index.php?rest_route=\/wp\/v2\/media\/5655"}],"wp:attachment":[{"href":"https:\/\/revistazetta.com\/index.php?rest_route=%2Fwp%2Fv2%2Fmedia&parent=5654"}],"wp:term":[{"taxonomy":"category","embeddable":true,"href":"https:\/\/revistazetta.com\/index.php?rest_route=%2Fwp%2Fv2%2Fcategories&post=5654"},{"taxonomy":"post_tag","embeddable":true,"href":"https:\/\/revistazetta.com\/index.php?rest_route=%2Fwp%2Fv2%2Ftags&post=5654"}],"curies":[{"name":"wp","href":"https:\/\/api.w.org\/{rel}","templated":true}]}}