{"id":56591,"date":"2025-03-19T10:20:59","date_gmt":"2025-03-19T15:20:59","guid":{"rendered":"https:\/\/revistazetta.com\/?p=56591"},"modified":"2025-03-19T10:20:59","modified_gmt":"2025-03-19T15:20:59","slug":"gobiernos-locales-motor-del-desarrollo-opinion-de-carlos-felipe-cordoba-larrarte","status":"publish","type":"post","link":"https:\/\/revistazetta.com\/?p=56591","title":{"rendered":"Gobiernos locales: Motor del desarrollo &#8211; Opini\u00f3n de Carlos Felipe C\u00f3rdoba Larrarte"},"content":{"rendered":"<p><b>Por Carlos Felipe C\u00f3rdoba Larrarte (<\/b><b>Excontralor General de la Rep\u00fablica).- (Especial para Revista Zetta).- Bogot\u00e1, 19 de marzo de 2025.-\u00a0<\/b>Mientras el Gobierno Nacional se enreda en discursos y promesas sin rumbo claro, los gobiernos locales se est\u00e1n poniendo toda la responsabilidad a cuestas y se est\u00e1n encargando de demostrar que son la fuerza que impulsa el desarrollo de COLOMBIA.<span class=\"Apple-converted-space\">\u00a0<\/span><\/p>\n<p>En la costa colombiana, por ejemplo, varios son los\u00a0proyectos\u00a0que se encuentran\u00a0a media marcha\u00a0a pesar de su car\u00e1cter estrat\u00e9gico. En Cartagena, su alcalde Dumek Turbay, destin\u00f3 $11 mil millones de pesos para avanzar en las obras de protecci\u00f3n costera, que bien podr\u00edan ser asumidas por la Direcci\u00f3n de Gesti\u00f3n del Riesgo. En Barranquilla, el mandatario Alex Char ha expresado preocupaci\u00f3n por las obras como la Ruta del Sol II, el nuevo Puente Pumarejo y la v\u00eda a Ci\u00e9naga, faltas de ejecuci\u00f3n que provocan estancamiento, sin embargo, con la estrategia \u201cPlan Alcalde\u201d, han visto la luz un paquete de proyectos que incluyen v\u00edas, centros de salud, mercados y vivienda, con un presupuesto de $800.000 millones que sin duda impulsan el desarrollo de la ciudad.<\/p>\n<p>V\u00e1monos para Antioquia. A este departamento le dieron la espalda con los recursos que estaban pactados para mega obras como el T\u00fanel del Toyo o Puerto Antioquia, los cuales corrieron peligro de ser unos enormes elefantes blancos porque quedaron sin piso financiero. Sin embargo, la decisi\u00f3n del gobernador Andr\u00e9s Juli\u00e1n Rend\u00f3n y los empresarios, hicieron que todo lo contrario pasara y le dieron el impulso econ\u00f3mico a estas obras que en este momento caminan por buena v\u00eda.<\/p>\n<p>Ni qu\u00e9 decir del caso EPM, que est\u00e1 contra las cuerdas tambi\u00e9n por falta del pago de la deuda del Gobierno central. Desde el a\u00f1o pasado, la empresa ve c\u00f3mo se sigue agrandando el hueco financiero por cuenta de los retrasos del Ministerio de Hacienda para girar los subsidios del servicio de energ\u00eda. Ha confirmado el mismo Federico Guti\u00e9rrez, el alcalde de Medell\u00edn, que el descuadre es $1,25 billones.<span class=\"Apple-converted-space\">\u00a0<\/span><\/p>\n<p>El panorama en Bogot\u00e1, no es diferente. Mientras que, como \u00abaguinaldo\u00bb de 2024, el Ministerio de Vivienda anunciaba la cancelaci\u00f3n del programa \u201cMi Casa Ya\u201d, la administraci\u00f3n distrital decidi\u00f3 recurrir a su capacidad financiera para mantener los subsidios. Gracias a esta medida, en diciembre, 4.390 familias lograron dar el primer paso hacia la adquisici\u00f3n de vivienda propia.<\/p>\n<p>Otra gran zancadilla para Bogot\u00e1 fue la desfinanciaci\u00f3n del Metro. En este cap\u00edtulo, deshonrando el compromiso suscrito desde 2017, decidieron recortar $770.000 millones de pesos a la cofinanciaci\u00f3n que se har\u00eda desde el Gobierno Nacional y servir\u00edan para la primera l\u00ednea que ya tiene un avance del 50%.<span class=\"Apple-converted-space\">\u00a0 <\/span>Aqu\u00ed, otra vez el ALCALDE Carlos Fernando Gal\u00e1n sin dar el brazo a torcer, hizo todo el esfuerzo fiscal necesario para no parar las obras, pese a la falta de dinero, el lapo e indirectas que recibe todo el tiempo de parte del Presidente<b>.<\/b><\/p>\n<p>Como en estos lugares pasa en gran parte de Colombia, recordemos las demandas recientes de la GOBERNADORA del Tolima, Adriana Matiz, quien de manera contundente le exigi\u00f3 al Presidente apoyo econ\u00f3mico para su departamento y le reclam\u00f3 por las respuestas a los arroceros sobre el precio del grano; los recursos del Programa de Alimentaci\u00f3n Escolar &#8211; PAE 2024 y 2025 y otros proyectos represados.<span class=\"Apple-converted-space\">\u00a0 <\/span>\u00d3 los ALCALDES de C\u00facuta y Bucaramanga, que est\u00e1n viviendo los coletazos de la mayor crisis humanitaria vivida por COLOMBIA en su historia reciente: la migraci\u00f3n y el desplazamiento por el conflicto en el Catatumbo.<span class=\"Apple-converted-space\">\u00a0 <\/span>Est\u00e1n solos, han denunciado y mientras tanto, est\u00e1n desfinanciando sus Planes de Desarrollo, para atender estas situaciones que deber\u00edan estar siendo manejadas directamente por el Presidente y sus Ministros.<\/p>\n<p>En la cumbre de GOBERNADORES reciente, fui testigo del clamor de los MANDATARIOS REGIONALES por ayuda. Lo que se esperaba fuera un di\u00e1logo constructivo, se desdibuj\u00f3 con la intervenci\u00f3n, del presidente Petro, quien evit\u00f3 responder a los problemas urgentes de las regiones y prefiri\u00f3 desviar la conversaci\u00f3n a otros temas.<span class=\"Apple-converted-space\">\u00a0<\/span><\/p>\n<p>Mientras el \u201cGobierno del cambio\u201d se concentra en debates ideol\u00f3gicos, las administraciones locales han optado por la acci\u00f3n y la soluci\u00f3n de problemas que \u00e9l mismo les ha creado.<\/p>\n<p>En realidad, es admirable lo que est\u00e1n haciendo los ALCALDES, GOBERNADORES y los CIUDADANOS, quienes con compromiso, tenacidad y trabajo en el territorio, est\u00e1n demostrando que vale m\u00e1s el desarrollo de sus regiones, que las crisis medi\u00e1ticas o internacionales que no solucionan en nada los problemas de COLOMBIA.<\/p>\n<p>Hoy, el verdadero reconocimiento es para quienes, d\u00eda a d\u00eda, nos levantamos a trabajar, construir y sobrellevar el impacto de dos a\u00f1os y medio marcados por pol\u00e9micas, enfrentamientos y excusas. Aplausos para los gobiernos locales que, junto a sus CIUDADANOS, siguen demostrando su fortaleza y resiliencia. Este Gobierno tambi\u00e9n pasar\u00e1, y con el tiempo, llegar\u00e1 el d\u00eda en que podamos volver a CONFIAR en una COLOMBIA mejor.<\/p>\n","protected":false},"excerpt":{"rendered":"<p>Por Carlos Felipe C\u00f3rdoba Larrarte (Excontralor General de la Rep\u00fablica).- (Especial para Revista Zetta).- Bogot\u00e1, 19 de marzo de 2025.-\u00a0Mientras el Gobierno Nacional se enreda en discursos y promesas sin rumbo claro, los gobiernos locales se est\u00e1n poniendo toda la responsabilidad a cuestas y se est\u00e1n encargando de demostrar que son la fuerza que impulsa el desarrollo de COLOMBIA.\u00a0 En la costa colombiana, por ejemplo, varios son los\u00a0proyectos\u00a0que se encuentran\u00a0a media marcha\u00a0a pesar de su car\u00e1cter estrat\u00e9gico. En Cartagena, su alcalde Dumek Turbay, destin\u00f3 $11 mil millones de pesos para&#8230; <\/p>\n","protected":false},"author":3,"featured_media":56592,"comment_status":"closed","ping_status":"closed","sticky":false,"template":"","format":"standard","meta":{"footnotes":"","_links_to":"","_links_to_target":""},"categories":[1450,44,65],"tags":[2388,285,288,289],"class_list":["post-56591","post","type-post","status-publish","format-standard","has-post-thumbnail","hentry","category-parasladers","category-materiagris","category-opinion","tag-carlos-felipe-cordoba","tag-destacada","tag-materia-gris","tag-opinion"],"_links":{"self":[{"href":"https:\/\/revistazetta.com\/index.php?rest_route=\/wp\/v2\/posts\/56591","targetHints":{"allow":["GET"]}}],"collection":[{"href":"https:\/\/revistazetta.com\/index.php?rest_route=\/wp\/v2\/posts"}],"about":[{"href":"https:\/\/revistazetta.com\/index.php?rest_route=\/wp\/v2\/types\/post"}],"author":[{"embeddable":true,"href":"https:\/\/revistazetta.com\/index.php?rest_route=\/wp\/v2\/users\/3"}],"replies":[{"embeddable":true,"href":"https:\/\/revistazetta.com\/index.php?rest_route=%2Fwp%2Fv2%2Fcomments&post=56591"}],"version-history":[{"count":0,"href":"https:\/\/revistazetta.com\/index.php?rest_route=\/wp\/v2\/posts\/56591\/revisions"}],"wp:featuredmedia":[{"embeddable":true,"href":"https:\/\/revistazetta.com\/index.php?rest_route=\/wp\/v2\/media\/56592"}],"wp:attachment":[{"href":"https:\/\/revistazetta.com\/index.php?rest_route=%2Fwp%2Fv2%2Fmedia&parent=56591"}],"wp:term":[{"taxonomy":"category","embeddable":true,"href":"https:\/\/revistazetta.com\/index.php?rest_route=%2Fwp%2Fv2%2Fcategories&post=56591"},{"taxonomy":"post_tag","embeddable":true,"href":"https:\/\/revistazetta.com\/index.php?rest_route=%2Fwp%2Fv2%2Ftags&post=56591"}],"curies":[{"name":"wp","href":"https:\/\/api.w.org\/{rel}","templated":true}]}}