{"id":56609,"date":"2025-03-21T12:58:24","date_gmt":"2025-03-21T17:58:24","guid":{"rendered":"https:\/\/revistazetta.com\/?p=56609"},"modified":"2025-03-21T12:58:24","modified_gmt":"2025-03-21T17:58:24","slug":"santa-catalina-da-luz-verde-al-parador-sostenible-de-loma-de-arena","status":"publish","type":"post","link":"https:\/\/revistazetta.com\/?p=56609","title":{"rendered":"Santa Catalina da luz verde al Parador Sostenible de Loma de Arena"},"content":{"rendered":"<div><strong>Santa Catalina, Bol\u00edvar, 21 de marzo de 2025.-<\/strong> Mediante el decreto N\u00b0 068 del 18 de marzo, el alcalde del municipio de Santa Catalina, Arnaldo Beltr\u00e1n Fontalvo, oficializ\u00f3 la puesta en marcha del Parador Sostenible de Lomita Arena, un ambicioso proyecto que se desarrollar\u00e1 en el \u00e1rea comprendida entre los corregimientos de Pueblo Nuevo, Loma de Arena y Galerazamba.<\/div>\n<div><\/div>\n<div>Este parador, impulsado por la Gobernaci\u00f3n de Bol\u00edvar, representa una apuesta clave para la dinamizaci\u00f3n de la econom\u00eda en la regi\u00f3n. Con una inversi\u00f3n superior a $17.000 millones, el proyecto busca fortalecer hasta 18 unidades productivas locales, integrando gastronom\u00eda y artesan\u00edas como ejes estrat\u00e9gicos para el desarrollo sostenible.<\/div>\n<div><img loading=\"lazy\" decoding=\"async\" class=\"alignnone size-medium wp-image-56611\" src=\"https:\/\/revistazetta.com\/wp-content\/uploads\/2025\/03\/WhatsApp-Image-2025-03-19-at-23.41.26-500x243.jpeg\" alt=\"\" width=\"500\" height=\"243\" srcset=\"https:\/\/revistazetta.com\/wp-content\/uploads\/2025\/03\/WhatsApp-Image-2025-03-19-at-23.41.26-500x243.jpeg 500w, https:\/\/revistazetta.com\/wp-content\/uploads\/2025\/03\/WhatsApp-Image-2025-03-19-at-23.41.26-1024x499.jpeg 1024w, https:\/\/revistazetta.com\/wp-content\/uploads\/2025\/03\/WhatsApp-Image-2025-03-19-at-23.41.26-250x122.jpeg 250w, https:\/\/revistazetta.com\/wp-content\/uploads\/2025\/03\/WhatsApp-Image-2025-03-19-at-23.41.26.jpeg 1294w\" sizes=\"auto, (max-width: 500px) 100vw, 500px\" \/><\/div>\n<div><\/div>\n<div><strong>Un proyecto de impacto regional<\/strong><\/div>\n<div><\/div>\n<div>El Parador Sostenible de Lomo de Arena no solo ofrecer\u00e1 espacios modernos para la recreaci\u00f3n y el esparcimiento, sino que tambi\u00e9n generar\u00e1 oportunidades econ\u00f3micas para la comunidad. Seg\u00fan el decreto, la intervenci\u00f3n integral incluir\u00e1:<\/div>\n<div>\u2022Construcci\u00f3n de infraestructura social.<\/div>\n<div>\u2022Provisi\u00f3n de espacios p\u00fablicos urbanos<\/div>\n<div>\u2022Creaci\u00f3n de \u00e1reas comerciales y gastron\u00f3micas organizadas<\/div>\n<div>\u2022Formaci\u00f3n t\u00e9cnica y apoyo a emprendimientos locales<\/div>\n<div>\u2022Integraci\u00f3n de actividades productivas en un entorno arquitect\u00f3nicamente ordenado<\/div>\n<div><\/div>\n<div><img loading=\"lazy\" decoding=\"async\" class=\"alignnone size-medium wp-image-56613\" src=\"https:\/\/revistazetta.com\/wp-content\/uploads\/2025\/03\/WhatsApp-Image-2025-03-19-at-23.43.47-500x333.jpeg\" alt=\"\" width=\"500\" height=\"333\" srcset=\"https:\/\/revistazetta.com\/wp-content\/uploads\/2025\/03\/WhatsApp-Image-2025-03-19-at-23.43.47-500x333.jpeg 500w, https:\/\/revistazetta.com\/wp-content\/uploads\/2025\/03\/WhatsApp-Image-2025-03-19-at-23.43.47-1024x683.jpeg 1024w, https:\/\/revistazetta.com\/wp-content\/uploads\/2025\/03\/WhatsApp-Image-2025-03-19-at-23.43.47-243x162.jpeg 243w, https:\/\/revistazetta.com\/wp-content\/uploads\/2025\/03\/WhatsApp-Image-2025-03-19-at-23.43.47-1536x1024.jpeg 1536w, https:\/\/revistazetta.com\/wp-content\/uploads\/2025\/03\/WhatsApp-Image-2025-03-19-at-23.43.47.jpeg 2048w\" sizes=\"auto, (max-width: 500px) 100vw, 500px\" \/><\/div>\n<div>\u201cEste es un d\u00eda hist\u00f3rico para el municipio de Santa Catalina. Agradecemos al gobernador Yamil Arana Padau\u00ed por poner su mirada en este territorio con tanto potencial. Este proyecto generar\u00e1 empleos y nuevas oportunidades para nuestra gente\u201d, afirm\u00f3 el alcalde Arnaldo Beltr\u00e1n.<\/div>\n<div><\/div>\n<div>El parador forma parte de una alianza p\u00fablico-privada que incluye la Gobernaci\u00f3n de Bol\u00edvar, Surtigas y su Fundaci\u00f3n Promigas, la Fundaci\u00f3n Santo Domingo y Coca-Cola FEMSA Colombia.<\/div>\n<div><\/div>\n<div>El decreto establece que, en un plazo de seis meses, se llevar\u00e1 a cabo el aval\u00fao de referencia de los terrenos requeridos, con el fin de garantizar un proceso de adquisici\u00f3n y desarrollo ordenado.<\/div>\n<div><\/div>\n<div>Con este proyecto, Santa Catalina se posiciona como un destino emergente dentro del Caribe colombiano, contribuyendo a la descentralizaci\u00f3n en Bol\u00edvar y fortaleciendo la oferta m\u00e1s all\u00e1 de Cartagena.<\/div>\n<div><\/div>\n<div>El Parador Sostenible de Loma de Arena ya no es solo un plan sobre el papel: es una realidad en marcha que promete transformar la econom\u00eda de la regi\u00f3n.<\/div>\n<div>\u00a0<img loading=\"lazy\" decoding=\"async\" class=\"alignnone size-medium wp-image-56612\" src=\"https:\/\/revistazetta.com\/wp-content\/uploads\/2025\/03\/WhatsApp-Image-2025-03-19-at-23.41.29-500x223.jpeg\" alt=\"\" width=\"500\" height=\"223\" srcset=\"https:\/\/revistazetta.com\/wp-content\/uploads\/2025\/03\/WhatsApp-Image-2025-03-19-at-23.41.29-500x223.jpeg 500w, https:\/\/revistazetta.com\/wp-content\/uploads\/2025\/03\/WhatsApp-Image-2025-03-19-at-23.41.29-1024x457.jpeg 1024w, https:\/\/revistazetta.com\/wp-content\/uploads\/2025\/03\/WhatsApp-Image-2025-03-19-at-23.41.29-250x112.jpeg 250w, https:\/\/revistazetta.com\/wp-content\/uploads\/2025\/03\/WhatsApp-Image-2025-03-19-at-23.41.29-1536x685.jpeg 1536w, https:\/\/revistazetta.com\/wp-content\/uploads\/2025\/03\/WhatsApp-Image-2025-03-19-at-23.41.29.jpeg 1560w\" sizes=\"auto, (max-width: 500px) 100vw, 500px\" \/><\/div>\n","protected":false},"excerpt":{"rendered":"<p>Santa Catalina, Bol\u00edvar, 21 de marzo de 2025.- Mediante el decreto N\u00b0 068 del 18 de marzo, el alcalde del municipio de Santa Catalina, Arnaldo Beltr\u00e1n Fontalvo, oficializ\u00f3 la puesta en marcha del Parador Sostenible de Lomita Arena, un ambicioso proyecto que se desarrollar\u00e1 en el \u00e1rea comprendida entre los corregimientos de Pueblo Nuevo, Loma de Arena y Galerazamba. Este parador, impulsado por la Gobernaci\u00f3n de Bol\u00edvar, representa una apuesta clave para la dinamizaci\u00f3n de la econom\u00eda en la regi\u00f3n. Con una inversi\u00f3n superior a $17.000 millones, el proyecto busca&#8230; <\/p>\n","protected":false},"author":3,"featured_media":56610,"comment_status":"closed","ping_status":"closed","sticky":false,"template":"","format":"standard","meta":{"footnotes":"","_links_to":"","_links_to_target":""},"categories":[33,80],"tags":[2292,73,300,1577],"class_list":["post-56609","post","type-post","status-publish","format-standard","has-post-thumbnail","hentry","category-actualidad-bolivar","category-region","tag-arnaldo-beltran","tag-bolivar","tag-region","tag-santa-catalina"],"_links":{"self":[{"href":"https:\/\/revistazetta.com\/index.php?rest_route=\/wp\/v2\/posts\/56609","targetHints":{"allow":["GET"]}}],"collection":[{"href":"https:\/\/revistazetta.com\/index.php?rest_route=\/wp\/v2\/posts"}],"about":[{"href":"https:\/\/revistazetta.com\/index.php?rest_route=\/wp\/v2\/types\/post"}],"author":[{"embeddable":true,"href":"https:\/\/revistazetta.com\/index.php?rest_route=\/wp\/v2\/users\/3"}],"replies":[{"embeddable":true,"href":"https:\/\/revistazetta.com\/index.php?rest_route=%2Fwp%2Fv2%2Fcomments&post=56609"}],"version-history":[{"count":0,"href":"https:\/\/revistazetta.com\/index.php?rest_route=\/wp\/v2\/posts\/56609\/revisions"}],"wp:featuredmedia":[{"embeddable":true,"href":"https:\/\/revistazetta.com\/index.php?rest_route=\/wp\/v2\/media\/56610"}],"wp:attachment":[{"href":"https:\/\/revistazetta.com\/index.php?rest_route=%2Fwp%2Fv2%2Fmedia&parent=56609"}],"wp:term":[{"taxonomy":"category","embeddable":true,"href":"https:\/\/revistazetta.com\/index.php?rest_route=%2Fwp%2Fv2%2Fcategories&post=56609"},{"taxonomy":"post_tag","embeddable":true,"href":"https:\/\/revistazetta.com\/index.php?rest_route=%2Fwp%2Fv2%2Ftags&post=56609"}],"curies":[{"name":"wp","href":"https:\/\/api.w.org\/{rel}","templated":true}]}}