{"id":56617,"date":"2025-03-25T14:41:31","date_gmt":"2025-03-25T19:41:31","guid":{"rendered":"https:\/\/revistazetta.com\/?p=56617"},"modified":"2025-03-26T08:38:52","modified_gmt":"2025-03-26T13:38:52","slug":"los-viajes-del-rio-muestran-en-ficci-la-riqueza","status":"publish","type":"post","link":"https:\/\/revistazetta.com\/?p=56617","title":{"rendered":"\u00abLos viajes del r\u00edo\u00bb: la riqueza musical de Bol\u00edvar en un documental que se estrena en FICCI"},"content":{"rendered":"<p>\u201cQueremos mostrarle al mundo lo que somos, lo que hacemos\u201d: gobernador estrenar\u00e1 \u2018Los viajes del r\u00edo\u2019 en el FICCI<\/p>\n<p><strong>Cartagena de Indias, 25 de marzo de 2025.-<\/strong> En el Festival Internacional de Cine de Cartagena de Indias (FICCI), que se realizar\u00e1 del 1 al 6 de abril del presente a\u00f1o, se abrir\u00e1 el tel\u00f3n para la presentaci\u00f3n del documental \u201cLos viajes del r\u00edo\u201d, una producci\u00f3n que resalta la riqueza musical del departamento a trav\u00e9s de las voces de la cantautora Martina Camargo y los hijos del maestro Catalino Parra, de los Gaiteros de San Jacinto.<\/p>\n<p>El gobernador de Bol\u00edvar, Yamil Arana, presentar\u00e1 la obra audiovisual, que nace de \u00abNavegando al Coraz\u00f3n del Magdalena: Me enamoro de Bol\u00edvar\u00bb, una traves\u00eda de 21 d\u00edas que le permiti\u00f3 a la Gobernaci\u00f3n de Bol\u00edvar y la Armada Nacional llegar a 8 municipios del sur del departamento. Este recorrido, enmarcado en el programa Justo Bol\u00edvar, permiti\u00f3 documentar las tradiciones, la cultura de las poblaciones visitadas a las que se les llev\u00f3 una robusta oferta institucional.<\/p>\n<p>\u201cQueremos mostrarle al mundo lo que somos, lo que hacemos, qu\u00e9 hace diferente a la gente de nuestra regi\u00f3n, porque si algo tenemos en Bol\u00edvar es gente buena, trabajadora, gente capaz, que a pesar de tantas dificultades siempre tiene una sonrisa en la cara\u201d, asegur\u00f3 el mandatario en el documental.<\/p>\n<p><strong>Un viaje de esperanza y justicia<\/strong><\/p>\n<p>El programa Justo Bol\u00edvar viene trabajando de la mano de 40 aliados para ofertar en las zonas m\u00e1s apartadas del departamento servicios institucionales. La traves\u00eda Navegando al coraz\u00f3n del Magdalena qued\u00f3 retratada en el documental, grabado en formato cine y escrito y dirigido por el periodista y productor Juan Guillermo Mercado.<\/p>\n<p>\u201cHace m\u00e1s de un siglo, los viajes desde el sur al norte del departamento de Bol\u00edvar llevaron consigo la tradici\u00f3n oral y musical, como si el r\u00edo Magdalena fuese un mensajero que entregaba su legado al destino final. Hoy, desde el norte, la Gobernaci\u00f3n con el programa Justo Bol\u00edvar responden al llamado del tiempo: regresan Estado y Justicia a los municipios del sur\u201d, dice en el documental el secretario del Interior de Bol\u00edvar, Javier Doria, quien tambi\u00e9n particip\u00f3 en el rodaje.<\/p>\n<p><strong>Unidos de norte a sur<\/strong><\/p>\n<p>El documental \u201cLos viajes del r\u00edo\u201d no solo presenta la riqueza musical del departamento, sino que tambi\u00e9n documenta la lucha de las comunidades del sur de Bol\u00edvar por la justicia y la equidad.<\/p>\n<p>El gobernador Yamil Arana enfatiz\u00f3 la importancia de esta iniciativa para unir a Bol\u00edvar y visibilizar su cultura ante los visitantes internacionales, productores y directores, que estar\u00e1n presentes en el FICCI.<\/p>\n<p>Y agreg\u00f3: \u201cTenemos una regi\u00f3n de Bol\u00edvar muy hermosa, que es ese cono sur del departamento. All\u00e1 hay una riqueza enorme, unas tradiciones, una riqueza cultural, riqueza patrimonial, hist\u00f3rica, que el mundo tiene que conocer. Y c\u00f3mo las va a conocer: solo si acercamos esa profundidad al resto del departamento\u201d.<\/p>\n<p style=\"padding-left: 40px;\"><strong>Detalles del estreno<\/strong><\/p>\n<p style=\"padding-left: 40px;\"><strong>Fecha: 2 de abril de 2025<\/strong><br \/>\n<strong>Lugar y hora: Auditorio Palacio de la Proclamaci\u00f3n, 6 pm. <\/strong><br \/>\n<strong>Festival Internacional de Cine de Cartagena de Indias (FICCI)<\/strong><br \/>\n<strong>Acceso: Entrada libre \/ Proyecci\u00f3n<\/strong><\/p>\n","protected":false},"excerpt":{"rendered":"<p>\u201cQueremos mostrarle al mundo lo que somos, lo que hacemos\u201d: gobernador estrenar\u00e1 \u2018Los viajes del r\u00edo\u2019 en el FICCI Cartagena de Indias, 25 de marzo de 2025.- En el Festival Internacional de Cine de Cartagena de Indias (FICCI), que se realizar\u00e1 del 1 al 6 de abril del presente a\u00f1o, se abrir\u00e1 el tel\u00f3n para la presentaci\u00f3n del documental \u201cLos viajes del r\u00edo\u201d, una producci\u00f3n que resalta la riqueza musical del departamento a trav\u00e9s de las voces de la cantautora Martina Camargo y los hijos del maestro Catalino Parra, de&#8230; <\/p>\n","protected":false},"author":3,"featured_media":56619,"comment_status":"closed","ping_status":"closed","sticky":false,"template":"","format":"standard","meta":{"footnotes":"","_links_to":"","_links_to_target":""},"categories":[60,41,1450],"tags":[73,291,290,285,1625],"class_list":["post-56617","post","type-post","status-publish","format-standard","has-post-thumbnail","hentry","category-cine","category-cultura","category-parasladers","tag-bolivar","tag-cine","tag-cultura","tag-destacada","tag-ficci"],"_links":{"self":[{"href":"https:\/\/revistazetta.com\/index.php?rest_route=\/wp\/v2\/posts\/56617","targetHints":{"allow":["GET"]}}],"collection":[{"href":"https:\/\/revistazetta.com\/index.php?rest_route=\/wp\/v2\/posts"}],"about":[{"href":"https:\/\/revistazetta.com\/index.php?rest_route=\/wp\/v2\/types\/post"}],"author":[{"embeddable":true,"href":"https:\/\/revistazetta.com\/index.php?rest_route=\/wp\/v2\/users\/3"}],"replies":[{"embeddable":true,"href":"https:\/\/revistazetta.com\/index.php?rest_route=%2Fwp%2Fv2%2Fcomments&post=56617"}],"version-history":[{"count":0,"href":"https:\/\/revistazetta.com\/index.php?rest_route=\/wp\/v2\/posts\/56617\/revisions"}],"wp:featuredmedia":[{"embeddable":true,"href":"https:\/\/revistazetta.com\/index.php?rest_route=\/wp\/v2\/media\/56619"}],"wp:attachment":[{"href":"https:\/\/revistazetta.com\/index.php?rest_route=%2Fwp%2Fv2%2Fmedia&parent=56617"}],"wp:term":[{"taxonomy":"category","embeddable":true,"href":"https:\/\/revistazetta.com\/index.php?rest_route=%2Fwp%2Fv2%2Fcategories&post=56617"},{"taxonomy":"post_tag","embeddable":true,"href":"https:\/\/revistazetta.com\/index.php?rest_route=%2Fwp%2Fv2%2Ftags&post=56617"}],"curies":[{"name":"wp","href":"https:\/\/api.w.org\/{rel}","templated":true}]}}