{"id":56620,"date":"2025-03-27T06:09:08","date_gmt":"2025-03-27T11:09:08","guid":{"rendered":"https:\/\/revistazetta.com\/?p=56620"},"modified":"2025-03-27T06:09:08","modified_gmt":"2025-03-27T11:09:08","slug":"barrio-palestina-se-transforma-con-la-casa-compi-inaugurada-por-la-gobernacion-de-bolivar","status":"publish","type":"post","link":"https:\/\/revistazetta.com\/?p=56620","title":{"rendered":"Barrio Palestina se transforma con la Casa Compi inaugurada por la Gobernaci\u00f3n de Bol\u00edvar"},"content":{"rendered":"<p><strong>Turbaco, 27 de marzo de 2025 \u2013<\/strong> La alegr\u00eda se hizo presente en el barrio Palestina, ubicado en las faldas de La Popa en Cartagena, donde ni\u00f1os, j\u00f3venes, adultos y abuelos celebraron la inauguraci\u00f3n de la Casa Compi. Este nuevo espacio, concebido para ser el punto de encuentro de la comunidad, servir\u00e1 como escenario para compartir iniciativas y coordinar acciones en conjunto que impulsen el bienestar del sector.<\/p>\n<p>La Casa Compi, inaugurada por el gobernador de Bol\u00edvar, Yamil Arana Padau\u00ed, est\u00e1 destinada a ser el hogar de convivencia preferido para los habitantes de Palestina. Con esta obra, el mandatario reafirma su compromiso de trabajar codo a codo con la comunidad para la transformaci\u00f3n social de los municipios de Bol\u00edvar, especialmente en la capital del departamento.<\/p>\n<p>Esta es la segunda Casa Compi entregada en Cartagena por la Gobernaci\u00f3n de Bol\u00edvar, a trav\u00e9s de la Secretar\u00eda de Participaci\u00f3n Ciudadana; la primera se encuentra en el Portal de La Cordialidad. La construcci\u00f3n de esta nueva casa comenz\u00f3 en 2024 en un lote de 540 metros cuadrados. De estos, 195 m\u00b2 est\u00e1n destinados a salones para eventos, unidades sanitarias, cocinas, hall de acceso, \u00e1reas de circulaci\u00f3n y escaleras, mientras que los restantes 345 m\u00b2 conforman un amplio patio general y zonas h\u00famedas para el desarrollo de patios productivos, donde se cultivar\u00e1n \u00e1rboles frutales y hortalizas.<\/p>\n<p>Entre las instalaciones de la Casa Compi se destacan una oficina, sala de espera, zona de servicio con cocinas, tres salones para eventos m\u00faltiples, una tienda para emprendimientos y un espacio destinado a la Junta de Acci\u00f3n Comunal del sector. Adem\u00e1s, gracias a la topograf\u00eda escalonada del terreno y su privilegiada ubicaci\u00f3n, se puede disfrutar de una vista panor\u00e1mica que abarca la Ci\u00e9naga de la Virgen, las zonas norte y sur de la ciudad, y la observaci\u00f3n de aviones y aves.<\/p>\n<p>El proyecto Casa Compi forma parte de una revoluci\u00f3n de infraestructura popular en Bol\u00edvar. Este a\u00f1o se est\u00e1n ejecutando 160 obras en el departamento, en colaboraci\u00f3n con las Juntas de Acci\u00f3n Comunal. Entre las recientes entregas se encuentran el Polideportivo en Panseg\u00fcita, el Parque en Ceibal (Magangu\u00e9), una calle en el barrio Emmanuel, tres calles en La India, el parque y la Casa Compi en Portal de La Cordialidad en Cartagena, y la calle principal del barrio La Granja en Mompox.<\/p>\n<p>El gobernador Yamil Arana enfatiz\u00f3 el impacto transformador de estas obras: \u201cEl COMPI reduce costos, se construye en corto tiempo, facilita la apropiaci\u00f3n de la comunidad, genera sentido de pertenencia y dinamiza la econom\u00eda popular de los sectores a donde llega\u201d. Seg\u00fan Arana, estas intervenciones integrales y sostenibles son la base para una verdadera revoluci\u00f3n en la infraestructura popular, lograda mediante la participaci\u00f3n ciudadana y la corresponsabilidad de las organizaciones de Acci\u00f3n Comunal.<\/p>\n<p>Mar\u00eda Berm\u00fadez, presidenta de la JAC de Palestina, destac\u00f3: \u201cFueron d\u00edas de rifas y actividades para reunir recursos, y contamos con una comunidad dispuesta a poner su grano de arena. Siempre confiamos en la palabra del gobernador Yamil Arana, y hoy esta casa es una realidad que beneficia a todos\u201d.<\/p>\n","protected":false},"excerpt":{"rendered":"<p>Turbaco, 27 de marzo de 2025 \u2013 La alegr\u00eda se hizo presente en el barrio Palestina, ubicado en las faldas de La Popa en Cartagena, donde ni\u00f1os, j\u00f3venes, adultos y abuelos celebraron la inauguraci\u00f3n de la Casa Compi. Este nuevo espacio, concebido para ser el punto de encuentro de la comunidad, servir\u00e1 como escenario para compartir iniciativas y coordinar acciones en conjunto que impulsen el bienestar del sector. La Casa Compi, inaugurada por el gobernador de Bol\u00edvar, Yamil Arana Padau\u00ed, est\u00e1 destinada a ser el hogar de convivencia preferido para&#8230; <\/p>\n","protected":false},"author":3,"featured_media":56621,"comment_status":"closed","ping_status":"closed","sticky":false,"template":"","format":"standard","meta":{"footnotes":"","_links_to":"","_links_to_target":""},"categories":[33,1450,80],"tags":[73,2392,300,2391,583],"class_list":["post-56620","post","type-post","status-publish","format-standard","has-post-thumbnail","hentry","category-actualidad-bolivar","category-parasladers","category-region","tag-bolivar","tag-compi","tag-region","tag-restacada","tag-yamil-arana"],"_links":{"self":[{"href":"https:\/\/revistazetta.com\/index.php?rest_route=\/wp\/v2\/posts\/56620","targetHints":{"allow":["GET"]}}],"collection":[{"href":"https:\/\/revistazetta.com\/index.php?rest_route=\/wp\/v2\/posts"}],"about":[{"href":"https:\/\/revistazetta.com\/index.php?rest_route=\/wp\/v2\/types\/post"}],"author":[{"embeddable":true,"href":"https:\/\/revistazetta.com\/index.php?rest_route=\/wp\/v2\/users\/3"}],"replies":[{"embeddable":true,"href":"https:\/\/revistazetta.com\/index.php?rest_route=%2Fwp%2Fv2%2Fcomments&post=56620"}],"version-history":[{"count":0,"href":"https:\/\/revistazetta.com\/index.php?rest_route=\/wp\/v2\/posts\/56620\/revisions"}],"wp:featuredmedia":[{"embeddable":true,"href":"https:\/\/revistazetta.com\/index.php?rest_route=\/wp\/v2\/media\/56621"}],"wp:attachment":[{"href":"https:\/\/revistazetta.com\/index.php?rest_route=%2Fwp%2Fv2%2Fmedia&parent=56620"}],"wp:term":[{"taxonomy":"category","embeddable":true,"href":"https:\/\/revistazetta.com\/index.php?rest_route=%2Fwp%2Fv2%2Fcategories&post=56620"},{"taxonomy":"post_tag","embeddable":true,"href":"https:\/\/revistazetta.com\/index.php?rest_route=%2Fwp%2Fv2%2Ftags&post=56620"}],"curies":[{"name":"wp","href":"https:\/\/api.w.org\/{rel}","templated":true}]}}