{"id":56672,"date":"2025-04-03T15:24:19","date_gmt":"2025-04-03T20:24:19","guid":{"rendered":"https:\/\/revistazetta.com\/?p=56672"},"modified":"2025-04-03T15:24:54","modified_gmt":"2025-04-03T20:24:54","slug":"cuentas-claras-para-la-transformacion-de-cartagena-de-indias","status":"publish","type":"post","link":"https:\/\/revistazetta.com\/?p=56672","title":{"rendered":"Dumek rinde cuentas de la transformaci\u00f3n de Cartagena"},"content":{"rendered":"<p style=\"padding-left: 40px;\"><strong><em>Viernes 4 de abril, la Alcald\u00eda Mayor de Cartagena rendir\u00e1 cuentas de su gesti\u00f3n en el 2024.- El espacio contar\u00e1 con las intervenciones del alcalde Dumek Turbay Paz, servidores p\u00fablicos de la Administraci\u00f3n Distrital, adem\u00e1s de las organizaciones sociales y la ciudadan\u00eda asistente. -La Audiencia P\u00fablica de Rendici\u00f3n de Cuentas, correspondiente al a\u00f1o de gesti\u00f3n 2024, se realizar\u00e1 ma\u00f1ana viernes, 4 de abril de 2025, a partir de las 8:00 de la ma\u00f1ana, en las instalaciones del Centro de Integraci\u00f3n Ciudadana del barrio El Poz\u00f3n. Se recomienda llegar, al menos, medio hora antes al recinto.<\/em><\/strong><\/p>\n<p><img loading=\"lazy\" decoding=\"async\" class=\"alignnone wp-image-56674 size-large\" src=\"https:\/\/revistazetta.com\/wp-content\/uploads\/2025\/04\/WhatsApp-Image-2025-04-03-at-12.24.09-819x1024.jpeg\" alt=\"\" width=\"819\" height=\"1024\" srcset=\"https:\/\/revistazetta.com\/wp-content\/uploads\/2025\/04\/WhatsApp-Image-2025-04-03-at-12.24.09-819x1024.jpeg 819w, https:\/\/revistazetta.com\/wp-content\/uploads\/2025\/04\/WhatsApp-Image-2025-04-03-at-12.24.09-266x333.jpeg 266w, https:\/\/revistazetta.com\/wp-content\/uploads\/2025\/04\/WhatsApp-Image-2025-04-03-at-12.24.09-130x162.jpeg 130w, https:\/\/revistazetta.com\/wp-content\/uploads\/2025\/04\/WhatsApp-Image-2025-04-03-at-12.24.09-1229x1536.jpeg 1229w, https:\/\/revistazetta.com\/wp-content\/uploads\/2025\/04\/WhatsApp-Image-2025-04-03-at-12.24.09-1639x2048.jpeg 1639w\" sizes=\"auto, (max-width: 819px) 100vw, 819px\" \/><br \/>\n<strong>Cartagena de Indias, 3 de abril de 2025.-<\/strong> A trav\u00e9s del Decreto 0900, del 19 de marzo de 2025, el alcalde Mayor de Cartagena, Dumek Turbay Paz, reitera la convocatoria a las organizaciones de la sociedad civil y la ciudadan\u00eda en general a la Audiencia P\u00fablica de Rendici\u00f3n de Cuentas, correspondiente al a\u00f1o de gesti\u00f3n 2024, que se realizar\u00e1 ma\u00f1ana viernes, 4 de abril de 2025, a partir de las 8:00 de la ma\u00f1ana, en las instalaciones del Centro de Integraci\u00f3n Ciudadana del barrio El Poz\u00f3n. Se recomienda llegar, al menos, medio hora antes al recinto.<\/p>\n<p>En cuanto a la radicaci\u00f3n de propuestas de intervenci\u00f3n, las organizaciones de la sociedad civil contaron con un m\u00ednimo de 10 d\u00edas de antelaci\u00f3n a la audiencia para radicar en la Secretar\u00eda de Planeaci\u00f3n las propuestas de intervenci\u00f3n para la respectiva asignaci\u00f3n los espacios dentro de dicha audiencia.<\/p>\n<p>Adicionalmente, tambi\u00e9n se recibieron diversas preguntas de la ciudadan\u00eda, para tener en cuenta durante el ejercicio de la audiencia, a trav\u00e9s del correo electr\u00f3nico: rendiciondecuentas2025@cartagena.gov.co<\/p>\n<p>En la audiencia p\u00fablica se atender\u00e1 un m\u00ednimo de seis y un m\u00e1ximo de 10 preguntas recibidas, escogidas aleatoriamente.<\/p>\n<p>Las preguntas que no sean atendidas en la audiencia, se les dar\u00e1 respuesta dentro de los 15 d\u00edas posteriores a la Rendici\u00f3n de Cuentas, y las mismas se publicar\u00e1n en la p\u00e1gina web de la entidad, en el link que se disponga para tal fin.<\/p>\n<p>Con relaci\u00f3n a la Audiencia P\u00fablica de Rendici\u00f3n de Cuentas de la Alcald\u00eda Mayor de Cartagena, esta contar\u00e1 con las intervenciones del alcalde Dumek Turbay Paz, servidores p\u00fablicos de la Administraci\u00f3n Distrital, adem\u00e1s de las organizaciones sociales y ciudadanos asistentes.<\/p>\n<p>Una vez concluyan dichas intervenciones, se dar\u00e1 lectura de las preguntas escogidas, aleatoriamente, y las respuestas estar\u00e1n a cargo de los funcionarios competentes.<\/p>\n<p>&nbsp;<\/p>\n","protected":false},"excerpt":{"rendered":"<p>Viernes 4 de abril, la Alcald\u00eda Mayor de Cartagena rendir\u00e1 cuentas de su gesti\u00f3n en el 2024.- El espacio contar\u00e1 con las intervenciones del alcalde Dumek Turbay Paz, servidores p\u00fablicos de la Administraci\u00f3n Distrital, adem\u00e1s de las organizaciones sociales y la ciudadan\u00eda asistente. -La Audiencia P\u00fablica de Rendici\u00f3n de Cuentas, correspondiente al a\u00f1o de gesti\u00f3n 2024, se realizar\u00e1 ma\u00f1ana viernes, 4 de abril de 2025, a partir de las 8:00 de la ma\u00f1ana, en las instalaciones del Centro de Integraci\u00f3n Ciudadana del barrio El Poz\u00f3n. Se recomienda llegar, al menos,&#8230; <\/p>\n","protected":false},"author":3,"featured_media":56673,"comment_status":"closed","ping_status":"closed","sticky":false,"template":"","format":"standard","meta":{"footnotes":"","_links_to":"","_links_to_target":""},"categories":[85,1450,32],"tags":[111,285,296,74,481],"class_list":["post-56672","post","type-post","status-publish","format-standard","has-post-thumbnail","hentry","category-cartagena","category-parasladers","category-actualidad-distrito","tag-cartagena","tag-destacada","tag-distrito","tag-dumek-turbay","tag-rendicion-de-cuentas"],"_links":{"self":[{"href":"https:\/\/revistazetta.com\/index.php?rest_route=\/wp\/v2\/posts\/56672","targetHints":{"allow":["GET"]}}],"collection":[{"href":"https:\/\/revistazetta.com\/index.php?rest_route=\/wp\/v2\/posts"}],"about":[{"href":"https:\/\/revistazetta.com\/index.php?rest_route=\/wp\/v2\/types\/post"}],"author":[{"embeddable":true,"href":"https:\/\/revistazetta.com\/index.php?rest_route=\/wp\/v2\/users\/3"}],"replies":[{"embeddable":true,"href":"https:\/\/revistazetta.com\/index.php?rest_route=%2Fwp%2Fv2%2Fcomments&post=56672"}],"version-history":[{"count":0,"href":"https:\/\/revistazetta.com\/index.php?rest_route=\/wp\/v2\/posts\/56672\/revisions"}],"wp:featuredmedia":[{"embeddable":true,"href":"https:\/\/revistazetta.com\/index.php?rest_route=\/wp\/v2\/media\/56673"}],"wp:attachment":[{"href":"https:\/\/revistazetta.com\/index.php?rest_route=%2Fwp%2Fv2%2Fmedia&parent=56672"}],"wp:term":[{"taxonomy":"category","embeddable":true,"href":"https:\/\/revistazetta.com\/index.php?rest_route=%2Fwp%2Fv2%2Fcategories&post=56672"},{"taxonomy":"post_tag","embeddable":true,"href":"https:\/\/revistazetta.com\/index.php?rest_route=%2Fwp%2Fv2%2Ftags&post=56672"}],"curies":[{"name":"wp","href":"https:\/\/api.w.org\/{rel}","templated":true}]}}