{"id":56677,"date":"2025-04-04T10:43:00","date_gmt":"2025-04-04T15:43:00","guid":{"rendered":"https:\/\/revistazetta.com\/?p=56677"},"modified":"2025-04-04T10:43:35","modified_gmt":"2025-04-04T15:43:35","slug":"crece-ola-de-rechazo-a-hostigamiento-politico-contra-senadora-nadia-blel","status":"publish","type":"post","link":"https:\/\/revistazetta.com\/?p=56677","title":{"rendered":"Crece ola de rechazo a hostigamiento contra senadora Nadia Blel"},"content":{"rendered":"<p><strong>Cartagena de Indias, 4 de abril de 2025.-<\/strong> Es creciente la ola de rechazos al hostigamiento pol\u00edtico que sufri\u00f3 la senadora Nadia Blel en su residencia en Cartagena de Indias.<\/p>\n<p class=\"elheraldo__StyledParagraph-sc-60z8lc-1 ceHSqO article-body__paragraph\">En redes sociales cerraron filas en defensa la presidenta de la Comisi\u00f3n S\u00e9ptima del Senado y tambi\u00e9n presidenta del partido Conservador, quien denunci\u00f3 acoso e intimidaciones en protestas convocadas frente a su<b>\u00a0casa en Cartagena\u00a0<\/b>en medio del inicio del tercer debate de la reforma a la salud y tras un par de semanas del archivo de la <b>reforma laboral.<\/b><\/p>\n<p class=\"elheraldo__StyledParagraph-sc-60z8lc-1 ceHSqO article-body__paragraph\">\u201cHoy, algunos congresistas de la coalici\u00f3n de gobierno recurrieron a sus seguidores y montaron una manifestaci\u00f3n ilegal, sin permisos, frente a mi residencia. All\u00ed se encontraba mi hijo menor de edad junto a sus amigos. Este acto no solo viola las leyes de nuestro pa\u00eds, sino que tambi\u00e9n traspasa los l\u00edmites del derecho leg\u00edtimo a la protesta, el cual tiene normas y restricciones claras\u201d, escribi\u00f3 la legisladora en sus<b>\u00a0redes sociales.<\/b><\/p>\n<p>Desde luego y como era de esperarse, en contra de la decencia y la sensatez pol\u00edtica se pronuncio el presidente Petro: \u201cNo nos eche la culpa por lo que usted misma provoc\u00f3\u201d. Afirm\u00f3 que \u201clos congresistas son representantes del pueblo, y no deben temer por dialogar con su pueblo\u201d, adem\u00e1s se\u00f1al\u00f3 que <b>se debe respetar la intimidad<\/b>, pero dialogar con el pueblo y \u201cno cerrar la puerta (&#8230;) Todo congresista es responsable de su voto ante su pueblo. Los tiempos de comprar votos y entonces tratar al elector como simple objeto o sirviente se acabaron\u201d.<\/p>\n<blockquote>\n<p class=\"elheraldo__StyledParagraph-sc-60z8lc-1 ceHSqO article-body__paragraph\">La senadora Blel le respondi\u00f3 al jefe de Estado diciendo que ninguna agresi\u00f3n puede ser justificada: \u201cLo que reclamo, Presidente Petro, es que as\u00ed como sus hijos menores de edad tienen derecho a no ser acosados en estadios, parques tem\u00e1ticos, el colegio o las redes sociales, entre otros, como lo ha denunciado usted, y sin importar qu\u00e9 decisiones pol\u00edticas haya tomado usted, mi hijo de tres a\u00f1os tiene el mismo derecho y no es justificable la agresi\u00f3n organizada y planificada por ninguna raz\u00f3n\u201d, expres\u00f3.<\/p>\n<p class=\"elheraldo__StyledParagraph-sc-60z8lc-1 ceHSqO article-body__paragraph\">A\u00f1adi\u00f3 que el hecho de que no tengan las mismas posturas pol\u00edticas no es argumento para incentivar los acosos: \u201cQue usted no comparta mis decisiones pol\u00edticas no es argumento para justificar lo que hicieron congresistas y funcionarios de su gobierno acosando a una familia. Intentar justificarlo entre l\u00edneas es incentivar nuevos acosos por sus seguidores. No todo vale\u201d, sostuvo.<\/p>\n<\/blockquote>\n<p><strong>Solidaridad con la senadora Blel<\/strong><\/p>\n<p>La representante a la C\u00e1mara Juliana Aray public\u00f3:<\/p>\n<blockquote class=\"twitter-tweet\">\n<p dir=\"ltr\" lang=\"es\">Cruzar la raya del debate pol\u00edtico para acosar a una persona en su propia casa, con su hijo adentro, no es protesta, es intimidaci\u00f3n. La democracia se defiende con ideas, no con acoso.<br \/>\nToda mi solidaridad con la senadora <a href=\"https:\/\/twitter.com\/nadiablel?ref_src=twsrc%5Etfw\" target=\"_blank\" rel=\"noopener\">@nadiablel<\/a> <a href=\"https:\/\/t.co\/pRv3ORnp3B\">https:\/\/t.co\/pRv3ORnp3B<\/a><\/p>\n<p>\u2014 Juliana Aray (@juliana_aray) <a href=\"https:\/\/twitter.com\/juliana_aray\/status\/1908130591704301664?ref_src=twsrc%5Etfw\" target=\"_blank\" rel=\"noopener\">April 4, 2025<\/a><\/p><\/blockquote>\n<p><script async src=\"https:\/\/platform.twitter.com\/widgets.js\" charset=\"utf-8\"><\/script><\/p>\n<p>A su vez, la representante a la C\u00e1mara por Bol\u00edvar \u00c1ngela Vergara expres\u00f3:<\/p>\n<blockquote class=\"twitter-tweet\">\n<p dir=\"ltr\" lang=\"es\">Lo ocurrido ayer en la vivienda de <a href=\"https:\/\/twitter.com\/nadiablel?ref_src=twsrc%5Etfw\" target=\"_blank\" rel=\"noopener\">@nadiablel<\/a> es absolutamente inaceptable e ilegal. Mi solidaridad total en este momento. Nuestra labor como congresistas es independiente y debe ser respetada. Las diferencias no pueden justificar actos que pongan en riesgo a nuestras familias. <a href=\"https:\/\/t.co\/rQ1dCkvwNs\">https:\/\/t.co\/rQ1dCkvwNs<\/a><\/p>\n<p>\u2014 \ud835\udc00\ud835\udc27\ud835\udc20\ud835\udc1e\ud835\udc25\ud835\udc1a \ud835\udc15\ud835\udc1e\ud835\udc2b\ud835\udc20\ud835\udc1a\ud835\udc2b\ud835\udc1a \ud835\udc06. | Congresista (@AMVergaraG) <a href=\"https:\/\/twitter.com\/AMVergaraG\/status\/1908110396344422699?ref_src=twsrc%5Etfw\" target=\"_blank\" rel=\"noopener\">April 4, 2025<\/a><\/p><\/blockquote>\n<p><script async src=\"https:\/\/platform.twitter.com\/widgets.js\" charset=\"utf-8\"><\/script><\/p>\n<p class=\"elheraldo__StyledParagraph-sc-60z8lc-1 ceHSqO article-body__paragraph\">Elpresidente del Senado, Efra\u00edn Cepeda, quien en las \u00faltimas horas mantuvo algunos encontrones con Petro, enfatiz\u00f3 en que \u201ces algo intolerable y que toda persona de bien debe repudiar. Uno tiene que ser muy mezquino para hacer eso\u201d.<\/p>\n<blockquote class=\"twitter-tweet\">\n<p dir=\"ltr\" lang=\"es\">Altos funcionarios y congresistas afines al Gobierno Nacional pretendieron amedrentar a la senadora <a href=\"https:\/\/twitter.com\/nadiablel?ref_src=twsrc%5Etfw\" target=\"_blank\" rel=\"noopener\">@nadiablel<\/a> en su casa en donde estaba con su hijo de 3 a\u00f1os.<\/p>\n<p>Eso es algo intolerable y que toda persona de bien debe repudiar. Uno tiene que ser muy mezquino para hacer eso.\u2026<\/p>\n<p>\u2014 Efrain Cepeda (@EfrainCepeda) <a href=\"https:\/\/twitter.com\/EfrainCepeda\/status\/1908152817820508433?ref_src=twsrc%5Etfw\" target=\"_blank\" rel=\"noopener\">April 4, 2025<\/a><\/p><\/blockquote>\n<p><script async src=\"https:\/\/platform.twitter.com\/widgets.js\" charset=\"utf-8\"><\/script><\/p>\n<p>El senador Enrique Cabrales, del Centro Democr\u00e1tico, trin\u00f3:<\/p>\n<blockquote class=\"twitter-tweet\">\n<p dir=\"ltr\" lang=\"es\">Mi rechazo rotundo a los hechos de intimidaci\u00f3n en contra de la senadora <a href=\"https:\/\/twitter.com\/nadiablel?ref_src=twsrc%5Etfw\" target=\"_blank\" rel=\"noopener\">@nadiablel<\/a> , quien fue hostigada en su propio hogar y con sus hijos presentes. Esto no es protesta, es cobard\u00eda. Atacar a una mujer, madre y l\u00edder por defender sus convicciones y los intereses de los\u2026 <a href=\"https:\/\/t.co\/YZtFPvKJwi\">https:\/\/t.co\/YZtFPvKJwi<\/a><\/p>\n<p>\u2014 Enrique Cabrales Baquero (@kikecabralesCD) <a href=\"https:\/\/twitter.com\/kikecabralesCD\/status\/1908178907129364857?ref_src=twsrc%5Etfw\" target=\"_blank\" rel=\"noopener\">April 4, 2025<\/a><\/p><\/blockquote>\n<p><script async src=\"https:\/\/platform.twitter.com\/widgets.js\" charset=\"utf-8\"><\/script><\/p>\n<p>&nbsp;<\/p>\n","protected":false},"excerpt":{"rendered":"<p>Cartagena de Indias, 4 de abril de 2025.- Es creciente la ola de rechazos al hostigamiento pol\u00edtico que sufri\u00f3 la senadora Nadia Blel en su residencia en Cartagena de Indias. En redes sociales cerraron filas en defensa la presidenta de la Comisi\u00f3n S\u00e9ptima del Senado y tambi\u00e9n presidenta del partido Conservador, quien denunci\u00f3 acoso e intimidaciones en protestas convocadas frente a su\u00a0casa en Cartagena\u00a0en medio del inicio del tercer debate de la reforma a la salud y tras un par de semanas del archivo de la reforma laboral. \u201cHoy, algunos&#8230; <\/p>\n","protected":false},"author":3,"featured_media":56678,"comment_status":"closed","ping_status":"closed","sticky":false,"template":"","format":"standard","meta":{"footnotes":"","_links_to":"","_links_to_target":""},"categories":[1450,26,4],"tags":[285,219,350,298],"class_list":["post-56677","post","type-post","status-publish","format-standard","has-post-thumbnail","hentry","category-parasladers","category-politica-noticias","category-politica","tag-destacada","tag-nadia-blel","tag-noticias","tag-politica"],"_links":{"self":[{"href":"https:\/\/revistazetta.com\/index.php?rest_route=\/wp\/v2\/posts\/56677","targetHints":{"allow":["GET"]}}],"collection":[{"href":"https:\/\/revistazetta.com\/index.php?rest_route=\/wp\/v2\/posts"}],"about":[{"href":"https:\/\/revistazetta.com\/index.php?rest_route=\/wp\/v2\/types\/post"}],"author":[{"embeddable":true,"href":"https:\/\/revistazetta.com\/index.php?rest_route=\/wp\/v2\/users\/3"}],"replies":[{"embeddable":true,"href":"https:\/\/revistazetta.com\/index.php?rest_route=%2Fwp%2Fv2%2Fcomments&post=56677"}],"version-history":[{"count":0,"href":"https:\/\/revistazetta.com\/index.php?rest_route=\/wp\/v2\/posts\/56677\/revisions"}],"wp:featuredmedia":[{"embeddable":true,"href":"https:\/\/revistazetta.com\/index.php?rest_route=\/wp\/v2\/media\/56678"}],"wp:attachment":[{"href":"https:\/\/revistazetta.com\/index.php?rest_route=%2Fwp%2Fv2%2Fmedia&parent=56677"}],"wp:term":[{"taxonomy":"category","embeddable":true,"href":"https:\/\/revistazetta.com\/index.php?rest_route=%2Fwp%2Fv2%2Fcategories&post=56677"},{"taxonomy":"post_tag","embeddable":true,"href":"https:\/\/revistazetta.com\/index.php?rest_route=%2Fwp%2Fv2%2Ftags&post=56677"}],"curies":[{"name":"wp","href":"https:\/\/api.w.org\/{rel}","templated":true}]}}