{"id":56682,"date":"2025-04-04T18:22:19","date_gmt":"2025-04-04T23:22:19","guid":{"rendered":"https:\/\/revistazetta.com\/?p=56682"},"modified":"2025-04-04T18:22:19","modified_gmt":"2025-04-04T23:22:19","slug":"la-labor-del-gobierno-es-gigante-dumek-en-la-rendicion-de-cuentas-2024","status":"publish","type":"post","link":"https:\/\/revistazetta.com\/?p=56682","title":{"rendered":"\u00abLa labor del gobierno es gigante: Dumek, en la rendici\u00f3n de cuentas 2024"},"content":{"rendered":"<p style=\"padding-left: 40px;\"><span style=\"color: #0000ff;\"><strong><em>En medio de la jornada de socializaci\u00f3n de los avances m\u00e1s significativos del primer a\u00f1o del Gobierno distrital, que cont\u00f3 con la participaci\u00f3n activa de dirigentes c\u00edvicos, diversos invitados y la ciudadan\u00eda en general, el alcalde Dumek Turbay Paz se refiri\u00f3 a la transformaci\u00f3n que afronta Cartagena, tras d\u00e9cadas de estancamiento, bajo la premisa de una ciudad que hoy contin\u00faa recuperando su brillo y esplendor.<\/em><\/strong><\/span><\/p>\n<p>Para consultar en su totalidad el documento t\u00e9cnico de Rendici\u00f3n de Cuentas, que re\u00fane los mayores logros en 2024 del Plan de Desarrollo: Cartagena, ciudad de derechos, puede hacerlo accediendo al siguiente enlace:<\/p>\n<p><span style=\"color: #0000ff;\"><a style=\"color: #0000ff;\" href=\"https:\/\/www.cartagena.gov.co\/sites\/default\/files\/transparencia\/documentos\/2025-02\/INFORME_DE_SEGUIMIENTO_PDD_CARTAGENA_CIUDAD_DE_DERECHOS__2024_%E2%80%93_2027_CORTE_DICIEMBRE_2024.pdf\" target=\"_blank\" rel=\"noopener\">https:\/\/www.cartagena.gov.co\/sites\/default\/files\/transparencia\/documentos\/2025-02\/INFORME_DE_SEGUIMIENTO_PDD_CARTAGENA_CIUDAD_DE_DERECHOS__2024_%E2%80%93_2027_CORTE_DICIEMBRE_2024.pdf<\/a>\u00a0<\/span><\/p>\n<p><strong>Cartagena de Indias, 4 de abril de 2025.-<\/strong>\u00a0<span style=\"color: #800080;\"><em><strong> (Informaci\u00f3n suministrada por la Oficina de Prensa de la Alcald\u00eda de Cartagena).-<\/strong> <\/em><\/span>El Centro de Integraci\u00f3n Ciudadana del barrio El Poz\u00f3n fue el escenario escogido por el alcalde Mayor de Cartagena, Dumek Turbay Paz, acompa\u00f1ado por el gabinete distrital en pleno, para llevar a cabo este viernes el primer ejercicio de Rendici\u00f3n de Cuentas del cuatrienio, correspondiente a la vigencia 2024.<\/p>\n<p>En medio de la jornada de socializaci\u00f3n de los avances m\u00e1s significativos del primer a\u00f1o del Gobierno distrital, que cont\u00f3 con la participaci\u00f3n activa de dirigentes c\u00edvicos, diversos invitados y la ciudadan\u00eda en general, el alcalde Turbay Paz se refiri\u00f3 a la transformaci\u00f3n que afronta Cartagena, tras d\u00e9cadas de estancamiento, bajo la premisa de una ciudad que hoy contin\u00faa recuperando su brillo y esplendor.<\/p>\n<p><img loading=\"lazy\" decoding=\"async\" class=\"alignnone size-medium wp-image-56685\" src=\"https:\/\/revistazetta.com\/wp-content\/uploads\/2025\/04\/WhatsApp-Image-2025-04-04-at-13.28.52-500x333.jpeg\" alt=\"\" width=\"500\" height=\"333\" srcset=\"https:\/\/revistazetta.com\/wp-content\/uploads\/2025\/04\/WhatsApp-Image-2025-04-04-at-13.28.52-500x333.jpeg 500w, https:\/\/revistazetta.com\/wp-content\/uploads\/2025\/04\/WhatsApp-Image-2025-04-04-at-13.28.52-1024x682.jpeg 1024w, https:\/\/revistazetta.com\/wp-content\/uploads\/2025\/04\/WhatsApp-Image-2025-04-04-at-13.28.52-243x162.jpeg 243w, https:\/\/revistazetta.com\/wp-content\/uploads\/2025\/04\/WhatsApp-Image-2025-04-04-at-13.28.52.jpeg 1280w\" sizes=\"auto, (max-width: 500px) 100vw, 500px\" \/><\/p>\n<p>\u201cLa mejor ciudad del pa\u00eds lo merece y\u00a0requiere todo, pues sus din\u00e1micas son exigentes; as\u00ed como los problemas sociales que hemos atendido o que estamos en proceso de solventar. En 2024, defendimos nuestro patrimonio y ya no existe el\u00a0Aquarela. Reactivamos la protecci\u00f3n costera,\u00a0desmontamos los peajes, recuperamos\u00a0el Parque\u00a0Esp\u00edritu del\u00a0Manglar,\u00a0el\u00a0Muelle de\u00a0La\u00a0Bodeguita y el\u00a0Camell\u00f3n de los\u00a0M\u00e1rtires, a la par de la limpieza de canales y de la recuperaci\u00f3n del canal\u00a0Juan\u00a0Angola. Alivia mucho poder exponer que\u00a0Cartagena, en 2024, se acerc\u00f3 mucho m\u00e1s a convertirse en una ciudad sostenible, inclusiva y competitiva\u00a0frente al aletargado crecimiento que tuvo en las d\u00e9cadas que precedieron a nuestra llegada\u201d,\u00a0 resalt\u00f3 Turbay Paz.<\/p>\n<p>En el espacio de Rendici\u00f3n de Cuentas, entre otros logros expuestos, fueron destacados avances como los 27 kil\u00f3metros de nuevas v\u00edas a lo largo y ancho de la ciudad, lo que representa casi el 50 % de la infraestructura vial proyectada en el\u00a0Plan de\u00a0Desarrollo para los cuatro a\u00f1os, es decir,\u00a060 kil\u00f3metros de calles nuevas.<\/p>\n<p><img loading=\"lazy\" decoding=\"async\" class=\"alignnone size-medium wp-image-56686\" src=\"https:\/\/revistazetta.com\/wp-content\/uploads\/2025\/04\/WhatsApp-Image-2025-04-04-at-13.28.55-500x333.jpeg\" alt=\"\" width=\"500\" height=\"333\" srcset=\"https:\/\/revistazetta.com\/wp-content\/uploads\/2025\/04\/WhatsApp-Image-2025-04-04-at-13.28.55-500x333.jpeg 500w, https:\/\/revistazetta.com\/wp-content\/uploads\/2025\/04\/WhatsApp-Image-2025-04-04-at-13.28.55-1024x682.jpeg 1024w, https:\/\/revistazetta.com\/wp-content\/uploads\/2025\/04\/WhatsApp-Image-2025-04-04-at-13.28.55-243x162.jpeg 243w, https:\/\/revistazetta.com\/wp-content\/uploads\/2025\/04\/WhatsApp-Image-2025-04-04-at-13.28.55.jpeg 1280w\" sizes=\"auto, (max-width: 500px) 100vw, 500px\" \/><\/p>\n<p>Fueron, en total,\u00a052.600\u00a0metros c\u00fabicos de concreto que generaron empleo y dinamizaron la econom\u00eda, llevaron recursos para muchos hogares donde vive la mano de obra de cada sector beneficiado.<\/p>\n<p>Entre otros logros expuestos, la Alcald\u00eda Mayor de Cartagena destac\u00f3 los siguientes:<\/p>\n<p><strong>Seguridad Humana<\/strong><\/p>\n<p>Sobresalen avances como la modernizaci\u00f3n del sistema Integrado de Emergencia en Seguridad (SIES), adem\u00e1s del mantenimiento y actualizaci\u00f3n de 459 c\u00e1maras de circuito cerrado.<br \/>\nTambi\u00e9n se inici\u00f3 la optimizaci\u00f3n de monitoreo en tiempo real con intervenciones avanzadas, adem\u00e1s del proceso para integrar c\u00e1maras de establecimientos p\u00fablicos y privados en el Centro Autom\u00e1tico de Despacho, CAD, de la Polic\u00eda, con miras a mejores respuestas ante incidentes y prevenci\u00f3n de delitos.<br \/>\nTambi\u00e9n se prioriz\u00f3 la instalaci\u00f3n de 160 alarmas inteligentes en barrios, colegios y espacios deportivos.<\/p>\n<p><img loading=\"lazy\" decoding=\"async\" class=\"alignnone size-medium wp-image-56689\" src=\"https:\/\/revistazetta.com\/wp-content\/uploads\/2025\/04\/WhatsApp-Image-2025-04-04-at-13.28.57-500x333.jpeg\" alt=\"\" width=\"500\" height=\"333\" srcset=\"https:\/\/revistazetta.com\/wp-content\/uploads\/2025\/04\/WhatsApp-Image-2025-04-04-at-13.28.57-500x333.jpeg 500w, https:\/\/revistazetta.com\/wp-content\/uploads\/2025\/04\/WhatsApp-Image-2025-04-04-at-13.28.57-1024x684.jpeg 1024w, https:\/\/revistazetta.com\/wp-content\/uploads\/2025\/04\/WhatsApp-Image-2025-04-04-at-13.28.57-243x162.jpeg 243w, https:\/\/revistazetta.com\/wp-content\/uploads\/2025\/04\/WhatsApp-Image-2025-04-04-at-13.28.57.jpeg 1280w\" sizes=\"auto, (max-width: 500px) 100vw, 500px\" \/><\/p>\n<p><strong>Salud digna y humanizada<\/strong><\/p>\n<p>Entre otros logros, se destaca la ampliaci\u00f3n de la Red P\u00fablica Hospitalaria con referentes como las obras de infraestructura del Hospital de Nelson Mandela y en el Hospital de Canapote.<br \/>\nAdicionalmente, en cuanto al Hospital de El Poz\u00f3n, se entreg\u00f3 en funcionamiento con nuevos servicios como atenci\u00f3n del parto, hospitalizaci\u00f3n adulta y pedi\u00e1trica e im\u00e1genes.<br \/>\nUno de los aspectos de mayor relevancia tiene que ver con la reducci\u00f3n del 100% de los casos de mortalidad materna y disminuci\u00f3n del 23% de embarazos en adolescentes.<\/p>\n<p><img loading=\"lazy\" decoding=\"async\" class=\"alignnone size-medium wp-image-56684\" src=\"https:\/\/revistazetta.com\/wp-content\/uploads\/2025\/04\/WhatsApp-Image-2025-04-04-at-13.28.52-1-500x333.jpeg\" alt=\"\" width=\"500\" height=\"333\" srcset=\"https:\/\/revistazetta.com\/wp-content\/uploads\/2025\/04\/WhatsApp-Image-2025-04-04-at-13.28.52-1-500x333.jpeg 500w, https:\/\/revistazetta.com\/wp-content\/uploads\/2025\/04\/WhatsApp-Image-2025-04-04-at-13.28.52-1-1024x682.jpeg 1024w, https:\/\/revistazetta.com\/wp-content\/uploads\/2025\/04\/WhatsApp-Image-2025-04-04-at-13.28.52-1-243x162.jpeg 243w, https:\/\/revistazetta.com\/wp-content\/uploads\/2025\/04\/WhatsApp-Image-2025-04-04-at-13.28.52-1.jpeg 1280w\" sizes=\"auto, (max-width: 500px) 100vw, 500px\" \/><\/p>\n<p><strong>Cartagena educada<\/strong><\/p>\n<p>Han sido intervenidas nueve instituciones educativas y otras 30 adicionales fueron adecuadas, con una inversi\u00f3n de $25.000 millones, y con la generaci\u00f3n de 500 empleos directos e indirectos.<br \/>\nSe retomaron obras que estaban en pausa, como el Colegio San Felipe Neri, hoy entregado y completamente transformado para el beneficio de 1.600 estudiantes.<br \/>\nTambi\u00e9n se entreg\u00f3 la I. E. Villas de Aranjuez, con dotaci\u00f3n y mobiliario, adem\u00e1s de atenci\u00f3n y cobertura del 100% del Programa de Alimentaci\u00f3n Escolar, PAE, en ese plantel acad\u00e9mico.<br \/>\nEl Distrito prioriz\u00f3 la construcci\u00f3n de cinco megacolegios:\u00a0 en Pasacaballos, Bayunca, Cerros de Albornoz, Ciudadela La Paz y San Jos\u00e9 de los Campanos, con una inversi\u00f3n de\u00a0 $170.000 millones, para una cobertura estimada de 12.100 estudiantes.\u00a0 Adem\u00e1s, se realizar\u00e1 rehabilitaci\u00f3n en siete escuelas m\u00e1s y la terminaci\u00f3n de la Instituci\u00f3n Educativa de Tierra Baja.<\/p>\n<p><img loading=\"lazy\" decoding=\"async\" class=\"alignnone size-medium wp-image-56690\" src=\"https:\/\/revistazetta.com\/wp-content\/uploads\/2025\/04\/WhatsApp-Image-2025-04-04-at-13.28.58-1-498x333.jpeg\" alt=\"\" width=\"498\" height=\"333\" srcset=\"https:\/\/revistazetta.com\/wp-content\/uploads\/2025\/04\/WhatsApp-Image-2025-04-04-at-13.28.58-1-498x333.jpeg 498w, https:\/\/revistazetta.com\/wp-content\/uploads\/2025\/04\/WhatsApp-Image-2025-04-04-at-13.28.58-1-1024x684.jpeg 1024w, https:\/\/revistazetta.com\/wp-content\/uploads\/2025\/04\/WhatsApp-Image-2025-04-04-at-13.28.58-1-242x162.jpeg 242w, https:\/\/revistazetta.com\/wp-content\/uploads\/2025\/04\/WhatsApp-Image-2025-04-04-at-13.28.58-1-1536x1026.jpeg 1536w, https:\/\/revistazetta.com\/wp-content\/uploads\/2025\/04\/WhatsApp-Image-2025-04-04-at-13.28.58-1.jpeg 1600w\" sizes=\"auto, (max-width: 498px) 100vw, 498px\" \/><\/p>\n<p><strong>Cartagena hist\u00f3rica y cultural<\/strong><\/p>\n<p>A trav\u00e9s del Sistema Distrital de Formaci\u00f3n Art\u00edstica y Cultural (SIFAC), se benefici\u00f3 a m\u00e1s de 3.000 ni\u00f1os y adolescentes con programas de teatro, danza, artes pl\u00e1sticas y m\u00e1s.<br \/>\nTambi\u00e9n fueron vinculados 40 profesionales con empleos temporales.<br \/>\nCon relaci\u00f3n a las Fiestas de la Independencia &#8211; \u00abLa Fiesta que Nos Une\u201d, en el resurgir de las festividades m\u00e1s importantes de la ciudad, se realizaron 42 eventos con 80.000 asistentes y 8.000 artistas.<br \/>\nPor primera vez se implement\u00f3 la \u201cTienda Festiva\u201d, con 60 emprendimientos culturales y se generaron 1.000 empleos.<br \/>\nTambi\u00e9n, desde el patrimonio inmaterial- festivales gastron\u00f3micos, se consolidaron 16 de estos, destacando el Festival del Frito, con $705 millones en ventas. Adicionalmente, el Festival del Dulce, con $657 millones en ventas.<br \/>\nPor su parte, el Festival del Pastel cerr\u00f3 con $857 millones en ventas.<br \/>\nTambi\u00e9n sobresalen avances significativos en la Red de Bibliotecas P\u00fablicas Comunitarias, donde se atendieron 42.000 personas en 18 bibliotecas fortalecidas y se dotaron 14 de estas con nuevos equipos.<\/p>\n<p><img loading=\"lazy\" decoding=\"async\" class=\"alignnone size-medium wp-image-56688\" src=\"https:\/\/revistazetta.com\/wp-content\/uploads\/2025\/04\/WhatsApp-Image-2025-04-04-at-13.28.57-2-498x333.jpeg\" alt=\"\" width=\"498\" height=\"333\" srcset=\"https:\/\/revistazetta.com\/wp-content\/uploads\/2025\/04\/WhatsApp-Image-2025-04-04-at-13.28.57-2-498x333.jpeg 498w, https:\/\/revistazetta.com\/wp-content\/uploads\/2025\/04\/WhatsApp-Image-2025-04-04-at-13.28.57-2-1024x684.jpeg 1024w, https:\/\/revistazetta.com\/wp-content\/uploads\/2025\/04\/WhatsApp-Image-2025-04-04-at-13.28.57-2-242x162.jpeg 242w, https:\/\/revistazetta.com\/wp-content\/uploads\/2025\/04\/WhatsApp-Image-2025-04-04-at-13.28.57-2-1536x1026.jpeg 1536w, https:\/\/revistazetta.com\/wp-content\/uploads\/2025\/04\/WhatsApp-Image-2025-04-04-at-13.28.57-2.jpeg 1600w\" sizes=\"auto, (max-width: 498px) 100vw, 498px\" \/><\/p>\n<p><strong>Deporte para avanzar<\/strong><\/p>\n<p>Se destaca el fortalecimiento y mantenimiento de la Red de Infraestructura Deportiva del Distrito, con escenarios intervenidos como la cancha sint\u00e9tica de Los Calamares, adem\u00e1s de los completamente renovados: zona deportiva y Parque L\u00e1cides Segovia.<br \/>\nEn total, de acuerdo con el reporte del Instituto Distrital de Deporte y Recreaci\u00f3n (IDER), son 368 escenarios con manteniendo y adecuaci\u00f3n \u00f3ptimos, entre los cuales se incluyen el \u00a0Coliseo Bernardo Caraballo, Villa Ol\u00edmpica y Complejo Acu\u00e1tico.<br \/>\nAdicionalmente, bajo la consolidaci\u00f3n de Cartagena como destino de turismo deportivo, \u00a0fueron impulsados 70 eventos deportivos regionales, nacionales e internacionales.<\/p>\n<p><img loading=\"lazy\" decoding=\"async\" class=\"alignnone size-medium wp-image-56691\" src=\"https:\/\/revistazetta.com\/wp-content\/uploads\/2025\/04\/WhatsApp-Image-2025-04-04-at-13.28.58-498x333.jpeg\" alt=\"\" width=\"498\" height=\"333\" srcset=\"https:\/\/revistazetta.com\/wp-content\/uploads\/2025\/04\/WhatsApp-Image-2025-04-04-at-13.28.58-498x333.jpeg 498w, https:\/\/revistazetta.com\/wp-content\/uploads\/2025\/04\/WhatsApp-Image-2025-04-04-at-13.28.58-1024x684.jpeg 1024w, https:\/\/revistazetta.com\/wp-content\/uploads\/2025\/04\/WhatsApp-Image-2025-04-04-at-13.28.58-242x162.jpeg 242w, https:\/\/revistazetta.com\/wp-content\/uploads\/2025\/04\/WhatsApp-Image-2025-04-04-at-13.28.58-1536x1026.jpeg 1536w, https:\/\/revistazetta.com\/wp-content\/uploads\/2025\/04\/WhatsApp-Image-2025-04-04-at-13.28.58.jpeg 1600w\" sizes=\"auto, (max-width: 498px) 100vw, 498px\" \/><br \/>\n<strong>Cartagena se mueve mejor<\/strong><\/p>\n<p>Con la puesta en marcha de las fases 1 y 2 del Plan de Rehabilitaci\u00f3n de la Malla Vial, Cartagena hoy dispone de 8 Kil\u00f3metros de carril nuevos, 20 Kil\u00f3metros de carril rehabilitados y 50 calles entregadas.<\/p>\n<p>Tambi\u00e9n se destaca la limpieza de canales, en las tres localidades de la ciudad, incluyendo los de Zona Norte.<br \/>\nCon la rehabilitaci\u00f3n y mantenimiento del Corredor de Carga son 100.000 las personas beneficiadas, con cerca de 100 empleos generados para la mano de obra local.<br \/>\nCon los intercambiadores viales, en beneficio de m\u00e1s de 400.000 personas, la ciudad decidi\u00f3 apostar por una mejor movilidad, tras d\u00e9cadas de estancamiento y carencia de infraestructura vial acorde con las din\u00e1micas de crecimiento de una Cartagena con mayor parque automotor y nuevas din\u00e1micas de urbanismo.<br \/>\nLa Alcald\u00eda Mayor de Cartagena tambi\u00e9n prioriz\u00f3 la sustituci\u00f3n de veh\u00edculos de tracci\u00f3n animal por 57 motocarros.<br \/>\nAdicionalmente, 60 mujeres fueron capacitadas para convertirse en conductoras de taxi, en un hecho sin precedentes en materia de inclusi\u00f3n de g\u00e9nero.<br \/>\n<img loading=\"lazy\" decoding=\"async\" class=\"alignnone size-medium wp-image-56687\" src=\"https:\/\/revistazetta.com\/wp-content\/uploads\/2025\/04\/WhatsApp-Image-2025-04-04-at-13.28.56-500x333.jpeg\" alt=\"\" width=\"500\" height=\"333\" srcset=\"https:\/\/revistazetta.com\/wp-content\/uploads\/2025\/04\/WhatsApp-Image-2025-04-04-at-13.28.56-500x333.jpeg 500w, https:\/\/revistazetta.com\/wp-content\/uploads\/2025\/04\/WhatsApp-Image-2025-04-04-at-13.28.56-1024x684.jpeg 1024w, https:\/\/revistazetta.com\/wp-content\/uploads\/2025\/04\/WhatsApp-Image-2025-04-04-at-13.28.56-243x162.jpeg 243w, https:\/\/revistazetta.com\/wp-content\/uploads\/2025\/04\/WhatsApp-Image-2025-04-04-at-13.28.56.jpeg 1280w\" sizes=\"auto, (max-width: 500px) 100vw, 500px\" \/><\/p>\n<p><strong>Transformaci\u00f3n social<\/strong><\/p>\n<p>Bajo la priorizaci\u00f3n de una vida libre de violencia para las mujeres, 2.113 de ellas, v\u00edctimas de violencia basada en g\u00e9nero o en riesgo de padecerla, recibieron atenci\u00f3n integral. La ciudad hoy cuenta con la primera Casa Refugio, con un enfoque de g\u00e9nero, inaugurada el 6 de marzo de 2024. Desde entonces, 95 personas han sido acogidas con garant\u00edas de protecci\u00f3n.<br \/>\nAdicionalmente, la ciudad cuenta con el Hogar de paso: Segundas Oportunidades, con alojamiento y servicios integrales como alimentaci\u00f3n, aseo, capacitaci\u00f3n y atenci\u00f3n psicol\u00f3gica para habitantes de calle. 210 personas han sido acogidas, entre hombres y mujeres, quienes recibieron apoyo transitorio.<br \/>\nLa Alcald\u00eda Mayor de Cartagena tambi\u00e9n hizo realidad Centros de vida renovados y mejorados, en cuatro zonas de la ciudad, para el beneficio de m\u00e1s de 1.000 adultos mayores en Bayunca, El Poz\u00f3n, Chiquinquir\u00e1 e Isla Fuerte.<br \/>\nAdem\u00e1s de los completamente renovados, se hicieron mejoras en los Centros de Vida de La Candelaria, Olaya, sector El Tanc\u00f3n, y Bellavista.<br \/>\nFinalmente, a trav\u00e9s de las estrategias Lactar es amar y Nutriendo Vidas, se realiz\u00f3 fortalecimiento de capacidades para padres, madres y cuidadores en crianza amorosa, fortalecimiento de los v\u00ednculos y promoci\u00f3n de los derechos.<\/p>\n<p><img loading=\"lazy\" decoding=\"async\" class=\"alignnone size-medium wp-image-56692\" src=\"https:\/\/revistazetta.com\/wp-content\/uploads\/2025\/04\/WhatsApp-Image-2025-04-04-at-13.29.00-498x333.jpeg\" alt=\"\" width=\"498\" height=\"333\" srcset=\"https:\/\/revistazetta.com\/wp-content\/uploads\/2025\/04\/WhatsApp-Image-2025-04-04-at-13.29.00-498x333.jpeg 498w, https:\/\/revistazetta.com\/wp-content\/uploads\/2025\/04\/WhatsApp-Image-2025-04-04-at-13.29.00-1024x684.jpeg 1024w, https:\/\/revistazetta.com\/wp-content\/uploads\/2025\/04\/WhatsApp-Image-2025-04-04-at-13.29.00-242x162.jpeg 242w, https:\/\/revistazetta.com\/wp-content\/uploads\/2025\/04\/WhatsApp-Image-2025-04-04-at-13.29.00-1536x1026.jpeg 1536w, https:\/\/revistazetta.com\/wp-content\/uploads\/2025\/04\/WhatsApp-Image-2025-04-04-at-13.29.00.jpeg 1600w\" sizes=\"auto, (max-width: 498px) 100vw, 498px\" \/><\/p>\n<p><strong>Turismo, motor de desarrollo<\/strong><\/p>\n<p>Con la hist\u00f3rica creaci\u00f3n de la Secretar\u00eda de Turismo, que desde entonces ha consolidado un trabajo articulado con la Corporaci\u00f3n Turismo Cartagena de Indias (Corpoturismo), la ciudad se ha fortalecido como destino de clase mundial.<br \/>\nLa ciudad apost\u00f3 por la construcci\u00f3n de megaproyectos como el Gran Malec\u00f3n del Mar y Distrito Creativo, sumado a la promoci\u00f3n y consolidaci\u00f3n de un destino religioso, de bodas y de grandes eventos.<br \/>\nAdicionalmente, la ciudad cuenta con vuelo directo hacia M\u00e9xico y nuevas rutas a destinos de peso global, como Madrid (Espa\u00f1a), entre otros.<\/p>\n<p><img loading=\"lazy\" decoding=\"async\" class=\"alignnone size-medium wp-image-56693\" src=\"https:\/\/revistazetta.com\/wp-content\/uploads\/2025\/04\/WhatsApp-Image-2025-04-04-at-13.29.02-1-500x333.jpeg\" alt=\"\" width=\"500\" height=\"333\" srcset=\"https:\/\/revistazetta.com\/wp-content\/uploads\/2025\/04\/WhatsApp-Image-2025-04-04-at-13.29.02-1-500x333.jpeg 500w, https:\/\/revistazetta.com\/wp-content\/uploads\/2025\/04\/WhatsApp-Image-2025-04-04-at-13.29.02-1-1024x684.jpeg 1024w, https:\/\/revistazetta.com\/wp-content\/uploads\/2025\/04\/WhatsApp-Image-2025-04-04-at-13.29.02-1-243x162.jpeg 243w, https:\/\/revistazetta.com\/wp-content\/uploads\/2025\/04\/WhatsApp-Image-2025-04-04-at-13.29.02-1.jpeg 1280w\" sizes=\"auto, (max-width: 500px) 100vw, 500px\" \/> <img loading=\"lazy\" decoding=\"async\" class=\"alignnone size-medium wp-image-56694\" src=\"https:\/\/revistazetta.com\/wp-content\/uploads\/2025\/04\/WhatsApp-Image-2025-04-04-at-13.29.02-500x333.jpeg\" alt=\"\" width=\"500\" height=\"333\" srcset=\"https:\/\/revistazetta.com\/wp-content\/uploads\/2025\/04\/WhatsApp-Image-2025-04-04-at-13.29.02-500x333.jpeg 500w, https:\/\/revistazetta.com\/wp-content\/uploads\/2025\/04\/WhatsApp-Image-2025-04-04-at-13.29.02-1024x682.jpeg 1024w, https:\/\/revistazetta.com\/wp-content\/uploads\/2025\/04\/WhatsApp-Image-2025-04-04-at-13.29.02-243x162.jpeg 243w, https:\/\/revistazetta.com\/wp-content\/uploads\/2025\/04\/WhatsApp-Image-2025-04-04-at-13.29.02-1536x1023.jpeg 1536w, https:\/\/revistazetta.com\/wp-content\/uploads\/2025\/04\/WhatsApp-Image-2025-04-04-at-13.29.02.jpeg 1600w\" sizes=\"auto, (max-width: 500px) 100vw, 500px\" \/> <img loading=\"lazy\" decoding=\"async\" class=\"alignnone size-medium wp-image-56695\" src=\"https:\/\/revistazetta.com\/wp-content\/uploads\/2025\/04\/WhatsApp-Image-2025-04-04-at-13.29.03-1-500x333.jpeg\" alt=\"\" width=\"500\" height=\"333\" srcset=\"https:\/\/revistazetta.com\/wp-content\/uploads\/2025\/04\/WhatsApp-Image-2025-04-04-at-13.29.03-1-500x333.jpeg 500w, https:\/\/revistazetta.com\/wp-content\/uploads\/2025\/04\/WhatsApp-Image-2025-04-04-at-13.29.03-1-1024x682.jpeg 1024w, https:\/\/revistazetta.com\/wp-content\/uploads\/2025\/04\/WhatsApp-Image-2025-04-04-at-13.29.03-1-243x162.jpeg 243w, https:\/\/revistazetta.com\/wp-content\/uploads\/2025\/04\/WhatsApp-Image-2025-04-04-at-13.29.03-1-1536x1023.jpeg 1536w, https:\/\/revistazetta.com\/wp-content\/uploads\/2025\/04\/WhatsApp-Image-2025-04-04-at-13.29.03-1.jpeg 1600w\" sizes=\"auto, (max-width: 500px) 100vw, 500px\" \/> <img loading=\"lazy\" decoding=\"async\" class=\"alignnone size-medium wp-image-56696\" src=\"https:\/\/revistazetta.com\/wp-content\/uploads\/2025\/04\/WhatsApp-Image-2025-04-04-at-13.29.03-500x333.jpeg\" alt=\"\" width=\"500\" height=\"333\" srcset=\"https:\/\/revistazetta.com\/wp-content\/uploads\/2025\/04\/WhatsApp-Image-2025-04-04-at-13.29.03-500x333.jpeg 500w, https:\/\/revistazetta.com\/wp-content\/uploads\/2025\/04\/WhatsApp-Image-2025-04-04-at-13.29.03-1024x684.jpeg 1024w, https:\/\/revistazetta.com\/wp-content\/uploads\/2025\/04\/WhatsApp-Image-2025-04-04-at-13.29.03-243x162.jpeg 243w, https:\/\/revistazetta.com\/wp-content\/uploads\/2025\/04\/WhatsApp-Image-2025-04-04-at-13.29.03.jpeg 1280w\" sizes=\"auto, (max-width: 500px) 100vw, 500px\" \/><\/p>\n","protected":false},"excerpt":{"rendered":"<p>En medio de la jornada de socializaci\u00f3n de los avances m\u00e1s significativos del primer a\u00f1o del Gobierno distrital, que cont\u00f3 con la participaci\u00f3n activa de dirigentes c\u00edvicos, diversos invitados y la ciudadan\u00eda en general, el alcalde Dumek Turbay Paz se refiri\u00f3 a la transformaci\u00f3n que afronta Cartagena, tras d\u00e9cadas de estancamiento, bajo la premisa de una ciudad que hoy contin\u00faa recuperando su brillo y esplendor. Para consultar en su totalidad el documento t\u00e9cnico de Rendici\u00f3n de Cuentas, que re\u00fane los mayores logros en 2024 del Plan de Desarrollo: Cartagena, ciudad&#8230; <\/p>\n","protected":false},"author":3,"featured_media":56683,"comment_status":"closed","ping_status":"closed","sticky":false,"template":"","format":"standard","meta":{"footnotes":"","_links_to":"","_links_to_target":""},"categories":[85,1450,32],"tags":[111,285,296,74],"class_list":["post-56682","post","type-post","status-publish","format-standard","has-post-thumbnail","hentry","category-cartagena","category-parasladers","category-actualidad-distrito","tag-cartagena","tag-destacada","tag-distrito","tag-dumek-turbay"],"_links":{"self":[{"href":"https:\/\/revistazetta.com\/index.php?rest_route=\/wp\/v2\/posts\/56682","targetHints":{"allow":["GET"]}}],"collection":[{"href":"https:\/\/revistazetta.com\/index.php?rest_route=\/wp\/v2\/posts"}],"about":[{"href":"https:\/\/revistazetta.com\/index.php?rest_route=\/wp\/v2\/types\/post"}],"author":[{"embeddable":true,"href":"https:\/\/revistazetta.com\/index.php?rest_route=\/wp\/v2\/users\/3"}],"replies":[{"embeddable":true,"href":"https:\/\/revistazetta.com\/index.php?rest_route=%2Fwp%2Fv2%2Fcomments&post=56682"}],"version-history":[{"count":0,"href":"https:\/\/revistazetta.com\/index.php?rest_route=\/wp\/v2\/posts\/56682\/revisions"}],"wp:featuredmedia":[{"embeddable":true,"href":"https:\/\/revistazetta.com\/index.php?rest_route=\/wp\/v2\/media\/56683"}],"wp:attachment":[{"href":"https:\/\/revistazetta.com\/index.php?rest_route=%2Fwp%2Fv2%2Fmedia&parent=56682"}],"wp:term":[{"taxonomy":"category","embeddable":true,"href":"https:\/\/revistazetta.com\/index.php?rest_route=%2Fwp%2Fv2%2Fcategories&post=56682"},{"taxonomy":"post_tag","embeddable":true,"href":"https:\/\/revistazetta.com\/index.php?rest_route=%2Fwp%2Fv2%2Ftags&post=56682"}],"curies":[{"name":"wp","href":"https:\/\/api.w.org\/{rel}","templated":true}]}}