{"id":56736,"date":"2025-04-10T09:31:15","date_gmt":"2025-04-10T14:31:15","guid":{"rendered":"https:\/\/revistazetta.com\/?p=56736"},"modified":"2025-04-10T09:31:15","modified_gmt":"2025-04-10T14:31:15","slug":"centros-de-vida-del-distrito-abren-sus-puertas-para-brindar-alimentacion-recreacion-y-un-lugar-seguro-a-personas-mayores","status":"publish","type":"post","link":"https:\/\/revistazetta.com\/?p=56736","title":{"rendered":"Centros de Vida del Distrito abren sus puertas para brindar alimentaci\u00f3n, recreaci\u00f3n y un lugar seguro a personas mayores"},"content":{"rendered":"<p style=\"padding-left: 40px;\"><span style=\"color: #0000ff;\"><em><strong>La Alcald\u00eda Mayor de Cartagena recibe a m\u00e1s de 4 mil adultos mayores en 30 de estos espacios, distribuidos en las 3 localidades de la ciudad.<\/strong><\/em><\/span><\/p>\n<p><strong>Cartagena de Indias, 10 de abril del 2025.-<\/strong> La Alcald\u00eda de Cartagena de Indias abri\u00f3 oficialmente los 30 Centros de Vida del Distrito, espacios en los que m\u00e1s de 4 mil adultos mayores reciben diariamente alimentaci\u00f3n, servicios en salud, recreaci\u00f3n y principalmente amor.<\/p>\n<p>\u201cHoy abrimos oficialmente los Centros de Vida de la ciudad, 30 lugares llenos de amor, cuidado y alegr\u00eda, donde los adultos mayores no solo tendr\u00e1n alimentaci\u00f3n, sino que contar\u00e1n con la atenci\u00f3n, el respeto y el cari\u00f1o que merecen\u201d, dijo Liliana Majana, gestora social.<\/p>\n<p><img loading=\"lazy\" decoding=\"async\" class=\"alignnone size-medium wp-image-56738\" src=\"https:\/\/revistazetta.com\/wp-content\/uploads\/2025\/04\/WhatsApp-Image-2025-04-09-at-13.02.43-1-500x333.jpeg\" alt=\"\" width=\"500\" height=\"333\" srcset=\"https:\/\/revistazetta.com\/wp-content\/uploads\/2025\/04\/WhatsApp-Image-2025-04-09-at-13.02.43-1-500x333.jpeg 500w, https:\/\/revistazetta.com\/wp-content\/uploads\/2025\/04\/WhatsApp-Image-2025-04-09-at-13.02.43-1-1024x683.jpeg 1024w, https:\/\/revistazetta.com\/wp-content\/uploads\/2025\/04\/WhatsApp-Image-2025-04-09-at-13.02.43-1-243x162.jpeg 243w, https:\/\/revistazetta.com\/wp-content\/uploads\/2025\/04\/WhatsApp-Image-2025-04-09-at-13.02.43-1-1536x1024.jpeg 1536w, https:\/\/revistazetta.com\/wp-content\/uploads\/2025\/04\/WhatsApp-Image-2025-04-09-at-13.02.43-1-2048x1365.jpeg 2048w\" sizes=\"auto, (max-width: 500px) 100vw, 500px\" \/><\/p>\n<p>Siguiendo los lineamientos de la pol\u00edtica distrital de envejecimiento, las personas mayores de los diferentes barrios y corregimientos disfrutan en los Centros de Vida de actividades que promueven la sana nutrici\u00f3n, los buenos h\u00e1bitos, la productividad y sobre todo la proactividad, lo que es supremamente importante en esta etapa de sus vidas.<\/p>\n<p>\u00abPrimero darle las gracias a Dios porque ha puesto la inteligencia y la sabidur\u00eda al doctor Dumek para entregarnos este espacio para nosotros los adultos mayores. Estamos agradecidos, somos los m\u00e1s felices porque aqu\u00ed nos dan un buen desayuno, un buen almuerzo y, por supuesto, porque nos atienden muy bien\u201d, asegur\u00f3 Aura Castro, beneficiaria del Centro de Vida de El Poz\u00f3n.<\/p>\n<p>Los 30 Centros de Vida del Distrito prestan sus servicios a las personas mayores de lunes a viernes.<\/p>\n<p><img loading=\"lazy\" decoding=\"async\" class=\"alignnone size-medium wp-image-56739\" src=\"https:\/\/revistazetta.com\/wp-content\/uploads\/2025\/04\/WhatsApp-Image-2025-04-09-at-13.02.43-500x333.jpeg\" alt=\"\" width=\"500\" height=\"333\" srcset=\"https:\/\/revistazetta.com\/wp-content\/uploads\/2025\/04\/WhatsApp-Image-2025-04-09-at-13.02.43-500x333.jpeg 500w, https:\/\/revistazetta.com\/wp-content\/uploads\/2025\/04\/WhatsApp-Image-2025-04-09-at-13.02.43-1024x683.jpeg 1024w, https:\/\/revistazetta.com\/wp-content\/uploads\/2025\/04\/WhatsApp-Image-2025-04-09-at-13.02.43-243x162.jpeg 243w, https:\/\/revistazetta.com\/wp-content\/uploads\/2025\/04\/WhatsApp-Image-2025-04-09-at-13.02.43-1536x1024.jpeg 1536w, https:\/\/revistazetta.com\/wp-content\/uploads\/2025\/04\/WhatsApp-Image-2025-04-09-at-13.02.43-2048x1365.jpeg 2048w\" sizes=\"auto, (max-width: 500px) 100vw, 500px\" \/><\/p>\n<p><strong>Estrenando instalaciones<\/strong><br \/>\nLa apertura de los Centros de Vida ha sido un momento especial para esta poblaci\u00f3n, principalmente, para las personas mayores de comunidades como El Poz\u00f3n, Chiquinquir\u00e1, Bayunca, Isla Fuerte; Olaya, sector El Tanc\u00f3n; Bellavista y La Candelaria, dado que a principios de este 2025, el alcalde de Cartagena, Dumek Turbay Paz, entreg\u00f3 estos espacios renovados y adecuados con todas las condiciones \u00f3ptimas para brindar la mejor de las atenciones a los adultos mayores.<\/p>\n<p>La Alcald\u00eda Mayor de Cartagena anuncia que las buenas noticias contin\u00faan para los adultos mayores: el pr\u00f3ximo 23 de abril se iniciar\u00e1 la entrega de dotaciones alimentarias para m\u00e1s de 5 mil adultos que hacen parte de los 112 Grupos Organizados.<\/p>\n<p><img loading=\"lazy\" decoding=\"async\" class=\"alignnone size-medium wp-image-56741\" src=\"https:\/\/revistazetta.com\/wp-content\/uploads\/2025\/04\/WhatsApp-Image-2025-04-09-at-13.02.45-1-500x279.jpeg\" alt=\"\" width=\"500\" height=\"279\" srcset=\"https:\/\/revistazetta.com\/wp-content\/uploads\/2025\/04\/WhatsApp-Image-2025-04-09-at-13.02.45-1-500x279.jpeg 500w, https:\/\/revistazetta.com\/wp-content\/uploads\/2025\/04\/WhatsApp-Image-2025-04-09-at-13.02.45-1-1024x571.jpeg 1024w, https:\/\/revistazetta.com\/wp-content\/uploads\/2025\/04\/WhatsApp-Image-2025-04-09-at-13.02.45-1-250x139.jpeg 250w, https:\/\/revistazetta.com\/wp-content\/uploads\/2025\/04\/WhatsApp-Image-2025-04-09-at-13.02.45-1.jpeg 1125w\" sizes=\"auto, (max-width: 500px) 100vw, 500px\" \/> <img loading=\"lazy\" decoding=\"async\" class=\"alignnone size-medium wp-image-56742\" src=\"https:\/\/revistazetta.com\/wp-content\/uploads\/2025\/04\/WhatsApp-Image-2025-04-09-at-13.02.45-500x283.jpeg\" alt=\"\" width=\"500\" height=\"283\" srcset=\"https:\/\/revistazetta.com\/wp-content\/uploads\/2025\/04\/WhatsApp-Image-2025-04-09-at-13.02.45-500x283.jpeg 500w, https:\/\/revistazetta.com\/wp-content\/uploads\/2025\/04\/WhatsApp-Image-2025-04-09-at-13.02.45-1024x579.jpeg 1024w, https:\/\/revistazetta.com\/wp-content\/uploads\/2025\/04\/WhatsApp-Image-2025-04-09-at-13.02.45-250x141.jpeg 250w, https:\/\/revistazetta.com\/wp-content\/uploads\/2025\/04\/WhatsApp-Image-2025-04-09-at-13.02.45.jpeg 1125w\" sizes=\"auto, (max-width: 500px) 100vw, 500px\" \/><\/p>\n","protected":false},"excerpt":{"rendered":"<p>La Alcald\u00eda Mayor de Cartagena recibe a m\u00e1s de 4 mil adultos mayores en 30 de estos espacios, distribuidos en las 3 localidades de la ciudad. Cartagena de Indias, 10 de abril del 2025.- La Alcald\u00eda de Cartagena de Indias abri\u00f3 oficialmente los 30 Centros de Vida del Distrito, espacios en los que m\u00e1s de 4 mil adultos mayores reciben diariamente alimentaci\u00f3n, servicios en salud, recreaci\u00f3n y principalmente amor. \u201cHoy abrimos oficialmente los Centros de Vida de la ciudad, 30 lugares llenos de amor, cuidado y alegr\u00eda, donde los adultos&#8230; <\/p>\n","protected":false},"author":3,"featured_media":56743,"comment_status":"closed","ping_status":"closed","sticky":false,"template":"","format":"standard","meta":{"footnotes":"","_links_to":"","_links_to_target":""},"categories":[86,1450,32],"tags":[274,191,297,285,296,1838],"class_list":["post-56736","post","type-post","status-publish","format-standard","has-post-thumbnail","hentry","category-comunidad","category-parasladers","category-actualidad-distrito","tag-alcaldia-de-cartagena","tag-cartagena-de-indias","tag-comunidad","tag-destacada","tag-distrito","tag-liliana-majana"],"_links":{"self":[{"href":"https:\/\/revistazetta.com\/index.php?rest_route=\/wp\/v2\/posts\/56736","targetHints":{"allow":["GET"]}}],"collection":[{"href":"https:\/\/revistazetta.com\/index.php?rest_route=\/wp\/v2\/posts"}],"about":[{"href":"https:\/\/revistazetta.com\/index.php?rest_route=\/wp\/v2\/types\/post"}],"author":[{"embeddable":true,"href":"https:\/\/revistazetta.com\/index.php?rest_route=\/wp\/v2\/users\/3"}],"replies":[{"embeddable":true,"href":"https:\/\/revistazetta.com\/index.php?rest_route=%2Fwp%2Fv2%2Fcomments&post=56736"}],"version-history":[{"count":0,"href":"https:\/\/revistazetta.com\/index.php?rest_route=\/wp\/v2\/posts\/56736\/revisions"}],"wp:featuredmedia":[{"embeddable":true,"href":"https:\/\/revistazetta.com\/index.php?rest_route=\/wp\/v2\/media\/56743"}],"wp:attachment":[{"href":"https:\/\/revistazetta.com\/index.php?rest_route=%2Fwp%2Fv2%2Fmedia&parent=56736"}],"wp:term":[{"taxonomy":"category","embeddable":true,"href":"https:\/\/revistazetta.com\/index.php?rest_route=%2Fwp%2Fv2%2Fcategories&post=56736"},{"taxonomy":"post_tag","embeddable":true,"href":"https:\/\/revistazetta.com\/index.php?rest_route=%2Fwp%2Fv2%2Ftags&post=56736"}],"curies":[{"name":"wp","href":"https:\/\/api.w.org\/{rel}","templated":true}]}}