{"id":56812,"date":"2025-04-23T06:51:19","date_gmt":"2025-04-23T11:51:19","guid":{"rendered":"https:\/\/revistazetta.com\/?p=56812"},"modified":"2025-04-23T06:51:20","modified_gmt":"2025-04-23T11:51:20","slug":"ninez-cartagenera-es-celebrada-con-una-increible-agenda-de-concejalitos-a-travesia-pirata-y-magia-circense","status":"publish","type":"post","link":"https:\/\/revistazetta.com\/?p=56812","title":{"rendered":"Ni\u00f1ez cartagenera es celebrada con una incre\u00edble agenda: De concejalitos a traves\u00eda pirata y magia circense"},"content":{"rendered":"<p style=\"padding-left: 40px;\"><span style=\"color: #0000ff;\"><strong><em>En la celebraci\u00f3n del homenaje a la ni\u00f1ez, la Oficina de Gesti\u00f3n Social, de la mano de la Secretar\u00eda de Desarrollo Social y Corpoturimo, ofreci\u00f3 una nutrida agenda de participaci\u00f3n y l\u00fadica para 120 ni\u00f1os y ni\u00f1as de la ciudad.<\/em><\/strong><\/span><\/p>\n<p><strong>Cartagena de Indias, 23 de abril de 2025.-<\/strong>\u00a0Con gran alegr\u00eda, 120 ni\u00f1os y ni\u00f1as de la ciudad vivieron una maravillosa tarde llena de actividades recargadas de participaci\u00f3n, historia y malabares, en el marco de los Carnavales de Juego, impulsados por la Gestora Social, Liliana Majana, con apoyo de Secretar\u00eda de Desarrollo Social y Corpoturismo.<\/p>\n<p>La jornada se inici\u00f3 en el Concejo Distrital, donde 20 ni\u00f1os y ni\u00f1as tuvieron la oportunidad de ser &#8216;Concejalitos&#8217; por un d\u00eda. Durante este espacio, sus voces fueron escuchadas y lo m\u00e1s importante fue que compartieron sus ideas y perspectivas sobre diversos temas evocando a su Cartagena so\u00f1ada en favor de la ni\u00f1ez.<\/p>\n<p><img loading=\"lazy\" decoding=\"async\" class=\"alignnone size-medium wp-image-56815\" src=\"https:\/\/revistazetta.com\/wp-content\/uploads\/2025\/04\/WhatsApp-Image-2025-04-23-at-05.54.15-500x333.jpeg\" alt=\"\" width=\"500\" height=\"333\" srcset=\"https:\/\/revistazetta.com\/wp-content\/uploads\/2025\/04\/WhatsApp-Image-2025-04-23-at-05.54.15-500x333.jpeg 500w, https:\/\/revistazetta.com\/wp-content\/uploads\/2025\/04\/WhatsApp-Image-2025-04-23-at-05.54.15-1024x683.jpeg 1024w, https:\/\/revistazetta.com\/wp-content\/uploads\/2025\/04\/WhatsApp-Image-2025-04-23-at-05.54.15-243x162.jpeg 243w, https:\/\/revistazetta.com\/wp-content\/uploads\/2025\/04\/WhatsApp-Image-2025-04-23-at-05.54.15-1536x1024.jpeg 1536w, https:\/\/revistazetta.com\/wp-content\/uploads\/2025\/04\/WhatsApp-Image-2025-04-23-at-05.54.15-2048x1365.jpeg 2048w\" sizes=\"auto, (max-width: 500px) 100vw, 500px\" \/><\/p>\n<p>\u00abFue una experiencia incre\u00edble poder expresar nuestras opiniones y sentir que realmente nos tomaron en cuenta. \u00a1Ojal\u00e1 se repita pronto!\u00bb, coment\u00f3 Mat\u00edas Ovideo, uno de los peque\u00f1os participantes.<\/p>\n<p>\u00ab<em>Reconociendo que el juego es un derecho esencial de la ni\u00f1ez y que su participaci\u00f3n activa en la sociedad enriquece su desarrollo y fortalece el tejido social, hoy celebramos c\u00f3mo estos principios se hacen realidad en Cartagena. Desde su rol como &#8216;Concejalitos&#8217;, donde sus voces fueron escuchadas y valoradas, siendo protagonistas de experiencias significativas<\/em>\u00bb , manifest\u00f3 Ana Milena Jim\u00e9nez, Secretaria de Desarrollo Saocial.<\/p>\n<p><img loading=\"lazy\" decoding=\"async\" class=\"alignnone size-medium wp-image-56816\" src=\"https:\/\/revistazetta.com\/wp-content\/uploads\/2025\/04\/WhatsApp-Image-2025-04-23-at-05.54.16-222x333.jpeg\" alt=\"\" width=\"222\" height=\"333\" srcset=\"https:\/\/revistazetta.com\/wp-content\/uploads\/2025\/04\/WhatsApp-Image-2025-04-23-at-05.54.16-222x333.jpeg 222w, https:\/\/revistazetta.com\/wp-content\/uploads\/2025\/04\/WhatsApp-Image-2025-04-23-at-05.54.16-683x1024.jpeg 683w, https:\/\/revistazetta.com\/wp-content\/uploads\/2025\/04\/WhatsApp-Image-2025-04-23-at-05.54.16-108x162.jpeg 108w, https:\/\/revistazetta.com\/wp-content\/uploads\/2025\/04\/WhatsApp-Image-2025-04-23-at-05.54.16-1024x1536.jpeg 1024w, https:\/\/revistazetta.com\/wp-content\/uploads\/2025\/04\/WhatsApp-Image-2025-04-23-at-05.54.16-1365x2048.jpeg 1365w, https:\/\/revistazetta.com\/wp-content\/uploads\/2025\/04\/WhatsApp-Image-2025-04-23-at-05.54.16-scaled.jpeg 1706w\" sizes=\"auto, (max-width: 222px) 100vw, 222px\" \/><\/p>\n<p><strong>Diversi\u00f3n en el barco pirata y el circo<\/strong><br \/>\nLa aventura continu\u00f3 con un emocionante recorrido por la majestuosa bah\u00eda de Cartagena a bordo de un aut\u00e9ntico barco pirata. Cien ni\u00f1os y ni\u00f1as disfrutaron de un hermoso atardecer, mientras escuchaban atentamente las historias de tesoros escondidos y la belleza de nuestro Corralito de Piedra.<\/p>\n<p>La entretenida jornada culmin\u00f3 con una visita al circo, que deslumbr\u00f3 a todos los presentes con una incre\u00edble funci\u00f3n. Malabaristas, payasos y acr\u00f3batas llenaron de magia y asombro los corazones de los peque\u00f1os, creando recuerdos imborrables para ellos.<\/p>\n<p>Liliana Majana, Gestora Social del Distrito, destac\u00f3 la importancia de estas iniciativas para el desarrollo integral de la infancia desde la inspiraci\u00f3n, la protecci\u00f3n y la l\u00fadica. <em>\u00abDesde la Alcald\u00eda de Cartagena nos unimos con alegr\u00eda a los Carnavales del Juego por la Ni\u00f1ez, una celebraci\u00f3n que promueve el aprendizaje y la diversi\u00f3n como derechos esenciales de nuestros ni\u00f1os y ni\u00f1as. En esta ocasi\u00f3n, brindamos a 100 ni\u00f1os y ni\u00f1as de Cartagena la oportunidad de vivir experiencias inolvidables, como zarpar a bordo del barco Phantom y disfrutar de una noche m\u00e1gica de circo. Estas actividades son solo una muestra de la agenda l\u00fadica y recreativa que hemos preparado durante este mes, con el firme compromiso de seguir construyendo una ciudad que protege, inspira y celebra a su ni\u00f1ez\u201d<\/em>, resalt\u00f3 la Gestora Social del Distrito.<\/p>\n<p><img loading=\"lazy\" decoding=\"async\" class=\"alignnone size-medium wp-image-56814\" src=\"https:\/\/revistazetta.com\/wp-content\/uploads\/2025\/04\/WhatsApp-Image-2025-04-23-at-05.54.15-1-500x333.jpeg\" alt=\"\" width=\"500\" height=\"333\" srcset=\"https:\/\/revistazetta.com\/wp-content\/uploads\/2025\/04\/WhatsApp-Image-2025-04-23-at-05.54.15-1-500x333.jpeg 500w, https:\/\/revistazetta.com\/wp-content\/uploads\/2025\/04\/WhatsApp-Image-2025-04-23-at-05.54.15-1-1024x683.jpeg 1024w, https:\/\/revistazetta.com\/wp-content\/uploads\/2025\/04\/WhatsApp-Image-2025-04-23-at-05.54.15-1-243x162.jpeg 243w, https:\/\/revistazetta.com\/wp-content\/uploads\/2025\/04\/WhatsApp-Image-2025-04-23-at-05.54.15-1-1536x1024.jpeg 1536w, https:\/\/revistazetta.com\/wp-content\/uploads\/2025\/04\/WhatsApp-Image-2025-04-23-at-05.54.15-1-2048x1365.jpeg 2048w\" sizes=\"auto, (max-width: 500px) 100vw, 500px\" \/><\/p>\n","protected":false},"excerpt":{"rendered":"<p>En la celebraci\u00f3n del homenaje a la ni\u00f1ez, la Oficina de Gesti\u00f3n Social, de la mano de la Secretar\u00eda de Desarrollo Social y Corpoturimo, ofreci\u00f3 una nutrida agenda de participaci\u00f3n y l\u00fadica para 120 ni\u00f1os y ni\u00f1as de la ciudad. Cartagena de Indias, 23 de abril de 2025.-\u00a0Con gran alegr\u00eda, 120 ni\u00f1os y ni\u00f1as de la ciudad vivieron una maravillosa tarde llena de actividades recargadas de participaci\u00f3n, historia y malabares, en el marco de los Carnavales de Juego, impulsados por la Gestora Social, Liliana Majana, con apoyo de Secretar\u00eda de&#8230; <\/p>\n","protected":false},"author":3,"featured_media":56813,"comment_status":"closed","ping_status":"closed","sticky":false,"template":"","format":"standard","meta":{"footnotes":"","_links_to":"","_links_to_target":""},"categories":[86,1450,32],"tags":[297,285,296],"class_list":["post-56812","post","type-post","status-publish","format-standard","has-post-thumbnail","hentry","category-comunidad","category-parasladers","category-actualidad-distrito","tag-comunidad","tag-destacada","tag-distrito"],"_links":{"self":[{"href":"https:\/\/revistazetta.com\/index.php?rest_route=\/wp\/v2\/posts\/56812","targetHints":{"allow":["GET"]}}],"collection":[{"href":"https:\/\/revistazetta.com\/index.php?rest_route=\/wp\/v2\/posts"}],"about":[{"href":"https:\/\/revistazetta.com\/index.php?rest_route=\/wp\/v2\/types\/post"}],"author":[{"embeddable":true,"href":"https:\/\/revistazetta.com\/index.php?rest_route=\/wp\/v2\/users\/3"}],"replies":[{"embeddable":true,"href":"https:\/\/revistazetta.com\/index.php?rest_route=%2Fwp%2Fv2%2Fcomments&post=56812"}],"version-history":[{"count":0,"href":"https:\/\/revistazetta.com\/index.php?rest_route=\/wp\/v2\/posts\/56812\/revisions"}],"wp:featuredmedia":[{"embeddable":true,"href":"https:\/\/revistazetta.com\/index.php?rest_route=\/wp\/v2\/media\/56813"}],"wp:attachment":[{"href":"https:\/\/revistazetta.com\/index.php?rest_route=%2Fwp%2Fv2%2Fmedia&parent=56812"}],"wp:term":[{"taxonomy":"category","embeddable":true,"href":"https:\/\/revistazetta.com\/index.php?rest_route=%2Fwp%2Fv2%2Fcategories&post=56812"},{"taxonomy":"post_tag","embeddable":true,"href":"https:\/\/revistazetta.com\/index.php?rest_route=%2Fwp%2Fv2%2Ftags&post=56812"}],"curies":[{"name":"wp","href":"https:\/\/api.w.org\/{rel}","templated":true}]}}