{"id":56940,"date":"2025-04-29T10:20:28","date_gmt":"2025-04-29T15:20:28","guid":{"rendered":"https:\/\/revistazetta.com\/?p=56940"},"modified":"2025-04-29T10:20:28","modified_gmt":"2025-04-29T15:20:28","slug":"revocan-premio-en-convocatoria-del-ipcc-no-fue-por-control-politico-sino-por-propios-mecanismos-de-validacion","status":"publish","type":"post","link":"https:\/\/revistazetta.com\/?p=56940","title":{"rendered":"Revocan premio en convocatoria del IPCC: No fue por \u00abcontrol pol\u00edtico\u00bb sino por \u00abpropios mecanismos de validaci\u00f3n\u00bb"},"content":{"rendered":"<p><strong>Cartagena de Indias, 29 de abril de 2025.-<\/strong> El IPCC decidi\u00f3 revocar el premio obtenido por una persona postulada dentro de una convocatoria, al contravenir un requisito, y atribuy\u00f3 esa decisi\u00f3n a \u00absus propios mecanismos de validaci\u00f3n, controles y enmienda\u00bb, desestimando que fuera consecuencia de un \u00abcontrol pol\u00edtico\u00bb.<\/p>\n<p>La entidad emiti\u00f3 un comunicado donde explic\u00f3 la decisi\u00f3n, y all\u00ed mismo \u00abrechaz\u00f3 los cuestionamientos p\u00fablicos y la campa\u00f1a de desprestigio en contra de la entidad y de su directora, Lucy Espinosa D\u00edaz, que algunas personas, incluyendo a un concejal de Cartagena, vienen realizando\u00bb.<\/p>\n<p>Aunque no lo mencionan, el \u00fanico concejal que se ocupado del asunto es el opositor Javier Julio, quien en medios de comunicaci\u00f3n declar\u00f3 que la decisi\u00f3n fue producto de su control pol\u00edtico al denunciar la anomal\u00eda en una sesi\u00f3n del Concejo de Cartagena.<\/p>\n<p>El comunicado del IPCC es el siguiente:<\/p>\n<p><span style=\"color: #0000ff;\"><em><strong>\u201cNo hay corrupci\u00f3n ni amiguismos\u201d: Instituto de Patrimonio y Cultura de Cartagena (IPCC) defiende la transparencia en sus convocatorias p\u00fablicas<\/strong><\/em><\/span><\/p>\n<p><span style=\"color: #0000ff;\"><em>Cartagena de Indias D. T. y C., abril 29 de 2025. El Instituto de Patrimonio y Cultura \u2013IPCC-, rechaz\u00f3 los cuestionamientos p\u00fablicos y la campa\u00f1a de desprestigio en contra de la entidad y de su directora, Lucy Espinosa D\u00edaz, que algunas personas, incluyendo a un concejal de Cartagena, vienen realizando. El Instituto defiende la permanente transparencia y pertinencia de las convocatorias de est\u00edmulos para el fortalecimiento del sector cultural en la Heroica.<\/em><\/span><\/p>\n<p><span style=\"color: #0000ff;\"><em>Con relaci\u00f3n a la convocatoria para el fortalecimiento del sector f\u00edlmico y audiovisual de Cartagena Comisi\u00f3n F\u00edlmica \u2013 FICCI-, que por primera vez se realiza en la ciudad, el ente descentralizado ratific\u00f3 que se est\u00e1n tomando acciones correctivas ante el presunto desconocimiento, por parte de una de las participantes, a una prohibici\u00f3n expresamente consignada en las bases de la referida convocatoria.<\/em><\/span><\/p>\n<p><span style=\"color: #0000ff;\"><em>En este caso, ni en ning\u00fan otro, se puede argumentar \u201ccorrupci\u00f3n\u201d o \u201camiguismo\u201d en la asignaci\u00f3n del est\u00edmulo, debido a que el mismo proceso contempla sus propios mecanismos de validaci\u00f3n, controles y enmiendas, como efectivamente se han implementado desde el mismo momento en que se conoci\u00f3 la situaci\u00f3n, mediante denuncia de un ciudadano y posterior pronunciamiento del Consejo de \u00c1rea de Cine; y no como el resultado de un supuesto ejercicio de control pol\u00edtico.<\/em><\/span><\/p>\n<p><span style=\"color: #0000ff;\"><em>Las bases de las convocatorias de est\u00edmulos est\u00e1n definidas desde hace varios a\u00f1os, contemplando prohibiciones, y por ello se tom\u00f3 la decisi\u00f3n de retirar la condici\u00f3n de ganadora de un est\u00edmulo, el cual no le fue entregado a la participante en cuesti\u00f3n. La ciudadana est\u00e1 en su derecho de acudir a las instancias legales que considere.<\/em><\/span><\/p>\n<p><span style=\"color: #0000ff;\"><em>Todas las convocatorias de esta naturaleza que lideran entidades nacionales, departamentales y municipales contemplan las opciones de enmiendas y ajustes; precisamente por reconocer que los procesos administrativos y las personas que act\u00faan en estos no son infalibles, dejando la opci\u00f3n de correctivos ajustados a la Ley, como ha procedido en el referido caso. Tales correctivos se han realizado recientemente, por ejemplo, en el Ministerio de Cultura, el Fondo \u00danico de Tecnolog\u00edas de la Informaci\u00f3n y de las Comunicaciones, la Gobernaci\u00f3n del Magdalena, y en el municipio de Dos Quebradas, Risaralda, entre otros.<\/em><\/span><\/p>\n<p><span style=\"color: #0000ff;\"><em>En la actual administraci\u00f3n, liderada por el alcalde mayor Dumek Turbay Paz, no solamente se han incrementado las inversiones en las convocatorias y est\u00edmulos a los diferentes sectores del arte y la cultura en la ciudad, sino que tambi\u00e9n se han implementado mayores mecanismos de inclusi\u00f3n, transparencia y democratizaci\u00f3n, como las consultas y di\u00e1logos permanentes con los consejos de \u00e1reas y con el sistema distrital de cultura, construyendo colectivamente con ellos y con la comunidad los t\u00e9rminos de referencia para los diferentes procesos.<\/em><\/span><\/p>\n<p><span style=\"color: #0000ff;\"><em>Adem\u00e1s se cre\u00f3 por primera vez una \u201ccaja digital\u201d para la recepci\u00f3n de observaciones y recomendaciones en el desarrollo de las convocatorias, generando mayor confianza ciudadana en la institucionalidad.<\/em><\/span><\/p>\n<p><span style=\"color: #0000ff;\"><em>El IPCC rechaza en\u00e9rgicamente las imprecisiones, especulaciones y motivaciones pol\u00edticas que han rodeado las recientes denuncias en las que inclusive se han hecho desmedidos se\u00f1alamientos y ataques personales en contra de la directora Lucy Espinosa D\u00edaz, qui\u00e9n no ha intervenido en este proceso, por encontrarse en su leg\u00edtimo per\u00edodo de vacaciones.<\/em><\/span><\/p>\n<p><span style=\"color: #0000ff;\"><em>La entidad conf\u00eda en que las sospechas o evidencias sobre supuestos actos de corrupci\u00f3n sean denunciadas ante los correspondientes organismos de control, y no incurrir en una injustificada lapidaci\u00f3n \u00e9tica y moral de las personas, como p\u00fablicamente lo han hecho algunos.<\/em><\/span><\/p>\n<p><span style=\"color: #0000ff;\"><em>Adicionalmente a estas aclaraciones, que reafirman ante la comunidad los principios de pulcritud, eficiencia y transparencia en cumplimiento de su gesti\u00f3n institucional, el IPCC estudia con su equipo jur\u00eddico acciones legales contra personas determinadas e indeterminadas que, mediante publicaciones an\u00f3nimas y en portales de redes sociales, pero en plataformas digitales conocidas, han incurrido en injurias y calumnias contra la directora del Instituto.<\/em><\/span><\/p>\n<p><span style=\"color: #0000ff;\"><em>Fin del comunicado No. 642<\/em><\/span><\/p>\n","protected":false},"excerpt":{"rendered":"<p>Cartagena de Indias, 29 de abril de 2025.- El IPCC decidi\u00f3 revocar el premio obtenido por una persona postulada dentro de una convocatoria, al contravenir un requisito, y atribuy\u00f3 esa decisi\u00f3n a \u00absus propios mecanismos de validaci\u00f3n, controles y enmienda\u00bb, desestimando que fuera consecuencia de un \u00abcontrol pol\u00edtico\u00bb. La entidad emiti\u00f3 un comunicado donde explic\u00f3 la decisi\u00f3n, y all\u00ed mismo \u00abrechaz\u00f3 los cuestionamientos p\u00fablicos y la campa\u00f1a de desprestigio en contra de la entidad y de su directora, Lucy Espinosa D\u00edaz, que algunas personas, incluyendo a un concejal de Cartagena,&#8230; <\/p>\n","protected":false},"author":3,"featured_media":56941,"comment_status":"closed","ping_status":"closed","sticky":false,"template":"","format":"standard","meta":{"footnotes":"","_links_to":"","_links_to_target":""},"categories":[60,41,1450],"tags":[291,290,285,566],"class_list":["post-56940","post","type-post","status-publish","format-standard","has-post-thumbnail","hentry","category-cine","category-cultura","category-parasladers","tag-cine","tag-cultura","tag-destacada","tag-ipcc"],"_links":{"self":[{"href":"https:\/\/revistazetta.com\/index.php?rest_route=\/wp\/v2\/posts\/56940","targetHints":{"allow":["GET"]}}],"collection":[{"href":"https:\/\/revistazetta.com\/index.php?rest_route=\/wp\/v2\/posts"}],"about":[{"href":"https:\/\/revistazetta.com\/index.php?rest_route=\/wp\/v2\/types\/post"}],"author":[{"embeddable":true,"href":"https:\/\/revistazetta.com\/index.php?rest_route=\/wp\/v2\/users\/3"}],"replies":[{"embeddable":true,"href":"https:\/\/revistazetta.com\/index.php?rest_route=%2Fwp%2Fv2%2Fcomments&post=56940"}],"version-history":[{"count":0,"href":"https:\/\/revistazetta.com\/index.php?rest_route=\/wp\/v2\/posts\/56940\/revisions"}],"wp:featuredmedia":[{"embeddable":true,"href":"https:\/\/revistazetta.com\/index.php?rest_route=\/wp\/v2\/media\/56941"}],"wp:attachment":[{"href":"https:\/\/revistazetta.com\/index.php?rest_route=%2Fwp%2Fv2%2Fmedia&parent=56940"}],"wp:term":[{"taxonomy":"category","embeddable":true,"href":"https:\/\/revistazetta.com\/index.php?rest_route=%2Fwp%2Fv2%2Fcategories&post=56940"},{"taxonomy":"post_tag","embeddable":true,"href":"https:\/\/revistazetta.com\/index.php?rest_route=%2Fwp%2Fv2%2Ftags&post=56940"}],"curies":[{"name":"wp","href":"https:\/\/api.w.org\/{rel}","templated":true}]}}