{"id":56971,"date":"2025-05-02T15:18:30","date_gmt":"2025-05-02T20:18:30","guid":{"rendered":"https:\/\/revistazetta.com\/?p=56971"},"modified":"2025-05-02T15:18:30","modified_gmt":"2025-05-02T20:18:30","slug":"umayor-afianza-intercambios-academicos-en-espana","status":"publish","type":"post","link":"https:\/\/revistazetta.com\/?p=56971","title":{"rendered":"Umayor afianza intercambios acad\u00e9micos en Espa\u00f1a"},"content":{"rendered":"<p><strong>Cartagena de Indias, 2 de mayo de 2025.-\u00a0<\/strong>El rector de Umayor, Juan Alberto Arraut Camargo, y la directora de Calidad Acad\u00e9mica, Mayler Pamela Morales Guardo, visitaron a la alcaldesa de Las Palmas de Gran Canaria, Carolina Darias, en las Casas Consistoriales de Santa Ana.<\/p>\n<p><img loading=\"lazy\" decoding=\"async\" class=\"alignnone size-medium wp-image-56975\" src=\"https:\/\/revistazetta.com\/wp-content\/uploads\/2025\/05\/WhatsApp-Image-2025-05-02-at-14.36.29-500x333.jpeg\" alt=\"\" width=\"500\" height=\"333\" srcset=\"https:\/\/revistazetta.com\/wp-content\/uploads\/2025\/05\/WhatsApp-Image-2025-05-02-at-14.36.29-500x333.jpeg 500w, https:\/\/revistazetta.com\/wp-content\/uploads\/2025\/05\/WhatsApp-Image-2025-05-02-at-14.36.29-1024x683.jpeg 1024w, https:\/\/revistazetta.com\/wp-content\/uploads\/2025\/05\/WhatsApp-Image-2025-05-02-at-14.36.29-243x162.jpeg 243w, https:\/\/revistazetta.com\/wp-content\/uploads\/2025\/05\/WhatsApp-Image-2025-05-02-at-14.36.29-1536x1024.jpeg 1536w, https:\/\/revistazetta.com\/wp-content\/uploads\/2025\/05\/WhatsApp-Image-2025-05-02-at-14.36.29-2048x1365.jpeg 2048w\" sizes=\"auto, (max-width: 500px) 100vw, 500px\" \/><\/p>\n<p>Durante el encuentro, Darias mostr\u00f3 a la delegaci\u00f3n cartagenera las dependencias del hist\u00f3rico edificio del barrio de Vegueta, que acoge un destacado patrimonio cultural, entre ellos, el Sal\u00f3n Dorado, donde se celebran los Plenos de Las Palmas de Gran Canaria, adem\u00e1s de realizar un intercambio de detalles institucionales.<\/p>\n<p><img loading=\"lazy\" decoding=\"async\" class=\"alignnone size-medium wp-image-56974\" src=\"https:\/\/revistazetta.com\/wp-content\/uploads\/2025\/05\/WhatsApp-Image-2025-05-02-at-14.36.29-2-500x333.jpeg\" alt=\"\" width=\"500\" height=\"333\" srcset=\"https:\/\/revistazetta.com\/wp-content\/uploads\/2025\/05\/WhatsApp-Image-2025-05-02-at-14.36.29-2-500x333.jpeg 500w, https:\/\/revistazetta.com\/wp-content\/uploads\/2025\/05\/WhatsApp-Image-2025-05-02-at-14.36.29-2-1024x683.jpeg 1024w, https:\/\/revistazetta.com\/wp-content\/uploads\/2025\/05\/WhatsApp-Image-2025-05-02-at-14.36.29-2-243x162.jpeg 243w, https:\/\/revistazetta.com\/wp-content\/uploads\/2025\/05\/WhatsApp-Image-2025-05-02-at-14.36.29-2-1536x1024.jpeg 1536w, https:\/\/revistazetta.com\/wp-content\/uploads\/2025\/05\/WhatsApp-Image-2025-05-02-at-14.36.29-2-2048x1365.jpeg 2048w\" sizes=\"auto, (max-width: 500px) 100vw, 500px\" \/><\/p>\n<p>Este encuentro refuerza los lazos de cooperaci\u00f3n entre las dos instituciones y destaca el compromiso con el intercambio acad\u00e9mico y cultural.<\/p>\n<p><img loading=\"lazy\" decoding=\"async\" class=\"alignnone size-medium wp-image-56973\" src=\"https:\/\/revistazetta.com\/wp-content\/uploads\/2025\/05\/WhatsApp-Image-2025-05-02-at-14.36.29-1-500x333.jpeg\" alt=\"\" width=\"500\" height=\"333\" srcset=\"https:\/\/revistazetta.com\/wp-content\/uploads\/2025\/05\/WhatsApp-Image-2025-05-02-at-14.36.29-1-500x333.jpeg 500w, https:\/\/revistazetta.com\/wp-content\/uploads\/2025\/05\/WhatsApp-Image-2025-05-02-at-14.36.29-1-1024x683.jpeg 1024w, https:\/\/revistazetta.com\/wp-content\/uploads\/2025\/05\/WhatsApp-Image-2025-05-02-at-14.36.29-1-243x162.jpeg 243w, https:\/\/revistazetta.com\/wp-content\/uploads\/2025\/05\/WhatsApp-Image-2025-05-02-at-14.36.29-1-1536x1024.jpeg 1536w, https:\/\/revistazetta.com\/wp-content\/uploads\/2025\/05\/WhatsApp-Image-2025-05-02-at-14.36.29-1-2048x1365.jpeg 2048w\" sizes=\"auto, (max-width: 500px) 100vw, 500px\" \/><\/p>\n","protected":false},"excerpt":{"rendered":"<p>Cartagena de Indias, 2 de mayo de 2025.-\u00a0El rector de Umayor, Juan Alberto Arraut Camargo, y la directora de Calidad Acad\u00e9mica, Mayler Pamela Morales Guardo, visitaron a la alcaldesa de Las Palmas de Gran Canaria, Carolina Darias, en las Casas Consistoriales de Santa Ana. Durante el encuentro, Darias mostr\u00f3 a la delegaci\u00f3n cartagenera las dependencias del hist\u00f3rico edificio del barrio de Vegueta, que acoge un destacado patrimonio cultural, entre ellos, el Sal\u00f3n Dorado, donde se celebran los Plenos de Las Palmas de Gran Canaria, adem\u00e1s de realizar un intercambio de&#8230; <\/p>\n","protected":false},"author":3,"featured_media":56972,"comment_status":"closed","ping_status":"closed","sticky":false,"template":"","format":"standard","meta":{"footnotes":"","_links_to":"","_links_to_target":""},"categories":[3,1450,51],"tags":[292,285,2410,776,293],"class_list":["post-56971","post","type-post","status-publish","format-standard","has-post-thumbnail","hentry","category-ciudad","category-parasladers","category-universidad","tag-ciudad","tag-destacada","tag-juan-arraut","tag-umayor","tag-universidad"],"_links":{"self":[{"href":"https:\/\/revistazetta.com\/index.php?rest_route=\/wp\/v2\/posts\/56971","targetHints":{"allow":["GET"]}}],"collection":[{"href":"https:\/\/revistazetta.com\/index.php?rest_route=\/wp\/v2\/posts"}],"about":[{"href":"https:\/\/revistazetta.com\/index.php?rest_route=\/wp\/v2\/types\/post"}],"author":[{"embeddable":true,"href":"https:\/\/revistazetta.com\/index.php?rest_route=\/wp\/v2\/users\/3"}],"replies":[{"embeddable":true,"href":"https:\/\/revistazetta.com\/index.php?rest_route=%2Fwp%2Fv2%2Fcomments&post=56971"}],"version-history":[{"count":0,"href":"https:\/\/revistazetta.com\/index.php?rest_route=\/wp\/v2\/posts\/56971\/revisions"}],"wp:featuredmedia":[{"embeddable":true,"href":"https:\/\/revistazetta.com\/index.php?rest_route=\/wp\/v2\/media\/56972"}],"wp:attachment":[{"href":"https:\/\/revistazetta.com\/index.php?rest_route=%2Fwp%2Fv2%2Fmedia&parent=56971"}],"wp:term":[{"taxonomy":"category","embeddable":true,"href":"https:\/\/revistazetta.com\/index.php?rest_route=%2Fwp%2Fv2%2Fcategories&post=56971"},{"taxonomy":"post_tag","embeddable":true,"href":"https:\/\/revistazetta.com\/index.php?rest_route=%2Fwp%2Fv2%2Ftags&post=56971"}],"curies":[{"name":"wp","href":"https:\/\/api.w.org\/{rel}","templated":true}]}}