{"id":56978,"date":"2025-05-02T15:51:48","date_gmt":"2025-05-02T20:51:48","guid":{"rendered":"https:\/\/revistazetta.com\/?p=56978"},"modified":"2025-05-02T15:55:14","modified_gmt":"2025-05-02T20:55:14","slug":"empleo-en-cartagena-seguimos-peleando-con-la-informalidad-o-decidimos-aceptarla-opinion-de-alvaro-gonzalez-fortich","status":"publish","type":"post","link":"https:\/\/revistazetta.com\/?p=56978","title":{"rendered":"Empleo en Cartagena: \u00bfSeguimos peleando con la informalidad o decidimos aceptarla? &#8211; Opini\u00f3n de \u00c1lvaro Gonz\u00e1lez Fortich"},"content":{"rendered":"<p><strong>Por \u00c1lvaro Gonz\u00e1lez Fortich (Especial para Revista Zetta).- Cartagena de Indias, 2 de mayo de 2025.-<\/strong> A prop\u00f3sito del d\u00eda del trabajo, las estad\u00edsticas anuncian que el desempleo en Cartagena est\u00e1 en el 11.9% y que probablemente estar\u00e1 llegando a cifras de un digito. La interpretaci\u00f3n r\u00e1pida de la cifra es que solo 12 de cada 100 est\u00e1n desempleados, entonces nos alegramos y celebramos. Sin embargo, la realidad es otra, en Cartagena prima la informalidad.<\/p>\n<p>Hablar de empleo es entrar en un laberinto estad\u00edstico donde lo que parece mejorar, puede ocultar una realidad a\u00fan m\u00e1s dura. Seg\u00fan el DANE, la informalidad laboral en la ciudad baj\u00f3 al 51%, por debajo del promedio nacional del 55,5%. Podr\u00eda sonar como una buena noticia, si no fuera porque, al mismo tiempo, la tasa de ocupaci\u00f3n ha disminuido y la inactividad ha crecido desde 2019.<span class=\"Apple-converted-space\">\u00a0<\/span><\/p>\n<p>\u00bfEstamos realmente formalizando el empleo o, simplemente, la gente ha dejado de trabajar?<\/p>\n<p>M\u00e1s de 48 mil j\u00f3venes cartageneros no estudian ni trabajan, y el 68,4% de ellos son mujeres. En total, 2 de cada 10 j\u00f3venes est\u00e1n desconectados del sistema educativo y productivo, y casi la misma cantidad trabaja en la informalidad. La ciudad cuenta con m\u00e1s de 36.000 empresas activas, pero el 90% son microempresas, que dif\u00edcilmente asumir\u00e1n a los miles de j\u00f3venes que todos los a\u00f1os se grad\u00faan.<\/p>\n<p>Desde hace ya 50 a\u00f1os, el autor David S\u00e1nchez Juliao expresaba de manera jocosa: \u201cS\u00ed, porque yo no s\u00e9 en este pa\u00eds c\u00f3mo un carajo de carpintero, latonero, alba\u00f1il, jarriador de agua, embolador, vendedor de Marlboro, minorista e\u2019 Kent, carretillero, jarriabulto, portero&#8217;e cabar\u00e9, picotero, cabr\u00f3n de puta vieja, ayudante e\u2019 bus, fabricador de jaula, vendedor de raspao, chasero, escritor (no se empute, viejo Deivi, no se empute, for please), administrador de un ag\u00e1chate, mandadero, vendedor de man\u00ed, acordionero, serenatero, fot\u00f3grafo e\u2019 bautismo, sacrist\u00e1n, voceador de peri\u00f3dico, vendedor de tinto, llantero, mec\u00e1nico o empalmador, pueden vivir.\u201d<\/p>\n<p>La informalidad no se erradica con decretos, sino con estrategias que reconozcan su complejidad. Varios pa\u00edses han demostrado que es posible dignificar la informalidad.<\/p>\n<p>Ya es hora de que trabajemos en dos direcciones, por su puesto una de ellas es seguir teniendo como ciudad las condiciones habilitantes para que m\u00e1s y mejores empresas se ubiquen o reubiquen en la ciudad y ofrezcan un empleo formal de calidad.<\/p>\n<p>Pero \u00bfQu\u00e9 hacer con la informalidad?<\/p>\n<p>En Cartagena, miles de personas (la mayor\u00eda) encuentran su sustento en la informalidad: vendedores ambulantes, gu\u00edas sin licencia, masajistas, m\u00fasicos callejeros, cocineras populares etc&#8230; Su trabajo es parte del alma de la ciudad, pero tambi\u00e9n es precario. Por eso, proponemos que se ensayen nuevos sistemas simples, flexibles y econ\u00f3micos, que ya se han probado en otros pa\u00edses y que quiz\u00e1s con el concurso de varias fuentes permitan dignificar la informalidad.<\/p>\n<p>Sin duda un esquema de corresponsabilidades en donde cada trabajador contribuya, pero que a trav\u00e9s de sistemas cruzados (diferentes fuentes de financiaci\u00f3n) que puedan contribuir a que miles de personas empiecen a cotizar, tengan acceso a salud y proyecten un retiro digno. Adem\u00e1s, genera beneficios para todos: orden urbano, mejor experiencia tur\u00edstica y una ciudad m\u00e1s justa.<\/p>\n<p>Necesitamos una formalizaci\u00f3n gradual, flexible y adaptada, que reconozca el aporte de quienes han mantenido la econom\u00eda viva desde la calle. Porque m\u00e1s all\u00e1 de las cifras, la formalidad debe ser sin\u00f3nimo de dignidad, no de privilegio.<\/p>\n","protected":false},"excerpt":{"rendered":"<p>Por \u00c1lvaro Gonz\u00e1lez Fortich (Especial para Revista Zetta).- Cartagena de Indias, 2 de mayo de 2025.- A prop\u00f3sito del d\u00eda del trabajo, las estad\u00edsticas anuncian que el desempleo en Cartagena est\u00e1 en el 11.9% y que probablemente estar\u00e1 llegando a cifras de un digito. La interpretaci\u00f3n r\u00e1pida de la cifra es que solo 12 de cada 100 est\u00e1n desempleados, entonces nos alegramos y celebramos. Sin embargo, la realidad es otra, en Cartagena prima la informalidad. Hablar de empleo es entrar en un laberinto estad\u00edstico donde lo que parece mejorar, puede&#8230; <\/p>\n","protected":false},"author":3,"featured_media":56979,"comment_status":"closed","ping_status":"closed","sticky":false,"template":"","format":"standard","meta":{"footnotes":"","_links_to":"","_links_to_target":""},"categories":[1450,44,65],"tags":[2377,285,2411,288,289],"class_list":["post-56978","post","type-post","status-publish","format-standard","has-post-thumbnail","hentry","category-parasladers","category-materiagris","category-opinion","tag-alvaro-gonzalez-fortich","tag-destacada","tag-empleo","tag-materia-gris","tag-opinion"],"_links":{"self":[{"href":"https:\/\/revistazetta.com\/index.php?rest_route=\/wp\/v2\/posts\/56978","targetHints":{"allow":["GET"]}}],"collection":[{"href":"https:\/\/revistazetta.com\/index.php?rest_route=\/wp\/v2\/posts"}],"about":[{"href":"https:\/\/revistazetta.com\/index.php?rest_route=\/wp\/v2\/types\/post"}],"author":[{"embeddable":true,"href":"https:\/\/revistazetta.com\/index.php?rest_route=\/wp\/v2\/users\/3"}],"replies":[{"embeddable":true,"href":"https:\/\/revistazetta.com\/index.php?rest_route=%2Fwp%2Fv2%2Fcomments&post=56978"}],"version-history":[{"count":0,"href":"https:\/\/revistazetta.com\/index.php?rest_route=\/wp\/v2\/posts\/56978\/revisions"}],"wp:featuredmedia":[{"embeddable":true,"href":"https:\/\/revistazetta.com\/index.php?rest_route=\/wp\/v2\/media\/56979"}],"wp:attachment":[{"href":"https:\/\/revistazetta.com\/index.php?rest_route=%2Fwp%2Fv2%2Fmedia&parent=56978"}],"wp:term":[{"taxonomy":"category","embeddable":true,"href":"https:\/\/revistazetta.com\/index.php?rest_route=%2Fwp%2Fv2%2Fcategories&post=56978"},{"taxonomy":"post_tag","embeddable":true,"href":"https:\/\/revistazetta.com\/index.php?rest_route=%2Fwp%2Fv2%2Ftags&post=56978"}],"curies":[{"name":"wp","href":"https:\/\/api.w.org\/{rel}","templated":true}]}}