{"id":57025,"date":"2025-05-07T07:05:02","date_gmt":"2025-05-07T12:05:02","guid":{"rendered":"https:\/\/revistazetta.com\/?p=57025"},"modified":"2025-05-07T07:05:28","modified_gmt":"2025-05-07T12:05:28","slug":"consulta-petrista-se-enfrenta-al-naufragio-votacion-sera-a-mas-tardar-el-14-de-mayo-en-el-senado","status":"publish","type":"post","link":"https:\/\/revistazetta.com\/?p=57025","title":{"rendered":"Consulta petrista se enfrenta al naufragio: votaci\u00f3n ser\u00e1 a m\u00e1s tardar el 14 de mayo en el Senado"},"content":{"rendered":"<p><strong>Bogot\u00e1, 7 de mayo de 2025.-<\/strong> El Senado de la Rep\u00fablica votar\u00e1 el 14 de mayo si aprueba o rechaza la pretendida consulta popular del actual gobierno.<\/p>\n<div class=\"max-w-screen-md prose prose-lg mx-auto mb-5\">\n<p data-type=\"text\">Los partidos de oposici\u00f3n al presidente Gustavo Petro no se quedar\u00e1n quietos frente a la consulta popular que promueve el Jefe de Estado y que empezar\u00e1 a discutirse desde la pr\u00f3xima semana, y este mi\u00e9rcoles 7 de mayo se reunir\u00e1n los directivos de los partidos Cambio Radical, el Centro Democr\u00e1tico y el Partido Conservador para trazar una hoja de ruta que les permita ponerle un freno de mano a la consulta popular que est\u00e1 tomando fuerza en el Congreso.<\/p>\n<\/div>\n<p><span lang=\"ES-TRAD\" xml:lang=\"ES-TRAD\">En el Congreso de la Rep\u00fablica se analizan varias alternativas que permitan destrabar las discusiones relacionadas con los derechos laborales que anuncian los congresistas y que el Gobierno nacional ha presentado en una propuesta de consulta popular contenida en 12 preguntas. <\/span><span lang=\"ES-TRAD\" xml:lang=\"ES-TRAD\">Como se sabe, la iniciativa se dio a conocer tras el hundimiento de la reforma laboral el pasado mes de abril en la Comisi\u00f3n S\u00e9ptima del Senado.<\/span><\/p>\n<p><span lang=\"ES-TRAD\" xml:lang=\"ES-TRAD\">Efra\u00edn Cepeda, presidente del Senado y senador del Partido Conservador, explic\u00f3 las condiciones sobre las cuales la C\u00e1mara Alta va a discutir y a votar la consulta presentada por el Gobierno. \u201cEl se\u00f1or ministro del Interior, Armando Benedetti, me ha venido pidiendo esta cita desde hace varios d\u00edas. La hab\u00eda venido aplazando, pero, en aras de la colaboraci\u00f3n arm\u00f3nica de los poderes p\u00fablicos, hoy lo he recibido, como tambi\u00e9n recib\u00ed hoy al presidente del Consejo Superior de la Judicatura, Jorge Vallejo, y al se\u00f1or presidente de la Corte Suprema de Justicia, Octavio Augusto Tejeiro. B\u00e1sicamente, el ministro estaba inquieto con el cronograma que ten\u00eda la mesa directiva de la Consulta Popular. Se lo expres\u00e9 as\u00ed como lo he expresado a los medios de comunicaci\u00f3n. \u00c9l quer\u00eda un poco m\u00e1s de tiempo, pero le expliqu\u00e9 que casi todas las bancadas ten\u00edan decisi\u00f3n\u201d.<\/span><\/p>\n","protected":false},"excerpt":{"rendered":"<p>Bogot\u00e1, 7 de mayo de 2025.- El Senado de la Rep\u00fablica votar\u00e1 el 14 de mayo si aprueba o rechaza la pretendida consulta popular del actual gobierno. Los partidos de oposici\u00f3n al presidente Gustavo Petro no se quedar\u00e1n quietos frente a la consulta popular que promueve el Jefe de Estado y que empezar\u00e1 a discutirse desde la pr\u00f3xima semana, y este mi\u00e9rcoles 7 de mayo se reunir\u00e1n los directivos de los partidos Cambio Radical, el Centro Democr\u00e1tico y el Partido Conservador para trazar una hoja de ruta que les permita&#8230; <\/p>\n","protected":false},"author":3,"featured_media":57026,"comment_status":"closed","ping_status":"closed","sticky":false,"template":"","format":"standard","meta":{"footnotes":"","_links_to":"","_links_to_target":""},"categories":[1450,26,4],"tags":[285,350,298],"class_list":["post-57025","post","type-post","status-publish","format-standard","has-post-thumbnail","hentry","category-parasladers","category-politica-noticias","category-politica","tag-destacada","tag-noticias","tag-politica"],"_links":{"self":[{"href":"https:\/\/revistazetta.com\/index.php?rest_route=\/wp\/v2\/posts\/57025","targetHints":{"allow":["GET"]}}],"collection":[{"href":"https:\/\/revistazetta.com\/index.php?rest_route=\/wp\/v2\/posts"}],"about":[{"href":"https:\/\/revistazetta.com\/index.php?rest_route=\/wp\/v2\/types\/post"}],"author":[{"embeddable":true,"href":"https:\/\/revistazetta.com\/index.php?rest_route=\/wp\/v2\/users\/3"}],"replies":[{"embeddable":true,"href":"https:\/\/revistazetta.com\/index.php?rest_route=%2Fwp%2Fv2%2Fcomments&post=57025"}],"version-history":[{"count":0,"href":"https:\/\/revistazetta.com\/index.php?rest_route=\/wp\/v2\/posts\/57025\/revisions"}],"wp:featuredmedia":[{"embeddable":true,"href":"https:\/\/revistazetta.com\/index.php?rest_route=\/wp\/v2\/media\/57026"}],"wp:attachment":[{"href":"https:\/\/revistazetta.com\/index.php?rest_route=%2Fwp%2Fv2%2Fmedia&parent=57025"}],"wp:term":[{"taxonomy":"category","embeddable":true,"href":"https:\/\/revistazetta.com\/index.php?rest_route=%2Fwp%2Fv2%2Fcategories&post=57025"},{"taxonomy":"post_tag","embeddable":true,"href":"https:\/\/revistazetta.com\/index.php?rest_route=%2Fwp%2Fv2%2Ftags&post=57025"}],"curies":[{"name":"wp","href":"https:\/\/api.w.org\/{rel}","templated":true}]}}