{"id":57118,"date":"2025-05-17T10:32:06","date_gmt":"2025-05-17T15:32:06","guid":{"rendered":"https:\/\/revistazetta.com\/?p=57118"},"modified":"2025-05-17T10:32:06","modified_gmt":"2025-05-17T15:32:06","slug":"cartagena-de-indias-celebra-492-anos-con-arte-orgullo-y-tradicion","status":"publish","type":"post","link":"https:\/\/revistazetta.com\/?p=57118","title":{"rendered":"Cartagena de Indias celebra 492 a\u00f1os con arte, orgullo y tradici\u00f3n"},"content":{"rendered":"<p style=\"padding-left: 40px;\"><span style=\"color: #0000ff;\"><strong>La ciudad vive una fiesta de identidad con una nutrida agenda que une a todos.<\/strong><\/span><\/p>\n<p><strong>Cartagena de Indias, 17 de mayo de 2025.-<\/strong> Cartagena de Indias cumple 492 a\u00f1os, y lo celebrar\u00e1 con arte, m\u00fasica, historia y sobre todo, con el coraz\u00f3n lleno de orgullo. Bajo el lema \u201c492 artistas celebran los 492 a\u00f1os de Cartagena\u201d, la Alcald\u00eda Mayor de Cartagena, ha dise\u00f1ado una agenda que se desarrollar\u00e1 desde el 16 de mayo y durante todo el mes de junio, llevando a todos los barrios y corregimientos del Distrito una vibrante muestra del talento local y del amor profundo hacia la ciudad.<\/p>\n<p>Esta programaci\u00f3n especial exalta la cartageneidad, el ecosistema art\u00edstico y cultural y la identidad de un pueblo resiliente. Diferentes entidades del Distrito, lideras por el IPCC, Corpoturismo y Escuela de Gobierno, con el apoyo de Secretar\u00eda de Educaci\u00f3n, Secretar\u00eda de Turismo, IDER, Escuela Taller y Espacio P\u00fablico est\u00e1n articulando esfuerzos para el desarrollo de actividades culturales, formativas y festivas que conecten a los cartageneros con su identidad y con la historia viva de la ciudad.<\/p>\n<p>\u201cLa cartageneidad es nuestra esencia, es lo que nos define como ciudadanos de una ciudad \u00fanica en el mundo. Este cumplea\u00f1os 492 es una oportunidad para reencontrarnos con nuestra historia, nuestras ra\u00edces y nuestros grandes referentes culturales. Cartagena est\u00e1 de fiesta y queremos que cada rinc\u00f3n celebre con alegr\u00eda y sentido de pertenencia\u201d, expres\u00f3 el alcalde mayor de Cartagena, Dumek Turbay Paz, quien desde ya extiende la invitaci\u00f3n a toda la ciudadan\u00eda a izar con orgullo la cuadrilonga como s\u00edmbolo de identidad y compromiso con la ciudad.<\/p>\n<p>Entre las actividades destacadas de la agenda se encuentran el lanzamiento del Sal\u00f3n de Arte Novembrino, una vitrina para los artistas visuales y pl\u00e1sticos locales; los concursos \u201cViviendo la Cartageneidad\u201d para Instituciones Educativas y \u201cMi Barrio es mi Orgullo\u201d, que resalta el talento y la identidad cultural de las comunidades. As\u00ed mismo, la Feria Gastron\u00f3mica y artesanal \u201cEspacio para todos\u201d, el 16 y 17 de mayo.<\/p>\n<p>Por primera vez en la historia del Reinado Popular de las Fiestas de Independencia del 11 de Noviembre de Cartagena, el 1 de junio se impondr\u00e1n las bandas a las candidatas seleccionadas para representar a sus comunidades como lideresas comunitarias, promotoras de la cultura y las festividades de la independencia.<\/p>\n<p>\u201cEste aniversario n\u00famero 492 es m\u00e1s que una fecha hist\u00f3rica: es una oportunidad para fortalecer los lazos con nuestras ra\u00edces, para visibilizar a nuestros artistas, cultores y liderazgos comunitarios, y para seguir construyendo una Cartagena m\u00e1s incluyente, diversa y orgullosa de su identidad. Queremos que cada actividad sea un homenaje al talento, la resistencia y la alegr\u00eda que caracteriza a nuestra gente\u201d, afirm\u00f3 Lucy Espinosa D\u00edaz, directora del IPCC.<\/p>\n<p>Se destaca adem\u00e1s, la realizaci\u00f3n del I Encuentro Nacional de Acuarelistas de Colombia, organizado por International Watercolor Society \u2013 Iws Colombia, del 28 de mayo al 2 de junio; que reunir\u00e1 a maestros de artes pl\u00e1sticas del pa\u00eds e invitados internacionales. Esta ser\u00e1 una oportunidad de intercambios art\u00edsticos y encuentros intergeneracionales en torno al arte.<\/p>\n<p>Desde ya la Alcald\u00eda Mayor invita a los cartageneros y cartageneras a ser parte activa de esta conmemoraci\u00f3n, sum\u00e1ndose con alegr\u00eda y orgullo a la programaci\u00f3n.<\/p>\n<p><strong>Agenda completa<\/strong><br \/>\n<strong>16 y 17 de mayo<\/strong><br \/>\nFeria Gastron\u00f3mica y Artesanal \u201cEspacio para todos\u201d<br \/>\nPlaza de los Coches<br \/>\n10:00 a.m. \u2013 9:00 p.m.<\/p>\n<p><strong>18 de mayo<\/strong><br \/>\nD\u00eda Internacional de los Museos<br \/>\n10:00 a.m. a 4:00 p.m.<\/p>\n<p><strong>18 de mayo<\/strong><br \/>\nPartido Real Cartagena<br \/>\nEstadio de F\u00fatbol Jaime Mor\u00f3n<br \/>\n4:00 p.m.<\/p>\n<p><strong>18 de mayo al 30 de junio<\/strong><br \/>\nMuestra de identidad cartagenera en espacios hoteleros y comerciales<br \/>\nHoteles y centros comerciales de la ciudad<\/p>\n<p><strong>23 de mayo<\/strong><br \/>\nPrimera Mesa de la Cartageneidad<br \/>\n8:00 a.m. \u2013 11:00 a.m.<\/p>\n<p><strong>23 de mayo<\/strong><br \/>\nJornada atenci\u00f3n integral con trabajadores de econom\u00eda popular \u2013 Playa<br \/>\n8:00 a.m.<br \/>\nKiosko El Bonny<\/p>\n<p><strong>28 de mayo<\/strong><br \/>\nConversatorio \u201cEntre di\u00e1logos del espacio p\u00fablico\u201d<br \/>\n8:00 a.m. \u2013 11:00 a.m.<br \/>\nPalacio de la Proclamaci\u00f3n<\/p>\n<p><strong>28 de mayo al 2 de junio<\/strong><br \/>\nPrimer Encuentro Nacional de Acuarelistas de Colombia \u201cCartagena, una acuarela\u201d<br \/>\nPlazas del Centro Hist\u00f3rico.<\/p>\n<p><strong>30 de mayo<\/strong><br \/>\n-\u201cCartagena celebrando sus 492 a\u00f1os, academia y cultura\u201d &#8211; Red de Bibliotecas, localidad 1<br \/>\n9:00 a.m. \u2013 1:00 p.m.<br \/>\n-\u201cMi Corralito en una red\u201d- Red de Bibliotecas, localidad 2<br \/>\n9:00 a.m. \u2013 12:00 m.<br \/>\n-\u201cRutas y relatos de Cartagena\u201d &#8211; Red de bibliotecas, localidad 3<br \/>\n8:00 a.m. \u2013 12:00 m.<\/p>\n<p><strong>1 de junio<\/strong><br \/>\nIzada de bandera<br \/>\nActivaci\u00f3n en el Muelle de la Bodeguita<br \/>\n7:00 a.m. \u2013 9:00 a.m.<\/p>\n<p><strong>2 y 16 de junio<\/strong><br \/>\nActivaci\u00f3n en el Aeropuerto Rafael N\u00fa\u00f1ez<br \/>\n8:00 a.m. \u2013 11:00 a.m.<\/p>\n<p><strong>2 al 30 de junio<\/strong><br \/>\n-Concurso de historia y oratoria \u201cViviendo la cartageneidad\u201d<br \/>\n-Concurso \u201cMi barrio es mi orgullo\u201d<\/p>\n<p><strong>3 de junio<\/strong><br \/>\nLanzamiento Convocatoria \u201cSal\u00f3n de arte novembrino\u201d<\/p>\n<p><strong>27 de junio al 4 de julio<\/strong><br \/>\nPosta challenge &#8211; 2da edici\u00f3n<br \/>\nPlaza de los Coches y restaurantes participantes<\/p>\n<p><strong>27 al 29 de junio<\/strong><br \/>\nFeria gastron\u00f3mica<br \/>\nPlaza de los Coches<br \/>\n5:00 p.m. a 11:00 p.m.<\/p>\n<p><strong>Mes de junio<\/strong><br \/>\nCelebraci\u00f3n viva desde las escuelas en el coraz\u00f3n del Centro Hist\u00f3rico<br \/>\nPerformance hist\u00f3rico-cultural, bandas de paz con relato, muestra gastron\u00f3mica y artesanal, gu\u00edas tur\u00edsticos, danza, deporte y reinas.<\/p>\n<p><strong>Mes de junio<\/strong><br \/>\nCuponera de descuentos<\/p>\n<p><strong>Agenda 1 de junio<\/strong><br \/>\n-Eucarist\u00eda<br \/>\n7:00 a.m.<br \/>\nCatedral Santa Catalina de Alejandr\u00eda<\/p>\n<p>-Ofrenda floral<br \/>\n8:00 a.m.<br \/>\nPlaza de los Coches<\/p>\n<p>-Jornada de puertas abiertas Castillo San Felipe<br \/>\n\u201cCartagena diversa, libre y cultural\u201d<br \/>\n8:00 a.m. \u2013 5:00 p.m.<\/p>\n<p>-Instalaci\u00f3n sesiones del Honorable Concejo Distrital de Cartagena<br \/>\n8:30 a.m.<br \/>\nConcejo Distrital de Cartagena.<\/p>\n<p>-Ruta Patrimonial<br \/>\n\u201cCartagena 492 a\u00f1os de historia y cultura\u201d<br \/>\n8:30 a.m.<br \/>\nCentro Hist\u00f3rico &#8211; Red de Museos.<\/p>\n<p>-Acto solemne: Izada de bandera<br \/>\n9:30 a.m.<br \/>\nCastillo de San Felipe de Barajas<\/p>\n<p>-D\u00eda de Museos: jornada de apertura gratis en los museos de Cartagena<br \/>\n10:00 a.m. \u2013 4:00 p.m.<\/p>\n<p>-Celebraci\u00f3n cumplea\u00f1os 492 Cartagena de Indias e imposici\u00f3n de bandas candidatas Reinado Popular de las Fiestas de Independencia de Cartagena.<br \/>\n5:00 p.m.<br \/>\nPlaza de La Paz<\/p>\n<p>*Participaci\u00f3n del Sistema Distrital de Cultura*<\/p>\n<p>-Sector de Teatro<br \/>\nPuestas en Escena \u201cHistoria y Cartageneidad\u201d<\/p>\n<p>-Sector Literatura<br \/>\nLanzamiento de la Convocatoria de escritura creativa \u201cCartagena escribe, es tu turno de contarla\u201d<\/p>\n<p>-Sector Danza<br \/>\nActivaci\u00f3n cultural con grupos de danza<\/p>\n<p>-Sector M\u00fasica<br \/>\nCartagena M\u00fasica y Memoria.<br \/>\nCentro Cultural El Socorro<\/p>\n<p>-Sector de Cine, Audiovisuales y Medios Interactivos<br \/>\nCirculaci\u00f3n de contenido audiovisual hecho por cartageneros<\/p>\n<p>-Sector de Artesan\u00eda<br \/>\nEspacio Artesanal \u201cHecho a Mano para Cartagena\u201d Centro Comercial Mallplaza, Casa Arkadia y edificio Portus.<\/p>\n<p>-Sector de Artes Pl\u00e1sticas<br \/>\nIntervenciones art\u00edsticas en la ciudad<\/p>\n<p>&nbsp;<\/p>\n","protected":false},"excerpt":{"rendered":"<p>La ciudad vive una fiesta de identidad con una nutrida agenda que une a todos. Cartagena de Indias, 17 de mayo de 2025.- Cartagena de Indias cumple 492 a\u00f1os, y lo celebrar\u00e1 con arte, m\u00fasica, historia y sobre todo, con el coraz\u00f3n lleno de orgullo. Bajo el lema \u201c492 artistas celebran los 492 a\u00f1os de Cartagena\u201d, la Alcald\u00eda Mayor de Cartagena, ha dise\u00f1ado una agenda que se desarrollar\u00e1 desde el 16 de mayo y durante todo el mes de junio, llevando a todos los barrios y corregimientos del Distrito una&#8230; <\/p>\n","protected":false},"author":3,"featured_media":57119,"comment_status":"closed","ping_status":"closed","sticky":false,"template":"","format":"standard","meta":{"footnotes":"","_links_to":"","_links_to_target":""},"categories":[85,1450,32],"tags":[111,191,285,296],"class_list":["post-57118","post","type-post","status-publish","format-standard","has-post-thumbnail","hentry","category-cartagena","category-parasladers","category-actualidad-distrito","tag-cartagena","tag-cartagena-de-indias","tag-destacada","tag-distrito"],"_links":{"self":[{"href":"https:\/\/revistazetta.com\/index.php?rest_route=\/wp\/v2\/posts\/57118","targetHints":{"allow":["GET"]}}],"collection":[{"href":"https:\/\/revistazetta.com\/index.php?rest_route=\/wp\/v2\/posts"}],"about":[{"href":"https:\/\/revistazetta.com\/index.php?rest_route=\/wp\/v2\/types\/post"}],"author":[{"embeddable":true,"href":"https:\/\/revistazetta.com\/index.php?rest_route=\/wp\/v2\/users\/3"}],"replies":[{"embeddable":true,"href":"https:\/\/revistazetta.com\/index.php?rest_route=%2Fwp%2Fv2%2Fcomments&post=57118"}],"version-history":[{"count":0,"href":"https:\/\/revistazetta.com\/index.php?rest_route=\/wp\/v2\/posts\/57118\/revisions"}],"wp:featuredmedia":[{"embeddable":true,"href":"https:\/\/revistazetta.com\/index.php?rest_route=\/wp\/v2\/media\/57119"}],"wp:attachment":[{"href":"https:\/\/revistazetta.com\/index.php?rest_route=%2Fwp%2Fv2%2Fmedia&parent=57118"}],"wp:term":[{"taxonomy":"category","embeddable":true,"href":"https:\/\/revistazetta.com\/index.php?rest_route=%2Fwp%2Fv2%2Fcategories&post=57118"},{"taxonomy":"post_tag","embeddable":true,"href":"https:\/\/revistazetta.com\/index.php?rest_route=%2Fwp%2Fv2%2Ftags&post=57118"}],"curies":[{"name":"wp","href":"https:\/\/api.w.org\/{rel}","templated":true}]}}