{"id":57133,"date":"2025-05-19T05:57:37","date_gmt":"2025-05-19T10:57:37","guid":{"rendered":"https:\/\/revistazetta.com\/?p=57133"},"modified":"2025-05-19T05:57:37","modified_gmt":"2025-05-19T10:57:37","slug":"de-la-a-a-la-zetta-eliana-simancas-cuenten-con-una-personeria-mas-cercana-a-la-gente","status":"publish","type":"post","link":"https:\/\/revistazetta.com\/?p=57133","title":{"rendered":"De la A a la Zetta &#8211; Eliana Simancas: \u201cCuenten con una Personer\u00eda m\u00e1s cercana a la gente\u201d"},"content":{"rendered":"<p><strong>Cartagena de Indias, 19 de mayo de 2025.-<\/strong> El acercamiento con las comunidades, propiciando el encuentro de soluciones con agentes p\u00fablicos y privados, es uno de los logros que destaca Eliana Simancas Tinoco en su gesti\u00f3n como personera distrital de Cartagena de Indias.<\/p>\n<p>La funcionaria se\u00f1ala que la prestaci\u00f3n de los servicios de salud, as\u00ed como los servicios p\u00fablicos domiciliarios, son las quejas que m\u00e1s recauda de la comunidad, y las que mayor \u00e9nfasis de gesti\u00f3n tiene su equipo de trabajo.<\/p>\n<p><iframe loading=\"lazy\" title=\"YouTube video player\" src=\"https:\/\/www.youtube.com\/embed\/z3rFkq5smMo?si=um3JjZM6X5iWWPSl\" width=\"560\" height=\"315\" frameborder=\"0\" allowfullscreen=\"allowfullscreen\"><\/iframe><\/p>\n<p>Orgullosa de sus ra\u00edces arjoneras, la funcionaria comparti\u00f3 experiencias personales que le han marcado, como el reciente fallecimiento de su se\u00f1or padre, don Jairo Simancas.<\/p>\n<p>Sus jornadas de trabajo son intensas, pero cuando llega a casa, todo se transforma cuando la recibe la sonrisa de su hija.<\/p>\n<p>Eliana Simancas Tinoco es la primera invitada en la sexta temporada del programa de entrevistas musicales \u201cDe la A a la Zetta\u201d, con John Zamora, a trav\u00e9s de sistema informativo de Revista Zetta <a href=\"http:\/\/www.revistazetta.com\">www.revistazetta.com<\/a><\/p>\n<p><img loading=\"lazy\" decoding=\"async\" class=\"alignnone size-medium wp-image-57135\" src=\"https:\/\/revistazetta.com\/wp-content\/uploads\/2025\/05\/IMG_1384-500x333.jpg\" alt=\"\" width=\"500\" height=\"333\" srcset=\"https:\/\/revistazetta.com\/wp-content\/uploads\/2025\/05\/IMG_1384-500x333.jpg 500w, https:\/\/revistazetta.com\/wp-content\/uploads\/2025\/05\/IMG_1384-1024x683.jpg 1024w, https:\/\/revistazetta.com\/wp-content\/uploads\/2025\/05\/IMG_1384-243x162.jpg 243w, https:\/\/revistazetta.com\/wp-content\/uploads\/2025\/05\/IMG_1384-1536x1024.jpg 1536w, https:\/\/revistazetta.com\/wp-content\/uploads\/2025\/05\/IMG_1384.jpg 1620w\" sizes=\"auto, (max-width: 500px) 100vw, 500px\" \/><\/p>\n<p>Los programas completos se pueden apreciar en nuestro canal YouTube @Revista Zetta y en nuestra cuenta de Facebook @RevistaZetta.<\/p>\n<p>Adem\u00e1s, un resumen de lo mejor de cada entrevista en los reels e historias en nuestras cuentas de Instagram @revista.zetta y TikTok @revistazetta<\/p>\n<p>&nbsp;<\/p>\n<p>&nbsp;<\/p>\n","protected":false},"excerpt":{"rendered":"<p>Cartagena de Indias, 19 de mayo de 2025.- El acercamiento con las comunidades, propiciando el encuentro de soluciones con agentes p\u00fablicos y privados, es uno de los logros que destaca Eliana Simancas Tinoco en su gesti\u00f3n como personera distrital de Cartagena de Indias. La funcionaria se\u00f1ala que la prestaci\u00f3n de los servicios de salud, as\u00ed como los servicios p\u00fablicos domiciliarios, son las quejas que m\u00e1s recauda de la comunidad, y las que mayor \u00e9nfasis de gesti\u00f3n tiene su equipo de trabajo. Orgullosa de sus ra\u00edces arjoneras, la funcionaria comparti\u00f3 experiencias&#8230; <\/p>\n","protected":false},"author":3,"featured_media":57134,"comment_status":"closed","ping_status":"closed","sticky":false,"template":"","format":"standard","meta":{"footnotes":"","_links_to":"","_links_to_target":""},"categories":[1344,1450],"tags":[549,285,1963,115,2301,1962,93],"class_list":["post-57133","post","type-post","status-publish","format-standard","has-post-thumbnail","hentry","category-de-la-a-a-la-zetta","category-parasladers","tag-de-la-a-a-la-zetta","tag-destacada","tag-eliana-simancas","tag-john-zamora","tag-personera-distrital","tag-personeria-de-cartagena","tag-revista-zetta"],"_links":{"self":[{"href":"https:\/\/revistazetta.com\/index.php?rest_route=\/wp\/v2\/posts\/57133","targetHints":{"allow":["GET"]}}],"collection":[{"href":"https:\/\/revistazetta.com\/index.php?rest_route=\/wp\/v2\/posts"}],"about":[{"href":"https:\/\/revistazetta.com\/index.php?rest_route=\/wp\/v2\/types\/post"}],"author":[{"embeddable":true,"href":"https:\/\/revistazetta.com\/index.php?rest_route=\/wp\/v2\/users\/3"}],"replies":[{"embeddable":true,"href":"https:\/\/revistazetta.com\/index.php?rest_route=%2Fwp%2Fv2%2Fcomments&post=57133"}],"version-history":[{"count":0,"href":"https:\/\/revistazetta.com\/index.php?rest_route=\/wp\/v2\/posts\/57133\/revisions"}],"wp:featuredmedia":[{"embeddable":true,"href":"https:\/\/revistazetta.com\/index.php?rest_route=\/wp\/v2\/media\/57134"}],"wp:attachment":[{"href":"https:\/\/revistazetta.com\/index.php?rest_route=%2Fwp%2Fv2%2Fmedia&parent=57133"}],"wp:term":[{"taxonomy":"category","embeddable":true,"href":"https:\/\/revistazetta.com\/index.php?rest_route=%2Fwp%2Fv2%2Fcategories&post=57133"},{"taxonomy":"post_tag","embeddable":true,"href":"https:\/\/revistazetta.com\/index.php?rest_route=%2Fwp%2Fv2%2Ftags&post=57133"}],"curies":[{"name":"wp","href":"https:\/\/api.w.org\/{rel}","templated":true}]}}