{"id":57267,"date":"2025-06-02T12:26:09","date_gmt":"2025-06-02T17:26:09","guid":{"rendered":"https:\/\/revistazetta.com\/?p=57267"},"modified":"2025-06-02T12:26:09","modified_gmt":"2025-06-02T17:26:09","slug":"momento-cumbre-de-los-cuadrangulares-para-real-cartagena-frente-a-jaguares-f-c-articulo-de-ricardo-bello","status":"publish","type":"post","link":"https:\/\/revistazetta.com\/?p=57267","title":{"rendered":"Momento cumbre de los cuadrangulares para Real Cartagena frente a Jaguares F.C. &#8211; Art\u00edculo de Ricardo Bello"},"content":{"rendered":"<p><strong>Por Jos\u00e9 Ricardo Bello Espinosa (Director Revista C\u00f3rner).- (Especial para Revista Zetta).- Cartagena de Indias, 2 de junio de 2025.-<\/strong> Luego de los valiosos triunfos ante Internacional de Palmira y Tigres, los dirigidos por Mart\u00edn Cardetti llegan al momento cumbre de este cuadrangular al enfrentar en estas dos fechas siguientes a Jaguares, el rival directo que consigui\u00f3 el punto invisible<\/p>\n<p>Real Cartagena espera ratificar su poder ofensivo liderado por Fredy Montero que, con sus tres anotaciones el partido anterior, lleg\u00f3 a 14 goles y se coloc\u00f3 en la c\u00faspide de goleadora del torneo junto con Andr\u00e9s Estrada del equipo monteriano. Su fortaleza como local permite ilusionarse con tres puntos para el equipo Heroico que, de conseguirlos, ir\u00e1 a Monter\u00eda por un buen resultado y cristalizar el anhelo de pelear la final del primer torneo 2025.<\/p>\n<p>En lo futbol\u00edstico, el giro logrado con la llegada de Martin Cardetti le dio un punto de inflexi\u00f3n al equipo cartagenero, que ha mostrado una evoluci\u00f3n constante. El hecho de sacar su valla en cero en los dos compromisos de estos cuadrangulares le da confianza al cuarteto defensivo. El gran momento de Fredy Montero es la inspiraci\u00f3n del equipo y seguramente su camiseta 10 pasar\u00e1 a ser la mas vendida este equipo, muestra actitud grupal m\u00e1s comprometida de mucha entrega.<\/p>\n<p>Cartagena espera su regalo de cumplea\u00f1os del Real Cartagena ante Jaguares, esta es la gran oportunidad para consolidar el sue\u00f1o ante la afici\u00f3n. Con boleter\u00eda agotada, el equipo guiado por la experiencia de Cristian Marrugo, su capit\u00e1n, y Fredy Montero, tiene con qu\u00e9 reflejar superioridad ante un Jaguares que viene bien trabajado en este 2025.<\/p>\n<p>Hoy lunes 2 de junio ante Jaguares, considerado el rival m\u00e1s fuerte del grupo. El mejor regalo que Real Cartagena puede darle a su afici\u00f3n y a la ciudad ser\u00eda amanecer como l\u00edder el martes 3 de junio, el capit\u00e1n Cristian Marrugo \u201clos objetivos deben alcanzarse paso a paso y con mesura\u201d.<\/p>\n<p>La convocatoria es total. El t\u00e9cnico Mart\u00edn Cardetti quiere saldar la deuda pendiente que le qued\u00f3 en los cuadrangulares de 2023. Lleg\u00f3 el momento consolidar, debe este verbo conjugarse de la mejor manera en estas dos fechas ante Jaguares para ser, como dice tambi\u00e9n nuestro gobernador Yamil Arana, \u201cel mejor\u201d<\/p>\n<p>Se espera que real Cartagena mantenga est\u00e1 progresi\u00f3n que le permita resolver est\u00e1 ecuaci\u00f3n diferencial que est\u00e1 en la 13th potencia.<\/p>\n<p>La experiencia de Cardetti en este tipo de torneos debe marcar diferencia frente al entrenador de Jaguares, \u00c1lvaro Hern\u00e1ndez, pero quienes cumplen las indicaciones son los jugadores<\/p>\n<p>El s\u00e1bado 7 de junio seguir\u00e1 el partido en Monter\u00eda, pero primero es en el Jaime Mor\u00f3n para seguir paso a paso el camino victorioso.<\/p>\n<p>Que destellen los fuegos pirot\u00e9cnicos y que siga este camino, que ojal\u00e1 los gritos de independencia lleguen al equipo Heroico que lo lleven asegurar la opci\u00f3n de subir a primera divisi\u00f3n ganando este primer torneo 2025, que nos da la visa para la final en diciembre a la primera A.<\/p>\n","protected":false},"excerpt":{"rendered":"<p>Por Jos\u00e9 Ricardo Bello Espinosa (Director Revista C\u00f3rner).- (Especial para Revista Zetta).- Cartagena de Indias, 2 de junio de 2025.- Luego de los valiosos triunfos ante Internacional de Palmira y Tigres, los dirigidos por Mart\u00edn Cardetti llegan al momento cumbre de este cuadrangular al enfrentar en estas dos fechas siguientes a Jaguares, el rival directo que consigui\u00f3 el punto invisible Real Cartagena espera ratificar su poder ofensivo liderado por Fredy Montero que, con sus tres anotaciones el partido anterior, lleg\u00f3 a 14 goles y se coloc\u00f3 en la c\u00faspide de&#8230; <\/p>\n","protected":false},"author":3,"featured_media":57268,"comment_status":"closed","ping_status":"closed","sticky":false,"template":"","format":"standard","meta":{"footnotes":"","_links_to":"","_links_to_target":""},"categories":[53,75,54],"tags":[308,285,311,1202,902],"class_list":["post-57267","post","type-post","status-publish","format-standard","has-post-thumbnail","hentry","category-deportes","category-destacada","category-futbol","tag-deportes","tag-destacada","tag-futbol","tag-real-cartagena","tag-ricardo-bello"],"_links":{"self":[{"href":"https:\/\/revistazetta.com\/index.php?rest_route=\/wp\/v2\/posts\/57267","targetHints":{"allow":["GET"]}}],"collection":[{"href":"https:\/\/revistazetta.com\/index.php?rest_route=\/wp\/v2\/posts"}],"about":[{"href":"https:\/\/revistazetta.com\/index.php?rest_route=\/wp\/v2\/types\/post"}],"author":[{"embeddable":true,"href":"https:\/\/revistazetta.com\/index.php?rest_route=\/wp\/v2\/users\/3"}],"replies":[{"embeddable":true,"href":"https:\/\/revistazetta.com\/index.php?rest_route=%2Fwp%2Fv2%2Fcomments&post=57267"}],"version-history":[{"count":0,"href":"https:\/\/revistazetta.com\/index.php?rest_route=\/wp\/v2\/posts\/57267\/revisions"}],"wp:featuredmedia":[{"embeddable":true,"href":"https:\/\/revistazetta.com\/index.php?rest_route=\/wp\/v2\/media\/57268"}],"wp:attachment":[{"href":"https:\/\/revistazetta.com\/index.php?rest_route=%2Fwp%2Fv2%2Fmedia&parent=57267"}],"wp:term":[{"taxonomy":"category","embeddable":true,"href":"https:\/\/revistazetta.com\/index.php?rest_route=%2Fwp%2Fv2%2Fcategories&post=57267"},{"taxonomy":"post_tag","embeddable":true,"href":"https:\/\/revistazetta.com\/index.php?rest_route=%2Fwp%2Fv2%2Ftags&post=57267"}],"curies":[{"name":"wp","href":"https:\/\/api.w.org\/{rel}","templated":true}]}}