{"id":57274,"date":"2025-06-04T05:56:24","date_gmt":"2025-06-04T10:56:24","guid":{"rendered":"https:\/\/revistazetta.com\/?p=57274"},"modified":"2025-06-04T05:56:24","modified_gmt":"2025-06-04T10:56:24","slug":"conservadores-ajustan-lineas-para-tener-candidato-presidencial-y-preparar-el-debate-de-eleccion-parlamentaria","status":"publish","type":"post","link":"https:\/\/revistazetta.com\/?p=57274","title":{"rendered":"Conservadores ajustan l\u00edneas para tener candidato presidencial y preparar el debate de elecci\u00f3n parlamentaria"},"content":{"rendered":"<p><strong><span lang=\"ES-TRAD\" xml:lang=\"ES-TRAD\">Bogot\u00e1, 4 de junio de 2025.- <\/span><\/strong><span lang=\"ES-TRAD\" xml:lang=\"ES-TRAD\">El Partido Conservador tendr\u00e1 candidato a la Presidencia de la Rep\u00fablica \u00ab<em><span lang=\"ES-TRAD\" xml:lang=\"ES-TRAD\"><span style=\"color: #0000ff;\">que no solamente levante las banderas azules, sino que represente los principios de libertad, orden y justicia que caracterizan a los conservadores\u00bb,<\/span><\/span><\/em><\/span><span lang=\"ES-TRAD\" style=\"color: #000000;\" xml:lang=\"ES-TRAD\"><span lang=\"ES-TRAD\" xml:lang=\"ES-TRAD\"> dijo la presidenta de <\/span><span lang=\"ES-TRAD\" xml:lang=\"ES-TRAD\">la colectividad, senadora Nadia Blel Scaff.<\/span><\/span><\/p>\n<p><span lang=\"ES-TRAD\" xml:lang=\"ES-TRAD\">Al encabezar la conferencia de directorios regionales, bancada parlamentaria y directorio nacional para reforma de estatutos internos del colectivo, la senadora Nadia Blel, dijo que<em><span style=\"color: #0000ff;\"> \u201cdesde el Partido Conservador estamos preocupados por las diferentes crisis que se viven no solo en materia de seguridad, sino tambi\u00e9n en salud, en el sector energ\u00e9tico, y laboral. Los conservadores le decimos al presidente y a su Gobierno que estamos cansados de su incoherencia, de su incompetencia y ese desgobierno\u201d.<\/span><\/em><\/span><\/p>\n<p><img loading=\"lazy\" decoding=\"async\" class=\"alignnone size-medium wp-image-57281\" src=\"https:\/\/revistazetta.com\/wp-content\/uploads\/2025\/06\/SaveClip.App_503331297_18360814411196017_8605174010101825017_n-500x333.jpg\" alt=\"\" width=\"500\" height=\"333\" srcset=\"https:\/\/revistazetta.com\/wp-content\/uploads\/2025\/06\/SaveClip.App_503331297_18360814411196017_8605174010101825017_n-500x333.jpg 500w, https:\/\/revistazetta.com\/wp-content\/uploads\/2025\/06\/SaveClip.App_503331297_18360814411196017_8605174010101825017_n-243x162.jpg 243w, https:\/\/revistazetta.com\/wp-content\/uploads\/2025\/06\/SaveClip.App_503331297_18360814411196017_8605174010101825017_n.jpg 853w\" sizes=\"auto, (max-width: 500px) 100vw, 500px\" \/><\/p>\n<p><span lang=\"ES-TRAD\" xml:lang=\"ES-TRAD\">El evento cont\u00f3 con la presencia del senador y presidente del Senado Efra\u00edn Cepeda. C\u00f3mo se sabe, las recientes determinaciones del presidente Gustavo Petro sobre la consulta popular y los ataques constantes de jefe de Estado contra el legislativo, generaron una fuerte respuesta del conservatismo hacia el presidente de la Rep\u00fablica.<\/span><\/p>\n<p><span lang=\"ES-TRAD\" xml:lang=\"ES-TRAD\">De igual manera, la congresista continu\u00f3 enfilando bater\u00edas en contra del Ejecutivo, pues as\u00ed mismo mencion\u00f3 que <em><span style=\"color: #0000ff;\">\u201cel Partido Conservador ha hecho propuestas claras con vocaci\u00f3n de liderazgo y as\u00ed lo va a hacer tanto para las elecciones a Congreso, como para las elecciones de Presidencia. Este partido defiende el orden, la libertad, la democracia y la autonom\u00eda de poderes que hoy est\u00e1 en riesgo, pero que aqu\u00ed buscaremos la protecci\u00f3n de las instituciones, y de los intereses de todos los colombianos\u201d.<\/span><\/em><\/span><\/p>\n<h2><img loading=\"lazy\" decoding=\"async\" class=\"alignnone size-medium wp-image-57280\" src=\"https:\/\/revistazetta.com\/wp-content\/uploads\/2025\/06\/SaveClip.App_503851230_18360814495196017_5519215462634183541_n-500x333.jpg\" alt=\"\" width=\"500\" height=\"333\" srcset=\"https:\/\/revistazetta.com\/wp-content\/uploads\/2025\/06\/SaveClip.App_503851230_18360814495196017_5519215462634183541_n-500x333.jpg 500w, https:\/\/revistazetta.com\/wp-content\/uploads\/2025\/06\/SaveClip.App_503851230_18360814495196017_5519215462634183541_n-1024x683.jpg 1024w, https:\/\/revistazetta.com\/wp-content\/uploads\/2025\/06\/SaveClip.App_503851230_18360814495196017_5519215462634183541_n-243x162.jpg 243w, https:\/\/revistazetta.com\/wp-content\/uploads\/2025\/06\/SaveClip.App_503851230_18360814495196017_5519215462634183541_n.jpg 1080w\" sizes=\"auto, (max-width: 500px) 100vw, 500px\" \/><\/h2>\n<h2><strong><span lang=\"ES-TRAD\" xml:lang=\"ES-TRAD\">La consulta, y la carrera por la presidencia<\/span><\/strong><\/h2>\n<p><span lang=\"ES-TRAD\" xml:lang=\"ES-TRAD\">La senadora Nadia Blel confirm\u00f3 la postulaci\u00f3n de un candidato por los conservadores a la presidencia en 2026. En ese sentido, la congresista manifest\u00f3: <em><span style=\"color: #0000ff;\">\u201cEs el inter\u00e9s de toda la militancia, y del Conservador,<\/span><\/em><\/span><em><span lang=\"ES-TRAD\" style=\"color: #0000ff;\" xml:lang=\"ES-TRAD\"> proponer un candidato propio que no solamente levante las banderas azules, sino que represente los principios de libertad, orden y justicia que caracterizan a los conservadores\u00bb.<\/span><\/em><\/p>\n<p><span lang=\"ES-TRAD\" xml:lang=\"ES-TRAD\">Otro de los aspectos sobre los cuales la parlamentaria llam\u00f3 la atenci\u00f3n se relaciona con el anuncio del Gobierno sobre el decreto de la consulta popular y Blel advirti\u00f3 que: <em><span style=\"color: #0000ff;\">\u201cNo puede suceder que un Gobierno nacional desconozca las leyes del pa\u00eds y nuestra Constituci\u00f3n, el Senado de la Rep\u00fablica se pronunci\u00f3 y no solamente se dio a escuchar en Colombia, sino en el mundo entero, y por lo tanto el Conservador defiende esa postura que fue la de no acompa\u00f1ar esa consulta popular\u201d.<\/span><\/em><\/span><\/p>\n<p><img loading=\"lazy\" decoding=\"async\" class=\"alignnone size-medium wp-image-57278\" src=\"https:\/\/revistazetta.com\/wp-content\/uploads\/2025\/06\/SaveClip.App_503307504_18502219075007860_2378613839710053050_n-431x333.jpg\" alt=\"\" width=\"431\" height=\"333\" srcset=\"https:\/\/revistazetta.com\/wp-content\/uploads\/2025\/06\/SaveClip.App_503307504_18502219075007860_2378613839710053050_n-431x333.jpg 431w, https:\/\/revistazetta.com\/wp-content\/uploads\/2025\/06\/SaveClip.App_503307504_18502219075007860_2378613839710053050_n-210x162.jpg 210w, https:\/\/revistazetta.com\/wp-content\/uploads\/2025\/06\/SaveClip.App_503307504_18502219075007860_2378613839710053050_n.jpg 822w\" sizes=\"auto, (max-width: 431px) 100vw, 431px\" \/><\/p>\n<p><span lang=\"ES-TRAD\" xml:lang=\"ES-TRAD\">As\u00ed mismo, sostiene la presidente del Conservador agregando que:<em><span style=\"color: #0000ff;\"> \u201cEsta consulta buscaba defender intereses particulares del Gobierno, y no pretend\u00eda mejorar las condiciones laborales y el bienestar de los trabajadores colombianos. <\/span><\/em><\/span><em><span lang=\"ES-TRAD\" style=\"color: #0000ff;\" xml:lang=\"ES-TRAD\">Nos seguiremos oponiendo a esas propuestas que pretenden desconocer la democracia, la libertad, la autonom\u00eda de los poderes p\u00fablicos como en este caso. El Congreso de la Rep\u00fablica ya se pronunci\u00f3 y es una rama aut\u00f3noma del poder p\u00fablico, y no un notario o ap\u00e9ndice del Gobierno nacional\u201d.<\/span><\/em><\/p>\n<p>En sus redes sociales, la senadora public\u00f3 algunas fotos de la actividad con este mensaje: <span style=\"color: #0000ff;\"><em>Segunda Conferencia de Directorios Regionales. Hoy nos reunimos con l\u00edderes de todo el pa\u00eds para avanzar unidos en la renovaci\u00f3n de nuestro Partido. Delegaciones conservadoras de cada regi\u00f3n y congresistas comprometidos dan inicio a una jornada hist\u00f3rica de construcci\u00f3n colectiva. \u00a1El Partido se fortalece desde las regiones!<\/em><\/span><\/p>\n<p><img loading=\"lazy\" decoding=\"async\" class=\"alignnone size-medium wp-image-57277\" src=\"https:\/\/revistazetta.com\/wp-content\/uploads\/2025\/06\/SaveClip.App_503118332_18504936865046684_6164644089997120399_n-315x333.jpg\" alt=\"\" width=\"315\" height=\"333\" srcset=\"https:\/\/revistazetta.com\/wp-content\/uploads\/2025\/06\/SaveClip.App_503118332_18504936865046684_6164644089997120399_n-315x333.jpg 315w, https:\/\/revistazetta.com\/wp-content\/uploads\/2025\/06\/SaveClip.App_503118332_18504936865046684_6164644089997120399_n-970x1024.jpg 970w, https:\/\/revistazetta.com\/wp-content\/uploads\/2025\/06\/SaveClip.App_503118332_18504936865046684_6164644089997120399_n-153x162.jpg 153w, https:\/\/revistazetta.com\/wp-content\/uploads\/2025\/06\/SaveClip.App_503118332_18504936865046684_6164644089997120399_n.jpg 1080w\" sizes=\"auto, (max-width: 315px) 100vw, 315px\" \/><\/p>\n","protected":false},"excerpt":{"rendered":"<p>Bogot\u00e1, 4 de junio de 2025.- El Partido Conservador tendr\u00e1 candidato a la Presidencia de la Rep\u00fablica \u00abque no solamente levante las banderas azules, sino que represente los principios de libertad, orden y justicia que caracterizan a los conservadores\u00bb, dijo la presidenta de la colectividad, senadora Nadia Blel Scaff. Al encabezar la conferencia de directorios regionales, bancada parlamentaria y directorio nacional para reforma de estatutos internos del colectivo, la senadora Nadia Blel, dijo que \u201cdesde el Partido Conservador estamos preocupados por las diferentes crisis que se viven no solo en&#8230; <\/p>\n","protected":false},"author":3,"featured_media":0,"comment_status":"closed","ping_status":"closed","sticky":false,"template":"","format":"standard","meta":{"footnotes":"","_links_to":"","_links_to_target":""},"categories":[1450,287,4],"tags":[285,313,219,454,298],"class_list":["post-57274","post","type-post","status-publish","format-standard","hentry","category-parasladers","category-nacional","category-politica","tag-destacada","tag-nacional","tag-nadia-blel","tag-partido-conservador","tag-politica"],"_links":{"self":[{"href":"https:\/\/revistazetta.com\/index.php?rest_route=\/wp\/v2\/posts\/57274","targetHints":{"allow":["GET"]}}],"collection":[{"href":"https:\/\/revistazetta.com\/index.php?rest_route=\/wp\/v2\/posts"}],"about":[{"href":"https:\/\/revistazetta.com\/index.php?rest_route=\/wp\/v2\/types\/post"}],"author":[{"embeddable":true,"href":"https:\/\/revistazetta.com\/index.php?rest_route=\/wp\/v2\/users\/3"}],"replies":[{"embeddable":true,"href":"https:\/\/revistazetta.com\/index.php?rest_route=%2Fwp%2Fv2%2Fcomments&post=57274"}],"version-history":[{"count":0,"href":"https:\/\/revistazetta.com\/index.php?rest_route=\/wp\/v2\/posts\/57274\/revisions"}],"wp:attachment":[{"href":"https:\/\/revistazetta.com\/index.php?rest_route=%2Fwp%2Fv2%2Fmedia&parent=57274"}],"wp:term":[{"taxonomy":"category","embeddable":true,"href":"https:\/\/revistazetta.com\/index.php?rest_route=%2Fwp%2Fv2%2Fcategories&post=57274"},{"taxonomy":"post_tag","embeddable":true,"href":"https:\/\/revistazetta.com\/index.php?rest_route=%2Fwp%2Fv2%2Ftags&post=57274"}],"curies":[{"name":"wp","href":"https:\/\/api.w.org\/{rel}","templated":true}]}}