{"id":57316,"date":"2025-06-09T12:33:44","date_gmt":"2025-06-09T17:33:44","guid":{"rendered":"https:\/\/revistazetta.com\/?p=57316"},"modified":"2025-06-09T12:33:44","modified_gmt":"2025-06-09T17:33:44","slug":"delaaalazetta-alonso-del-rio-jr-presidente-de-la-asamblea-el-aval-azul-a-su-padre-para-aspirar-a-la-camara-y-el-valor-de-la-dupla-dumek-yamil","status":"publish","type":"post","link":"https:\/\/revistazetta.com\/?p=57316","title":{"rendered":"#DelaAalaZetta &#8211; Alonso del R\u00edo Jr., presidente de la Asamblea: El aval azul a su padre para aspirar a la C\u00e1mara y el valor de la dupla Dumek &#8211; Yamil"},"content":{"rendered":"<p><strong>Cartagena de Indias, 9 de junio de 2025.-<\/strong> El presidente de la Asamblea Departamental de Bol\u00edvar, Alonso del R\u00edo Jim\u00e9nez, dej\u00f3 claro que junto a su padre, el excongresista Alonso del R\u00edo Cabarcas, buscan un espacio dentro del partido Conservador para hacer parte de la lista a C\u00e1mara de Representantes en las elecciones de marzo 2026. Adem\u00e1s, resalt\u00f3 el valor de la dupla Dumek Turbay &#8211; Yamil Arana para transformar a Cartagena de Indias. Tambi\u00e9n cuestion\u00f3 a los gremios por no acudir a la Asamblea cuando hay proyectos de su inter\u00e9s.<\/p>\n<p><img loading=\"lazy\" decoding=\"async\" class=\"alignnone size-medium wp-image-57318\" src=\"https:\/\/revistazetta.com\/wp-content\/uploads\/2025\/06\/DZ-Alonso-del-Rio-6-500x321.jpg\" alt=\"\" width=\"500\" height=\"321\" srcset=\"https:\/\/revistazetta.com\/wp-content\/uploads\/2025\/06\/DZ-Alonso-del-Rio-6-500x321.jpg 500w, https:\/\/revistazetta.com\/wp-content\/uploads\/2025\/06\/DZ-Alonso-del-Rio-6-250x162.jpg 250w, https:\/\/revistazetta.com\/wp-content\/uploads\/2025\/06\/DZ-Alonso-del-Rio-6.jpg 718w\" sizes=\"auto, (max-width: 500px) 100vw, 500px\" \/><\/p>\n<p>El dirigente se anim\u00f3 a cantar un breve fragmento vallenato, y abri\u00f3 su coraz\u00f3n para hablar de la bendici\u00f3n que ha significado para su familia la llegada de su hija.<\/p>\n<p>Alonso del R\u00edo Jim\u00e9nez es invitado especial en la sexta temporada del programa de entrevistas musicales \u201cDe la A a la Zetta\u201d, con John Zamora, a trav\u00e9s de sistema informativo de Revista Zetta <a href=\"http:\/\/www.revistazetta.com\">www.revistazetta.com<\/a><\/p>\n<p><img loading=\"lazy\" decoding=\"async\" class=\"alignnone size-medium wp-image-57319\" src=\"https:\/\/revistazetta.com\/wp-content\/uploads\/2025\/06\/DZ-Alonso-del-Rio-12-500x281.jpg\" alt=\"\" width=\"500\" height=\"281\" srcset=\"https:\/\/revistazetta.com\/wp-content\/uploads\/2025\/06\/DZ-Alonso-del-Rio-12-500x281.jpg 500w, https:\/\/revistazetta.com\/wp-content\/uploads\/2025\/06\/DZ-Alonso-del-Rio-12-1024x576.jpg 1024w, https:\/\/revistazetta.com\/wp-content\/uploads\/2025\/06\/DZ-Alonso-del-Rio-12-250x141.jpg 250w, https:\/\/revistazetta.com\/wp-content\/uploads\/2025\/06\/DZ-Alonso-del-Rio-12.jpg 1280w\" sizes=\"auto, (max-width: 500px) 100vw, 500px\" \/><\/p>\n<p>Los programas completos se pueden apreciar en nuestro canal YouTube @Revista Zetta y en nuestra cuenta de Facebook @RevistaZetta.<\/p>\n<p>Adem\u00e1s, un resumen de lo mejor de cada entrevista en los reels e historias en nuestras cuentas de Instagram @revista.zetta y TikTok @revistazetta<\/p>\n<p><iframe loading=\"lazy\" title=\"YouTube video player\" src=\"https:\/\/www.youtube.com\/embed\/JJ-UVe6aorA?si=6nm3CGJAg8EjcElO\" width=\"560\" height=\"315\" frameborder=\"0\" allowfullscreen=\"allowfullscreen\"><\/iframe><\/p>\n<p>&nbsp;<\/p>\n<p><img loading=\"lazy\" decoding=\"async\" class=\"alignnone size-medium wp-image-57320\" src=\"https:\/\/revistazetta.com\/wp-content\/uploads\/2025\/06\/DZ-Alonso-del-Rio-20-500x281.jpg\" alt=\"\" width=\"500\" height=\"281\" srcset=\"https:\/\/revistazetta.com\/wp-content\/uploads\/2025\/06\/DZ-Alonso-del-Rio-20-500x281.jpg 500w, https:\/\/revistazetta.com\/wp-content\/uploads\/2025\/06\/DZ-Alonso-del-Rio-20-1024x576.jpg 1024w, https:\/\/revistazetta.com\/wp-content\/uploads\/2025\/06\/DZ-Alonso-del-Rio-20-250x141.jpg 250w, https:\/\/revistazetta.com\/wp-content\/uploads\/2025\/06\/DZ-Alonso-del-Rio-20.jpg 1280w\" sizes=\"auto, (max-width: 500px) 100vw, 500px\" \/><\/p>\n<p>&nbsp;<\/p>\n","protected":false},"excerpt":{"rendered":"<p>Cartagena de Indias, 9 de junio de 2025.- El presidente de la Asamblea Departamental de Bol\u00edvar, Alonso del R\u00edo Jim\u00e9nez, dej\u00f3 claro que junto a su padre, el excongresista Alonso del R\u00edo Cabarcas, buscan un espacio dentro del partido Conservador para hacer parte de la lista a C\u00e1mara de Representantes en las elecciones de marzo 2026. Adem\u00e1s, resalt\u00f3 el valor de la dupla Dumek Turbay &#8211; Yamil Arana para transformar a Cartagena de Indias. Tambi\u00e9n cuestion\u00f3 a los gremios por no acudir a la Asamblea cuando hay proyectos de su&#8230; <\/p>\n","protected":false},"author":3,"featured_media":57317,"comment_status":"closed","ping_status":"closed","sticky":false,"template":"","format":"standard","meta":{"footnotes":"","_links_to":"","_links_to_target":""},"categories":[1344,1450],"tags":[209,176,549,285,115,93],"class_list":["post-57316","post","type-post","status-publish","format-standard","has-post-thumbnail","hentry","category-de-la-a-a-la-zetta","category-parasladers","tag-alonso-del-rio","tag-asamblea-departamental","tag-de-la-a-a-la-zetta","tag-destacada","tag-john-zamora","tag-revista-zetta"],"_links":{"self":[{"href":"https:\/\/revistazetta.com\/index.php?rest_route=\/wp\/v2\/posts\/57316","targetHints":{"allow":["GET"]}}],"collection":[{"href":"https:\/\/revistazetta.com\/index.php?rest_route=\/wp\/v2\/posts"}],"about":[{"href":"https:\/\/revistazetta.com\/index.php?rest_route=\/wp\/v2\/types\/post"}],"author":[{"embeddable":true,"href":"https:\/\/revistazetta.com\/index.php?rest_route=\/wp\/v2\/users\/3"}],"replies":[{"embeddable":true,"href":"https:\/\/revistazetta.com\/index.php?rest_route=%2Fwp%2Fv2%2Fcomments&post=57316"}],"version-history":[{"count":0,"href":"https:\/\/revistazetta.com\/index.php?rest_route=\/wp\/v2\/posts\/57316\/revisions"}],"wp:featuredmedia":[{"embeddable":true,"href":"https:\/\/revistazetta.com\/index.php?rest_route=\/wp\/v2\/media\/57317"}],"wp:attachment":[{"href":"https:\/\/revistazetta.com\/index.php?rest_route=%2Fwp%2Fv2%2Fmedia&parent=57316"}],"wp:term":[{"taxonomy":"category","embeddable":true,"href":"https:\/\/revistazetta.com\/index.php?rest_route=%2Fwp%2Fv2%2Fcategories&post=57316"},{"taxonomy":"post_tag","embeddable":true,"href":"https:\/\/revistazetta.com\/index.php?rest_route=%2Fwp%2Fv2%2Ftags&post=57316"}],"curies":[{"name":"wp","href":"https:\/\/api.w.org\/{rel}","templated":true}]}}