{"id":57325,"date":"2025-06-10T07:23:07","date_gmt":"2025-06-10T12:23:07","guid":{"rendered":"https:\/\/revistazetta.com\/?p=57325"},"modified":"2025-06-10T07:23:07","modified_gmt":"2025-06-10T12:23:07","slug":"cifras-que-envidia-el-futbol-la-feria-de-san-isidro-vuelve-a-crecer-y-suma-576-228-espectadores","status":"publish","type":"post","link":"https:\/\/revistazetta.com\/?p=57325","title":{"rendered":"Cifras que envidia el f\u00fatbol: La Feria de San Isidro vuelve a crecer y suma 576.228 espectadores"},"content":{"rendered":"<p><strong>Cartagena de Indias, 10 de junio de 2025.-<\/strong> Ya quisiera cualquier equipo del f\u00fatbol colombiano tener el promedio de ingreso de la plaza de toros de Madrid: 21.432 espectadores. (El aforo es de 22.964 asientos).<\/p>\n<p>El estadio \u00abJaime Mor\u00f3n\u00bb de Cartagena de Indias, por ejemplo, no llega a esa cifra ni siquiera con alcalde y gobernador haciendo promoci\u00f3n y regalando boletas, y con toda alharaca en redes y medios.<\/p>\n<p>De las 27 tardes de toros, en 15 se agot\u00f3 la boleter\u00eda, y el ciclo tuvo un promedio de ocupaci\u00f3n del 92,9%.<\/p>\n<p><strong>Este es el informe publicado por la empresa en su portal las-ventas.com:<\/strong><\/p>\n<p>La reci\u00e9n finalizada<strong> Feria de San Isidro <\/strong>en la Plaza de Toros de Las Ventas, junto a la <strong>Corrida Extraordinaria de Beneficencia<\/strong> que puso punto final ayer domingo a un mes continuado de toros en Madrid, ha congregado a <strong>576.228 espectadores<\/strong>. Hasta en <strong>15 tardes<\/strong> se colg\u00f3 el cartel de<strong>&#8216;No hay billetes&#8217;,<\/strong> dos m\u00e1s que en 2024.<\/p>\n<p>El ciclo isidril, que ya hab\u00eda marcado un a\u00f1o m\u00e1s incremento en su n\u00famero de abonados (17.536), vuelve a subir en la cifra final de espectadores, con casi 12.000 m\u00e1s que la pasada temporada. En\u00a0las\u00a027 tardes &#8211; las 26 de abono y la Corrida de Beneficencia -, se ha logrado una asistencia media de 21.432 espectadores. El 92,9% del aforo de la plaza se ha cubierto tarde tras tarde.<\/p>\n<p>Las espectaculares cifras de asistencia que ha cosechado la Feria de San Isidro 2025 se reflejan, incluso, en aquellos festejos de menor venta de entradas. 16.687 espectadores ha sido este a\u00f1o la entrada registrada en la tarde con menos p\u00fablico, frente a los 15.111 que se congregaron en los tendidos en la tarde de menor afluencia del pasado a\u00f1o.<\/p>\n<p>Tras la Feria de San Isidro, el pr\u00f3ximo domingo Las Ventas acoger\u00e1 otro gran acontecimiento, la <strong>corrida In Memoriam de Victorino Mart\u00edn Andr\u00e9s.<\/strong> Una cita que, de nuevo, pondr\u00e1 el cartel de &#8216;No hay billetes&#8217; en las taquillas del coso.<\/p>\n<p><img loading=\"lazy\" decoding=\"async\" class=\"alignnone size-medium wp-image-57326\" src=\"https:\/\/revistazetta.com\/wp-content\/uploads\/2025\/06\/150b336188607354129d4e9c219b4a3815a91b6e04d20a419c1ac68c51b2fb56-444x333.jpg\" alt=\"\" width=\"444\" height=\"333\" srcset=\"https:\/\/revistazetta.com\/wp-content\/uploads\/2025\/06\/150b336188607354129d4e9c219b4a3815a91b6e04d20a419c1ac68c51b2fb56-444x333.jpg 444w, https:\/\/revistazetta.com\/wp-content\/uploads\/2025\/06\/150b336188607354129d4e9c219b4a3815a91b6e04d20a419c1ac68c51b2fb56-1024x768.jpg 1024w, https:\/\/revistazetta.com\/wp-content\/uploads\/2025\/06\/150b336188607354129d4e9c219b4a3815a91b6e04d20a419c1ac68c51b2fb56-216x162.jpg 216w, https:\/\/revistazetta.com\/wp-content\/uploads\/2025\/06\/150b336188607354129d4e9c219b4a3815a91b6e04d20a419c1ac68c51b2fb56-1536x1152.jpg 1536w, https:\/\/revistazetta.com\/wp-content\/uploads\/2025\/06\/150b336188607354129d4e9c219b4a3815a91b6e04d20a419c1ac68c51b2fb56.jpg 1920w\" sizes=\"auto, (max-width: 444px) 100vw, 444px\" \/><\/p>\n<p><strong>Triunfadores de San Isidro<\/strong><\/p>\n<div>El jurado convocado por\u00a0<strong>Plaza 1<\/strong>, compuesto por periodistas especializados, ha fallado los premios que designan a los triunfadores de la reci\u00e9n finalizada\u00a0<strong>Feria de San Isidro<\/strong>\u00a0en la Plaza de Toros de Las Ventas.<strong>\u00a0Alejandro Talavante\u00a0<\/strong>ha sido designado triunfador del ciclo, <strong>Morante de la Puebla<\/strong> ha sido galardonado por la mejor faena del ciclo y<strong> V\u00edctor Hernande<\/strong>z ha sido nombrado torero revelaci\u00f3n. La relaci\u00f3n completa de premiados es la siguiente:<\/p>\n<p><strong>TRIUNFADOR DE LA FERIA<\/strong><br \/>\nAlejandro Talavante<\/p>\n<p><strong>MEJOR FAENA<\/strong><br \/>\nMorante de la Puebla<\/p>\n<p><strong>MEJOR NOVILLERO<\/strong><br \/>\nAar\u00f3n Palacio<\/p>\n<p><strong>MEJOR REJONEADOR<\/strong><\/div>\n<div>Diego Ventura<\/div>\n<div><\/div>\n<div><strong>TORERO REVELACI\u00d3N<\/strong><\/div>\n<div>V\u00edctor Hern\u00e1ndez<\/div>\n<div><\/div>\n<div><strong>MEJOR ESTOCADA\u00a0<\/strong><\/div>\n<div>Uceda Leal<\/div>\n<div><\/div>\n<div><strong>MEJOR PICADOR<\/strong><\/div>\n<div>Borja Lorente<\/div>\n<div><\/div>\n<div><strong>MEJOR BREGA<\/strong><\/div>\n<div>Ra\u00fal Ruiz<\/div>\n<div><\/div>\n<div><strong>MEJOR BANDERILLERO<\/strong><\/div>\n<div>Iv\u00e1n Garc\u00eda<\/div>\n<div><\/div>\n<div><strong>MEJOR TORO\u00a0<\/strong><\/div>\n<div>&#8216;Frenoso&#8217;, de Victoriano del R\u00edo, lidiado por Fernando Adri\u00e1n la tarde del 16 de mayo<\/div>\n<div><\/div>\n<div><strong>MEJOR GANADER\u00cdA<\/strong><\/div>\n<div>Jandilla, lidiada la tarde del 5 de junio.<\/div>\n<div><\/div>\n<p><strong>Resumen de San isidro<\/strong><\/p>\n<p>La\u00a0<strong>Feria de San Isidro 2025<\/strong>\u00a0nos ha dejado solo una\u00a0<strong>Puerta Grande<\/strong>, la de\u00a0<strong>Talavante<\/strong>\u00a0en la primera cita del ciclo,<strong>\u00a09 de mayo<\/strong>, pero dentro de una feria de\u00a0<strong>grandes faenas<\/strong>\u00a0de premio, sin espada.<\/p>\n<p><strong>Alejandro Talavante<\/strong>\u00a0consegu\u00eda en la cita con la que se abri\u00f3 el serial, descerrajar la\u00a0<strong>Puerta Grande<\/strong>, la sexta de su carrera en Madrid, tras cortar dos orejas a un gran toro de Victoriano del R\u00edo de nombre \u2018Misterio\u2019, despu\u00e9s de una labor de mucho eco en los tendidos. Una faena que le ha reconocido como\u00a0<strong>triunfador de esta Feria de San Isidro 2025<\/strong>.<\/p>\n<p>Esta ha sido la \u00fanica faena de dos orejas, pero no la \u00fanica gran faena merecedora de dos orejas, en la que la espada ha sido la principal protagonista.\u00a0<strong>Miguel \u00c1ngel Perera<\/strong>\u00a0perd\u00eda un premio grande la tarde del 11 de mayo con el gran cuarto de Fuente Ymbro de nombre \u2018Amargado\u2019. El 16 de mayo,\u00a0<strong>Fernando Adri\u00e1n<\/strong>, pinchaba una faena de triunfo con \u2018Frenoso\u2019, de Victoriano del R\u00edo, reconocido como el mejor toro de San Isidro 2025.\u00a0<strong>Fortes<\/strong>\u00a0dej\u00f3 una rotunda tarde el 21 de mayo. Un derroche de clasicismo y buenas formas que arrebat\u00f3 la espada en los dos toros de su lote de Ara\u00faz de Robles. Sin olvidarnos de la gran faena de\u00a0<strong>Tom\u00e1s Rufo\u00a0<\/strong>a otro Victoriano del R\u00edo de premio grande, \u2018Alabardero\u2019, lidiado en sexto lugar, y, de nuevo, la espada.<\/p>\n<p>Entre estas rotundas faenas, qui\u00e9n sabe si tambi\u00e9n la espada se llev\u00f3 el triunfo de\u00a0<strong>V\u00edctor Hern\u00e1ndez<\/strong>\u00a0la tarde del 10 de mayo, torero revelaci\u00f3n del ciclo; la de<strong>\u00a0Isaac Fonseca<\/strong>\u00a0la tarde del 14 de mayo con \u2018Brigadier\u2019, de Pedraza de Yeltes, \u00fanico toro de vuelta al ruedo del serial; las tardes de\u00a0<strong>Diego Ventura<\/strong>\u00a0del 17 y 31 de mayo, mejor rejoneador de San Isidro, o la de\u00a0<strong>Rom\u00e1n\u00a0<\/strong>el 25 de mayo, todas ellas premiadas con una oreja.<\/p>\n<p>Un trofeo, tambi\u00e9n, han paseado\u00a0<strong>Uceda Leal, Emilio de Justo, Pablo Aguado, Roca Rey, Rafa Serna, G\u00f3mez del Pilar\u00a0<\/strong>y<strong>\u00a0Borja Jim\u00e9nez<\/strong>. Al igual que los rejoneadores\u00a0<strong>Rui Fernandes\u00a0<\/strong>y\u00a0<strong>Lea Vicens,<\/strong>\u00a0y el novillero\u00a0<strong>Aar\u00f3n Palacio\u00a0<\/strong>. En total,\u00a0<strong>quince<\/strong>\u00a0han sido las faenas premiadas con una\u00a0<strong>oreja<\/strong>.<\/p>\n<p>Catorce han sido las\u00a0<strong>vueltas al ruedo<\/strong>\u00a0cosechadas este San Isidro. Dos de\u00a0<strong>David Galv\u00e1n<\/strong>, junto a la de\u00a0<strong>Gin\u00e9s Mar\u00edn, Rom\u00e1n, Jes\u00fas Enrique Colombo, Fernando Adri\u00e1n, Fortes, Tom\u00e1s Rufo, Juan de Castilla, Marco P\u00e9rez, Alejandro Pe\u00f1aranda, Sebasti\u00e1n Castella, Fernando Roble\u00f1o\u00a0<\/strong>y el novillero<strong>\u00a0El Mene<\/strong>.<\/p>\n<p>&nbsp;<\/p>\n<p>&nbsp;<\/p>\n","protected":false},"excerpt":{"rendered":"<p>Cartagena de Indias, 10 de junio de 2025.- Ya quisiera cualquier equipo del f\u00fatbol colombiano tener el promedio de ingreso de la plaza de toros de Madrid: 21.432 espectadores. (El aforo es de 22.964 asientos). El estadio \u00abJaime Mor\u00f3n\u00bb de Cartagena de Indias, por ejemplo, no llega a esa cifra ni siquiera con alcalde y gobernador haciendo promoci\u00f3n y regalando boletas, y con toda alharaca en redes y medios. De las 27 tardes de toros, en 15 se agot\u00f3 la boleter\u00eda, y el ciclo tuvo un promedio de ocupaci\u00f3n del&#8230; <\/p>\n","protected":false},"author":3,"featured_media":57327,"comment_status":"closed","ping_status":"closed","sticky":false,"template":"","format":"standard","meta":{"footnotes":"","_links_to":"","_links_to_target":""},"categories":[41,1450,42],"tags":[290,285,394,708,2458,1618,2192,211,2459],"class_list":["post-57325","post","type-post","status-publish","format-standard","has-post-thumbnail","hentry","category-cultura","category-parasladers","category-cultura-toros","tag-cultura","tag-destacada","tag-ecologia","tag-libertad","tag-medio-ambiente","tag-san-isidro","tag-tauromaquia","tag-toros","tag-valores-humanos"],"_links":{"self":[{"href":"https:\/\/revistazetta.com\/index.php?rest_route=\/wp\/v2\/posts\/57325","targetHints":{"allow":["GET"]}}],"collection":[{"href":"https:\/\/revistazetta.com\/index.php?rest_route=\/wp\/v2\/posts"}],"about":[{"href":"https:\/\/revistazetta.com\/index.php?rest_route=\/wp\/v2\/types\/post"}],"author":[{"embeddable":true,"href":"https:\/\/revistazetta.com\/index.php?rest_route=\/wp\/v2\/users\/3"}],"replies":[{"embeddable":true,"href":"https:\/\/revistazetta.com\/index.php?rest_route=%2Fwp%2Fv2%2Fcomments&post=57325"}],"version-history":[{"count":0,"href":"https:\/\/revistazetta.com\/index.php?rest_route=\/wp\/v2\/posts\/57325\/revisions"}],"wp:featuredmedia":[{"embeddable":true,"href":"https:\/\/revistazetta.com\/index.php?rest_route=\/wp\/v2\/media\/57327"}],"wp:attachment":[{"href":"https:\/\/revistazetta.com\/index.php?rest_route=%2Fwp%2Fv2%2Fmedia&parent=57325"}],"wp:term":[{"taxonomy":"category","embeddable":true,"href":"https:\/\/revistazetta.com\/index.php?rest_route=%2Fwp%2Fv2%2Fcategories&post=57325"},{"taxonomy":"post_tag","embeddable":true,"href":"https:\/\/revistazetta.com\/index.php?rest_route=%2Fwp%2Fv2%2Ftags&post=57325"}],"curies":[{"name":"wp","href":"https:\/\/api.w.org\/{rel}","templated":true}]}}