{"id":57328,"date":"2025-06-10T13:24:59","date_gmt":"2025-06-10T18:24:59","guid":{"rendered":"https:\/\/revistazetta.com\/?p=57328"},"modified":"2025-06-10T13:24:59","modified_gmt":"2025-06-10T18:24:59","slug":"el-abismo-de-la-violencia-opinion-de-paloma-valencia","status":"publish","type":"post","link":"https:\/\/revistazetta.com\/?p=57328","title":{"rendered":"El abismo de la violencia &#8211; Opini\u00f3n de Paloma Valencia"},"content":{"rendered":"<blockquote><p><span style=\"color: #0000ff;\"><em>No podemos dejarnos llevar por el odio, por la venganza. Exijamos justicia<\/em><\/span><\/p><\/blockquote>\n<p><strong>Por Paloma Valencia. Bogot\u00e1, 10 de junio de 2025.<\/strong> La bala la dirigieron contra Miguel, pero nos pega a todos, debe pegarnos. Es un atentado contra la democracia, contra Colombia.<\/p>\n<p>He tratado de hacer una pausa, guardar silencio. Tres amaneceres donde tengo la impresi\u00f3n de que los colores de nuestro pa\u00eds desaparecieron. Una punzada en el pecho. Un vac\u00edo. Un vac\u00edo inmenso, como si el abismo que como naci\u00f3n hemos venido esquivando, de pronto, dejara de estar a nuestro lado, para situarse al frente.<\/p>\n<p>Estuve en Fontib\u00f3n a las afueras de la cl\u00ednica. Reinaba el silencio. Era la perplejidad con la que se contempla el abismo. Luego, esa misma noche, estuve en la Fundaci\u00f3n Santa Fe y el silencio se convirti\u00f3 en rabia. Mucha rabia. El abismo jal\u00e1ndonos con toda su fuerza.<\/p>\n<p>Abrac\u00e9 a Mar\u00eda Claudia, me habl\u00f3 de Alejandro \u2013tan cerca de su quinto cumplea\u00f1os\u2013. El parang\u00f3n con Miguel es inevitable, a esa misma edad sufri\u00f3 la p\u00e9rdida de su mam\u00e1. Pens\u00e9 en Amapola, a quien dej\u00e9 llorando. Me dijo toc\u00e1ndose el pecho que sent\u00eda algo ah\u00ed. Era la bala, que tambi\u00e9n le peg\u00f3.<\/p>\n<p>\u00c9ramos una generaci\u00f3n que hab\u00eda visto las heridas sobre sus padres, t\u00edos; uno que otro de nuestros hermanos \u2013cuando \u00e9ramos ni\u00f1os\u2013 fue secuestrado o asesinado. Pero confi\u00e1bamos en que exist\u00eda una posibilidad de dejar todo atr\u00e1s. Nuestros hijos no ten\u00edan heridas.<\/p>\n<p>Sal\u00edamos de un pa\u00eds en el cual para partes de la izquierda hab\u00eda violencias altruistas cuando buscaban justicia social, y para partes de la derecha hab\u00eda violencias que se justificaban en el derecho a defenderse. Est\u00e1bamos, cre\u00eda yo, transitando a una sociedad que rechazara toda al un\u00edsono la violencia. Donde, de un lado, pudi\u00e9ramos estar todos los dem\u00f3cratas, y del otro, los violentos. Esa divisi\u00f3n deber\u00eda ser definitiva, total. De manera que la derrota de la violencia ser\u00eda no solo necesaria, sino una real.<\/p>\n<p>La paz solo se construye cuando estamos claros en que de un lado estamos los dem\u00f3cratas de todas las fuerzas pol\u00edticas, y del otro, los violentos. Los violentos sin filiaciones, sin justificaci\u00f3n alguna.<\/p>\n<p>Y entonces esta bala, esta herida. Las alas rotas. Todo lo que pudo ser y ya no ser\u00e1. Miguel, que a\u00fan no tiene cuarenta a\u00f1os; sus anhelos, su fuerza, sus ideas, sus sue\u00f1os yacen en una cama, al borde de la muerte, y con ellos tambi\u00e9n las ilusiones de Colombia.<\/p>\n<p>El presidente Petro desde el inicio de su gobierno ha venido atenuando esa divisi\u00f3n entre violentos y dem\u00f3cratas. Lo hace para muchos de nosotros, cada vez que reivindica al M-19, porque no lo hace reivindicando el cese de la violencia, sino la lucha; no el acuerdo, sino la conquista del poder. El Presidente quiere borrar la l\u00ednea cuando les ofrece a los criminales subsidios por no matar, cuando les ofrece beneficios m\u00e1s all\u00e1 del sometimiento negociado reconoci\u00e9ndoles un estatus que no tienen, que nunca debieron tener. No existe derecho a la rebeld\u00eda violenta contra la democracia. El fin no justifica los medios.<\/p>\n<p>Petro desdibuja la l\u00ednea cuando dice que los enemigos de Colombia no son los violentos, sino los adversarios pol\u00edticos. Lo hace en sus discursos en los que anuncia que nos borrar\u00e1n. Cuando sostiene que todos los expresidentes son esclavistas y oligarcas contra los que \u00e9l lucha y el pueblo debe luchar para acabar con los gobiernos asesinos: Miguel es nieto de un presidente de esos, es un pol\u00edtico de oposici\u00f3n decretado enemigo del pueblo. \u00bfPuede verlo?<\/p>\n<p>Esa l\u00ednea entre los violentos y los dem\u00f3cratas es la \u00fanica manera de no caernos al abismo. No podemos dejarnos llevar por el odio, por la venganza. Exijamos justicia.<\/p>\n<p>El petrismo mantuvo una fiesta para atenuar la tristeza nacional, que deber\u00eda sentirse. Pasar por encima de lo que sucedi\u00f3 con Miguel no es resiliencia, es normalizar la violencia. Vivamos de frente este dolor, dejemos que el mundo se caiga, porque merece caerse por la vida de Miguel. El presidente Petro tiene que definir de qu\u00e9 lado de la l\u00ednea est\u00e1.<\/p>\n<p>Ha pasado algo terrible. Miguel no se est\u00e1 muriendo, lo est\u00e1n matando. La muerte no es evitable, pero la violencia s\u00ed. Esa es nuestra misi\u00f3n. Oremos a Dios por un milagro para Miguel.<\/p>\n<p><strong>A mi familia uribista:<\/strong> en el dolor jam\u00e1s el odio, ni la venganza ni la destrucci\u00f3n. Lo nuestro es la lucha democr\u00e1tica, la acci\u00f3n pol\u00edtica valiente y decidida por un mejor pa\u00eds, arriba la bandera ondeante y en nuestro coraz\u00f3n, amor por Colombia. Unidos y firmes.<\/p>\n<p><strong>Paloma Valencia<\/strong><br \/>\n<strong>Junio 10, 2025<\/strong><\/p>\n","protected":false},"excerpt":{"rendered":"<p>No podemos dejarnos llevar por el odio, por la venganza. Exijamos justicia Por Paloma Valencia. Bogot\u00e1, 10 de junio de 2025. La bala la dirigieron contra Miguel, pero nos pega a todos, debe pegarnos. Es un atentado contra la democracia, contra Colombia. He tratado de hacer una pausa, guardar silencio. Tres amaneceres donde tengo la impresi\u00f3n de que los colores de nuestro pa\u00eds desaparecieron. Una punzada en el pecho. Un vac\u00edo. Un vac\u00edo inmenso, como si el abismo que como naci\u00f3n hemos venido esquivando, de pronto, dejara de estar a&#8230; <\/p>\n","protected":false},"author":3,"featured_media":57329,"comment_status":"closed","ping_status":"closed","sticky":false,"template":"","format":"standard","meta":{"footnotes":"","_links_to":"","_links_to_target":""},"categories":[1450,4],"tags":[285,2461,2460,298],"class_list":["post-57328","post","type-post","status-publish","format-standard","has-post-thumbnail","hentry","category-parasladers","category-politica","tag-destacada","tag-miguel-uribe-turbay","tag-paloma-valencia","tag-politica"],"_links":{"self":[{"href":"https:\/\/revistazetta.com\/index.php?rest_route=\/wp\/v2\/posts\/57328","targetHints":{"allow":["GET"]}}],"collection":[{"href":"https:\/\/revistazetta.com\/index.php?rest_route=\/wp\/v2\/posts"}],"about":[{"href":"https:\/\/revistazetta.com\/index.php?rest_route=\/wp\/v2\/types\/post"}],"author":[{"embeddable":true,"href":"https:\/\/revistazetta.com\/index.php?rest_route=\/wp\/v2\/users\/3"}],"replies":[{"embeddable":true,"href":"https:\/\/revistazetta.com\/index.php?rest_route=%2Fwp%2Fv2%2Fcomments&post=57328"}],"version-history":[{"count":0,"href":"https:\/\/revistazetta.com\/index.php?rest_route=\/wp\/v2\/posts\/57328\/revisions"}],"wp:featuredmedia":[{"embeddable":true,"href":"https:\/\/revistazetta.com\/index.php?rest_route=\/wp\/v2\/media\/57329"}],"wp:attachment":[{"href":"https:\/\/revistazetta.com\/index.php?rest_route=%2Fwp%2Fv2%2Fmedia&parent=57328"}],"wp:term":[{"taxonomy":"category","embeddable":true,"href":"https:\/\/revistazetta.com\/index.php?rest_route=%2Fwp%2Fv2%2Fcategories&post=57328"},{"taxonomy":"post_tag","embeddable":true,"href":"https:\/\/revistazetta.com\/index.php?rest_route=%2Fwp%2Fv2%2Ftags&post=57328"}],"curies":[{"name":"wp","href":"https:\/\/api.w.org\/{rel}","templated":true}]}}