{"id":57348,"date":"2025-06-11T12:31:28","date_gmt":"2025-06-11T17:31:28","guid":{"rendered":"https:\/\/revistazetta.com\/?p=57348"},"modified":"2025-06-11T12:31:28","modified_gmt":"2025-06-11T17:31:28","slug":"delaaalazetta-estare-en-el-tarjeton-de-camara-por-bolivar-con-el-numero-103-angela-vergara","status":"publish","type":"post","link":"https:\/\/revistazetta.com\/?p=57348","title":{"rendered":"#DelaAalaZetta: \u201cEstar\u00e9 en el tarjet\u00f3n de C\u00e1mara por Bol\u00edvar con el n\u00famero 103&#8243; &#8211; \u00c1ngela Vergara"},"content":{"rendered":"<p><strong>Cartagena de Indias, 11 de junio de 2025.-<\/strong> Por convicci\u00f3n se adentr\u00f3 en el Partido Conservador, es de las pocas que se sabe de memoria y canta el himno de su partido, y desde los 16 a\u00f1os ha militado cumpliendo diferentes roles, hasta llegar al Congreso de la Rep\u00fablica, dejando en claro que buscar\u00e1 la reelecci\u00f3n en marzo pr\u00f3ximo. Incluso, vaticina que los conservadores lograr\u00e1n cinco de las seis curules en disputa.<\/p>\n<p><img loading=\"lazy\" decoding=\"async\" class=\"alignnone size-medium wp-image-57351\" src=\"https:\/\/revistazetta.com\/wp-content\/uploads\/2025\/06\/Angela-3-500x281.jpg\" alt=\"\" width=\"500\" height=\"281\" srcset=\"https:\/\/revistazetta.com\/wp-content\/uploads\/2025\/06\/Angela-3-500x281.jpg 500w, https:\/\/revistazetta.com\/wp-content\/uploads\/2025\/06\/Angela-3-1024x576.jpg 1024w, https:\/\/revistazetta.com\/wp-content\/uploads\/2025\/06\/Angela-3-250x141.jpg 250w, https:\/\/revistazetta.com\/wp-content\/uploads\/2025\/06\/Angela-3.jpg 1280w\" sizes=\"auto, (max-width: 500px) 100vw, 500px\" \/><\/p>\n<p><iframe loading=\"lazy\" title=\"YouTube video player\" src=\"https:\/\/www.youtube.com\/embed\/2Gno4DFzERQ?si=0d7dhMQkgpwYh304\" width=\"560\" height=\"315\" frameborder=\"0\" allowfullscreen=\"allowfullscreen\"><\/iframe><\/p>\n<p>La dirigente comparti\u00f3 su experiencia como madre y congresista a la vez, y lo duros momentos que a veces tiene para viajar a Bogot\u00e1, dejando a sus hijos en Cartagena. En lo musical, se atrevi\u00f3 a cantar la obra insigne del maestro Adolfo Pacheco \u201cLa hamaca grande\u201d, y lo hizo muy bien.<\/p>\n<p><img loading=\"lazy\" decoding=\"async\" class=\"alignnone size-medium wp-image-57350\" src=\"https:\/\/revistazetta.com\/wp-content\/uploads\/2025\/06\/Angela-1-500x281.jpg\" alt=\"\" width=\"500\" height=\"281\" srcset=\"https:\/\/revistazetta.com\/wp-content\/uploads\/2025\/06\/Angela-1-500x281.jpg 500w, https:\/\/revistazetta.com\/wp-content\/uploads\/2025\/06\/Angela-1-1024x576.jpg 1024w, https:\/\/revistazetta.com\/wp-content\/uploads\/2025\/06\/Angela-1-250x141.jpg 250w, https:\/\/revistazetta.com\/wp-content\/uploads\/2025\/06\/Angela-1.jpg 1280w\" sizes=\"auto, (max-width: 500px) 100vw, 500px\" \/><\/p>\n<p>\u00c1ngela Vergara Gonz\u00e1lez es invitada especial en la sexta temporada del programa de entrevistas musicales \u201cDe la A a la Zetta\u201d, con John Zamora, a trav\u00e9s de sistema informativo de Revista Zetta <a href=\"http:\/\/www.revistazetta.com\">www.revistazetta.com<\/a><\/p>\n<p><img loading=\"lazy\" decoding=\"async\" class=\"alignnone size-medium wp-image-57354\" src=\"https:\/\/revistazetta.com\/wp-content\/uploads\/2025\/06\/Angela-13-288x333.jpg\" alt=\"\" width=\"288\" height=\"333\" srcset=\"https:\/\/revistazetta.com\/wp-content\/uploads\/2025\/06\/Angela-13-288x333.jpg 288w, https:\/\/revistazetta.com\/wp-content\/uploads\/2025\/06\/Angela-13-140x162.jpg 140w, https:\/\/revistazetta.com\/wp-content\/uploads\/2025\/06\/Angela-13.jpg 716w\" sizes=\"auto, (max-width: 288px) 100vw, 288px\" \/><\/p>\n<p>Los programas completos se pueden apreciar en nuestro canal YouTube @Revista Zetta y en nuestra cuenta de Facebook @RevistaZetta.<\/p>\n<p>Adem\u00e1s, un resumen de lo mejor de cada entrevista en los reels e historias en nuestras cuentas de Instagram @revista.zetta y TikTok @revistazetta<\/p>\n<p><img loading=\"lazy\" decoding=\"async\" class=\"alignnone size-medium wp-image-57352\" src=\"https:\/\/revistazetta.com\/wp-content\/uploads\/2025\/06\/Angela-9-500x281.jpg\" alt=\"\" width=\"500\" height=\"281\" srcset=\"https:\/\/revistazetta.com\/wp-content\/uploads\/2025\/06\/Angela-9-500x281.jpg 500w, https:\/\/revistazetta.com\/wp-content\/uploads\/2025\/06\/Angela-9-1024x576.jpg 1024w, https:\/\/revistazetta.com\/wp-content\/uploads\/2025\/06\/Angela-9-250x141.jpg 250w, https:\/\/revistazetta.com\/wp-content\/uploads\/2025\/06\/Angela-9.jpg 1280w\" sizes=\"auto, (max-width: 500px) 100vw, 500px\" \/> <img loading=\"lazy\" decoding=\"async\" class=\"alignnone size-medium wp-image-57353\" src=\"https:\/\/revistazetta.com\/wp-content\/uploads\/2025\/06\/Angela-10-500x281.jpg\" alt=\"\" width=\"500\" height=\"281\" srcset=\"https:\/\/revistazetta.com\/wp-content\/uploads\/2025\/06\/Angela-10-500x281.jpg 500w, https:\/\/revistazetta.com\/wp-content\/uploads\/2025\/06\/Angela-10-1024x576.jpg 1024w, https:\/\/revistazetta.com\/wp-content\/uploads\/2025\/06\/Angela-10-250x141.jpg 250w, https:\/\/revistazetta.com\/wp-content\/uploads\/2025\/06\/Angela-10.jpg 1280w\" sizes=\"auto, (max-width: 500px) 100vw, 500px\" \/><\/p>\n<p>&nbsp;<\/p>\n","protected":false},"excerpt":{"rendered":"<p>Cartagena de Indias, 11 de junio de 2025.- Por convicci\u00f3n se adentr\u00f3 en el Partido Conservador, es de las pocas que se sabe de memoria y canta el himno de su partido, y desde los 16 a\u00f1os ha militado cumpliendo diferentes roles, hasta llegar al Congreso de la Rep\u00fablica, dejando en claro que buscar\u00e1 la reelecci\u00f3n en marzo pr\u00f3ximo. Incluso, vaticina que los conservadores lograr\u00e1n cinco de las seis curules en disputa. La dirigente comparti\u00f3 su experiencia como madre y congresista a la vez, y lo duros momentos que a&#8230; <\/p>\n","protected":false},"author":3,"featured_media":57349,"comment_status":"closed","ping_status":"closed","sticky":false,"template":"","format":"standard","meta":{"footnotes":"","_links_to":"","_links_to_target":""},"categories":[1344,1450],"tags":[425,549,285,2451,115,454],"class_list":["post-57348","post","type-post","status-publish","format-standard","has-post-thumbnail","hentry","category-de-la-a-a-la-zetta","category-parasladers","tag-angela-vergara","tag-de-la-a-a-la-zetta","tag-destacada","tag-elecciones-2026","tag-john-zamora","tag-partido-conservador"],"_links":{"self":[{"href":"https:\/\/revistazetta.com\/index.php?rest_route=\/wp\/v2\/posts\/57348","targetHints":{"allow":["GET"]}}],"collection":[{"href":"https:\/\/revistazetta.com\/index.php?rest_route=\/wp\/v2\/posts"}],"about":[{"href":"https:\/\/revistazetta.com\/index.php?rest_route=\/wp\/v2\/types\/post"}],"author":[{"embeddable":true,"href":"https:\/\/revistazetta.com\/index.php?rest_route=\/wp\/v2\/users\/3"}],"replies":[{"embeddable":true,"href":"https:\/\/revistazetta.com\/index.php?rest_route=%2Fwp%2Fv2%2Fcomments&post=57348"}],"version-history":[{"count":0,"href":"https:\/\/revistazetta.com\/index.php?rest_route=\/wp\/v2\/posts\/57348\/revisions"}],"wp:featuredmedia":[{"embeddable":true,"href":"https:\/\/revistazetta.com\/index.php?rest_route=\/wp\/v2\/media\/57349"}],"wp:attachment":[{"href":"https:\/\/revistazetta.com\/index.php?rest_route=%2Fwp%2Fv2%2Fmedia&parent=57348"}],"wp:term":[{"taxonomy":"category","embeddable":true,"href":"https:\/\/revistazetta.com\/index.php?rest_route=%2Fwp%2Fv2%2Fcategories&post=57348"},{"taxonomy":"post_tag","embeddable":true,"href":"https:\/\/revistazetta.com\/index.php?rest_route=%2Fwp%2Fv2%2Ftags&post=57348"}],"curies":[{"name":"wp","href":"https:\/\/api.w.org\/{rel}","templated":true}]}}